{"id":4223,"date":"2018-02-08T18:51:56","date_gmt":"2018-02-08T16:51:56","guid":{"rendered":"https:\/\/centers.ulbsibiu.ro\/ccsprise\/lact\/?p=4223"},"modified":"2018-02-08T18:51:56","modified_gmt":"2018-02-08T16:51:56","slug":"infotag-md-reprezentantul-mae-al-rusiei-s-a-intalnit-cu-conducerea-raionului-dubasari","status":"publish","type":"post","link":"https:\/\/centers.ulbsibiu.ro\/ccsprise\/lact\/infotag-md-reprezentantul-mae-al-rusiei-s-a-intalnit-cu-conducerea-raionului-dubasari\/","title":{"rendered":"Infotag.md &#8211; REPREZENTANTUL MAE AL RUSIEI S-A \u00ceNT\u00c2LNIT CU CONDUCEREA RAIONULUI DUB\u0102SARI"},"content":{"rendered":"<p>Ambasadorul cu misiuni speciale al Rusiei, Serghei Gubarev, a vizitat \u00een ajun raionul Dub\u0103sari, fiind \u00eenso\u0163it de ministrul Afacerilor Externe al autoproclamatei RMN, Vitalii Ignatiev. La \u00eentrevederea de la Dub\u0103sari au participat \u015feful administra\u0163iei ora\u015fului, Ruslan Ceban, \u015fi pre\u015fedintele raionului, Grigore Policinschi.<\/p>\n<p>Potrivit agen\u0163iei INFOTAG, Policinschi a scris pe pagina sa de facebook c\u0103 subiectul principal al discu\u0163iilor a fost \u201erestabilirea dreptului \u021b\u0103ranilor, agen\u021bilor economici, proprietarilor, institu\u021biilor si posesorilor de drept pentru a avea acces \u015fi posibilitatea de prelucrare a p\u0103m\u00e2ntului amplasat dup\u0103 traseul Tiraspol-Dub\u0103sari-R\u00eebni\u0163a\u201d.<\/p>\n<p>El a men\u0163ionat \u201enecesitatea de a stabili un dialog permanent \u00eentre administra\u021biile locale \u015fi centrale de pe ambele maluri ale Nistrului, inclusiv pentru a asigura drepturile \u015fi necesit\u0103\u0163ile locuitorilor de toate na\u0163ionalit\u0103\u0163ile ce tr\u0103iesc pe ambele maluri la libera circula\u021bie, precum \u015fi pentru a dezvolta rela\u021biile economice, sociale \u015fi umanitare\u201d.<\/p>\n<p>Potrivit lui, Gubarev a sprijinit aceast\u0103 pozi\u0163ie, confirm\u00e2nd interesul p\u0103r\u0163ii ruse \u00een solu\u0163ionarea problemei p\u0103m\u00e2ntului \u201eprin \u00een\u0163elegere reciproc\u0103 \u015fi compromis\u201d.<\/p>\n<p>Policinschi a remarcat c\u0103 \u00eentrevederea \u201ea fost una grea, dar sincer\u0103 \u015fi necesar\u0103\u201d.<\/p>\n<p>\u201ePentru prima dat\u0103 \u00een mai mul\u021bi ani am reu\u015fit s\u0103 ne \u00eent\u00e2lnim, s\u0103 ne auzim unul pe altul, s\u0103 ne exprim\u0103m opiniile pentru a g\u0103si solu\u021bii \u00een comun, \u00een interesul oamenilor simpli din satele noastre. Mai sunt \u00eens\u0103 \u015fi unele declara\u021bii neclare, condi\u021bii eronate, dar este important ca s-a \u00eenceput dialogul direct. Astfel, vreau s\u0103 apreciez inten\u021biile \u015fi ac\u021biunile conducerii de v\u00e2rf a statului, a Guvernului, \u00een special, noua conducere responsabil\u0103 de reintegrarea \u0163\u0103rii, Cristina Lesnic, precum \u015fi ac\u0163iunile autorit\u0103\u021bilor din st\u00e2nga Nistrului, care \u00een ultimul timp depun un efort considerabil pentru a \u00eembun\u0103t\u0103\u021bi climatul \u015fi dialogul \u00eentre autorit\u0103\u021bile de pe ambele maluri a Nistrului, care trebuie s\u0103 fie sus\u021binut \u015fi \u00een continuare, c\u0103ci este \u00een interesul na\u021bional al nostru\u201d, a scris el.<\/p>\n<p>Pre\u015fedintele raionului \u015fi-a exprimat speran\u0163a c\u0103 \u201epartenerii de dezvoltare, societatea civil\u0103 \u015fi autorit\u0103\u021bile vor \u00eentreprinde m\u0103surile necesare pentru a apropia cele dou\u0103 maluri, care va duce la reintegrarea pa\u0219nica a Moldovei\u201d.<\/p>\n<p>Dup\u0103 cum a informat anterior INFOTAG, problema terenurilor \u00een Dub\u0103sari a ap\u0103rut \u00een 1999, c\u00e2nd vame\u015fii transnistreni au \u00eenceput s\u0103 le pun\u0103 piedici fermierilor moldoveni \u00een traversarea drumului, ca s\u0103-\u015fi cultive terenurile. Totodat\u0103, ei au fost obliga\u0163i s\u0103 pl\u0103teasc\u0103 impozite \u015fi taxe pentru culturile exportate. \u00cen cele din urm\u0103, mul\u0163i au refuzat s\u0103 mai cultive terenurile. Este vorba de circa 6,5 mii de hectare de terenuri agricole, \u00een care 5,6 mii de s\u0103teni sunt proprietari, cu documentele corespunz\u0103toare eliberate de c\u0103tre autorit\u0103\u0163ile competente ale Republicii Moldova.<\/p>\n<p>Problema accesului \u0163\u0103ranilor la terenurile lor este una dintre principalele probleme ridicate de Moldova la toate platformele \u00een procesul de reglementare transnistrean\u0103. \u00cen cadrul \u015fedin\u0163ei din 25 noiembrie 2017, reprezentan\u0163ii politici din Moldova \u015fi Transnistria au reu\u015fit s\u0103 semneze o decizie de protocol privind unele m\u0103suri de solu\u0163ionare a problemelor legate de utilizarea terenurilor agricole situate \u00een raionul Dub\u0103sari, dup\u0103 autostrada Tiraspol-Camenca.<\/p>\n<p>\u00cen vederea \u00eendeplinirii deciziei, s\u0103pt\u0103m\u00e2na trecut\u0103, Guvernul Transnistriei a adoptat o hot\u0103r\u00e2re care prevede \u201ereglementarea problemelor utiliz\u0103rii terenurilor \u015fi crearea condi\u0163iilor optime pentru activitatea produc\u0103torilor agricoli \u00een raionul Dub\u0103sari\u201d.<\/p>\n<p>Potrivit acesteia, pentru prelucrarea p\u0103m\u00e2ntului de c\u0103tre persoanele fizice \u015fi juridice din satele Doro\u0163caia, P\u00eer\u00eeta, Co\u015fni\u0163a, Pogrebea, Cocieri, Molovata Nou\u0103, Vasilievca, ace\u015ftia trebuie s\u0103 ob\u0163in\u0103 certificatul de la administra\u0163ia raionului \u00een baza \u201ecererii, documentelor \u015fi \u00een ordinea stabilit\u0103 de Ministerul Agriculturii \u015fi Resurselor Naturale al RMN \u015fi \u00een coordonare cu Ministerul Afacerilor Externe, \u0163in\u00e2nd cont de acordurile semnate \u00een cadrul procesului de negocieri cu RM\u201d.<\/p>\n<p>\u00cenregistrarea simplificat\u0103 special\u0103 a utilizatorilor de terenuri \u015fi eliberarea certificatului respectiv se efectueaz\u0103 gratuit, \u00een termen de 30 de zile de la data depunerii cererii \u015fi a documentelor. Valabilitatea certificatului este de p\u00e2n\u0103 la cinci ani.<\/p>\n<p>Conform hot\u0103r\u00e2rii, cet\u0103\u0163enii Moldovei care de\u0163in \u00een proprietate \u201eterenuri agricole \u00een raionul Dub\u0103sari din RMN, la nord-est de drumul Tiraspol-Camenca, le vor putea cultiva \u015fi \u00ee\u015fi vor putea lua recolta \u00een baza unui certificat de \u00eenregistrare simplificat\u0103 special\u0103 \u00een calitate de utilizatori de terenuri\u201d.<\/p>\n<p>Sursa:<\/p>\n<p><a href=\"http:\/\/www.infotag.md\/rebelion-ro\/259437\/\">http:\/\/www.infotag.md\/rebelion-ro\/259437\/<\/a><\/p>\n","protected":false},"excerpt":{"rendered":"<p>Ambasadorul cu misiuni speciale al Rusiei, Serghei Gubarev, a vizitat \u00een ajun raionul Dub\u0103sari, fiind \u00eenso\u0163it de ministrul Afacerilor Externe al autoproclamatei RMN, Vitalii Ignatiev. La \u00eentrevederea de la Dub\u0103sari au participat \u015feful administra\u0163iei ora\u015fului, Ruslan Ceban, \u015fi pre\u015fedintele raionului, Grigore Policinschi. Potrivit agen\u0163iei INFOTAG, Policinschi a scris pe pagina sa de facebook c\u0103 subiectul&#8230;<\/p>\n","protected":false},"author":2,"featured_media":0,"comment_status":"closed","ping_status":"open","sticky":false,"template":"","format":"standard","meta":[],"categories":[1],"tags":[],"_links":{"self":[{"href":"https:\/\/centers.ulbsibiu.ro\/ccsprise\/lact\/wp-json\/wp\/v2\/posts\/4223"}],"collection":[{"href":"https:\/\/centers.ulbsibiu.ro\/ccsprise\/lact\/wp-json\/wp\/v2\/posts"}],"about":[{"href":"https:\/\/centers.ulbsibiu.ro\/ccsprise\/lact\/wp-json\/wp\/v2\/types\/post"}],"author":[{"embeddable":true,"href":"https:\/\/centers.ulbsibiu.ro\/ccsprise\/lact\/wp-json\/wp\/v2\/users\/2"}],"replies":[{"embeddable":true,"href":"https:\/\/centers.ulbsibiu.ro\/ccsprise\/lact\/wp-json\/wp\/v2\/comments?post=4223"}],"version-history":[{"count":1,"href":"https:\/\/centers.ulbsibiu.ro\/ccsprise\/lact\/wp-json\/wp\/v2\/posts\/4223\/revisions"}],"predecessor-version":[{"id":4224,"href":"https:\/\/centers.ulbsibiu.ro\/ccsprise\/lact\/wp-json\/wp\/v2\/posts\/4223\/revisions\/4224"}],"wp:attachment":[{"href":"https:\/\/centers.ulbsibiu.ro\/ccsprise\/lact\/wp-json\/wp\/v2\/media?parent=4223"}],"wp:term":[{"taxonomy":"category","embeddable":true,"href":"https:\/\/centers.ulbsibiu.ro\/ccsprise\/lact\/wp-json\/wp\/v2\/categories?post=4223"},{"taxonomy":"post_tag","embeddable":true,"href":"https:\/\/centers.ulbsibiu.ro\/ccsprise\/lact\/wp-json\/wp\/v2\/tags?post=4223"}],"curies":[{"name":"wp","href":"https:\/\/api.w.org\/{rel}","templated":true}]}}