{"id":4221,"date":"2018-02-08T16:57:09","date_gmt":"2018-02-08T14:57:09","guid":{"rendered":"https:\/\/centers.ulbsibiu.ro\/ccsprise\/lact\/?p=4221"},"modified":"2018-02-08T16:57:09","modified_gmt":"2018-02-08T14:57:09","slug":"gov-md-rezultatele-intrevederii-istorice-din-or-dubasari-au-fost-discutate-de-catre-viceprim-ministrul-cristina-lesnic-si-reprezentantul-special-al-federatiei-ruse-in-reglementarea-transnistreana-s","status":"publish","type":"post","link":"https:\/\/centers.ulbsibiu.ro\/ccsprise\/lact\/gov-md-rezultatele-intrevederii-istorice-din-or-dubasari-au-fost-discutate-de-catre-viceprim-ministrul-cristina-lesnic-si-reprezentantul-special-al-federatiei-ruse-in-reglementarea-transnistreana-s\/","title":{"rendered":"Gov.md &#8211; Rezultatele \u00eentrevederii istorice din or. Dub\u0103sari au fost discutate de c\u0103tre Viceprim-ministrul Cristina Lesnic \u0219i Reprezentantul Special al Federa\u021biei Ruse \u00een reglementarea transnistrean\u0103 Serghei Gubarev"},"content":{"rendered":"<p>Ast\u0103zi, 08 februarie, Viceprim-ministrul Cristina Lesnic a avut o \u00eentrevedere cu Reprezentantul Special al Federa\u021biei Ruse \u00een reglementarea transnistrean\u0103 Serghei Gubarev.<\/p>\n<p>Scopul \u00eentrevederii a constat \u00een efectuarea unui schimb de opinii dup\u0103 evenimentul important din 07 februarie 2018 din or.Dub\u0103sari, unde s-a desf\u0103\u0219urat o \u00eent\u00e2lnire de lucru istoric\u0103 dintre conduc\u0103torii structurilor locale ale raionului Dub\u0103sari de pe ambele maluri ale Nistrului Grigore Policinschi \u0219i Ruslan Ceaban, cu participarea Ambasadorului cu misiuni speciale al Ministerului Afacerilor Externe din Federa\u021bia Rusa \u0219i a reprezentantului politic de la Tiraspol Vitalii Ignatiev.<\/p>\n<p>Aceast\u0103 \u00eent\u00e2lnire a fost posibil\u0103 gra\u021bie \u00een\u021belegerii convenite \u00eentre reprezentan\u021bii politici \u00een procesul de negocieri pentru reglementarea transnistrean\u0103 din partea Chi\u0219in\u0103ului \u0219i Tiraspolului Cristina Lesnic \u0219i Vitalii Ignatiev \u0219i a reflectat o deschidere pozitiv\u0103 a p\u0103r\u021bilor \u00eentru a purta un dialog constructiv \u0219i de substan\u021b\u0103, cu eliminarea dup\u0103 o perioad\u0103 de mai mul\u021bi a restric\u021biei de liber\u0103 circula\u021bie pentru Pre\u0219edintele Consiliului raional Dub\u0103sari.<\/p>\n<p>Subiectul central al discu\u021biei din 07 februarie 2018 a vizat m\u0103surile \u00eentreprinse de c\u0103tre p\u0103r\u021bi \u00eentru a implementa prevederile Deciziei protocolare din 25 noiembrie 2017 \u201cCu privire la unele m\u0103suri de reglementare a problemelor legate de realizarea \u201cMecanismului din anul 2006\u201d referitor la utilizarea terenurilor agricole, amplasate \u00een raionul Dub\u0103sari, dup\u0103 traseul Tiraspol-Camenca\u201d, partea moldoveneasc\u0103 accentu\u00e2nd necesitarea urgent\u0103rii proceselor \u00een leg\u0103tura cu apropierea perioadei de sem\u0103nare a primelor culturi de prim\u0103var\u0103, dar \u0219i a clarific\u0103rii responsabililor de resort la care urmeaz\u0103 a fi depuse seturile de documente ale fermierilor pentru a le fi asigurat accesul la terenurile arabile de dup\u0103 traseu.<\/p>\n<p>Reprezentantul Special al Federa\u021biei Ruse a apreciat evenimentul din or.Dub\u0103sari ca fiind unul pozitiv \u0219i productiv, \u00een cadrul c\u0103ruia ambele p\u0103r\u021bi au manifestat dorin\u021ba de a solu\u021biona problemele stringente, fiind relevat\u0103 \u0219i situa\u021bia existen\u021bei multiplelor bariere artificiale ce necesit\u0103 a fi eliminate.<\/p>\n<p>Vicepremierul a punctat necesitatea de a fi duse la un bun sf\u00e2r\u0219it procesele ini\u021biate, astfel \u00eenc\u00e2t \u00een perioada apropiat\u0103 accesul la terenuri s\u0103 fie restabilit, primele lucr\u0103ri de prim\u0103var\u0103 s\u0103 fie \u00eencepute, circula\u021bia nestingherit\u0103 pe linia administrativ\u0103 s\u0103 fie asigurat\u0103 \u0219i recoltele agricole s\u0103 fie colectate \u00een anul curent.<\/p>\n<p>Sursa:<\/p>\n<p><a href=\"http:\/\/gov.md\/ro\/content\/rezultatele-intrevederii-istorice-din-or-dubasari-au-fost-discutate-de-catre-viceprim\">http:\/\/gov.md\/ro\/content\/rezultatele-intrevederii-istorice-din-or-dubasari-au-fost-discutate-de-catre-viceprim<\/a><\/p>\n","protected":false},"excerpt":{"rendered":"<p>Ast\u0103zi, 08 februarie, Viceprim-ministrul Cristina Lesnic a avut o \u00eentrevedere cu Reprezentantul Special al Federa\u021biei Ruse \u00een reglementarea transnistrean\u0103 Serghei Gubarev. Scopul \u00eentrevederii a constat \u00een efectuarea unui schimb de opinii dup\u0103 evenimentul important din 07 februarie 2018 din or.Dub\u0103sari, unde s-a desf\u0103\u0219urat o \u00eent\u00e2lnire de lucru istoric\u0103 dintre conduc\u0103torii structurilor locale ale raionului Dub\u0103sari&#8230;<\/p>\n","protected":false},"author":2,"featured_media":0,"comment_status":"closed","ping_status":"open","sticky":false,"template":"","format":"standard","meta":[],"categories":[1],"tags":[],"_links":{"self":[{"href":"https:\/\/centers.ulbsibiu.ro\/ccsprise\/lact\/wp-json\/wp\/v2\/posts\/4221"}],"collection":[{"href":"https:\/\/centers.ulbsibiu.ro\/ccsprise\/lact\/wp-json\/wp\/v2\/posts"}],"about":[{"href":"https:\/\/centers.ulbsibiu.ro\/ccsprise\/lact\/wp-json\/wp\/v2\/types\/post"}],"author":[{"embeddable":true,"href":"https:\/\/centers.ulbsibiu.ro\/ccsprise\/lact\/wp-json\/wp\/v2\/users\/2"}],"replies":[{"embeddable":true,"href":"https:\/\/centers.ulbsibiu.ro\/ccsprise\/lact\/wp-json\/wp\/v2\/comments?post=4221"}],"version-history":[{"count":1,"href":"https:\/\/centers.ulbsibiu.ro\/ccsprise\/lact\/wp-json\/wp\/v2\/posts\/4221\/revisions"}],"predecessor-version":[{"id":4222,"href":"https:\/\/centers.ulbsibiu.ro\/ccsprise\/lact\/wp-json\/wp\/v2\/posts\/4221\/revisions\/4222"}],"wp:attachment":[{"href":"https:\/\/centers.ulbsibiu.ro\/ccsprise\/lact\/wp-json\/wp\/v2\/media?parent=4221"}],"wp:term":[{"taxonomy":"category","embeddable":true,"href":"https:\/\/centers.ulbsibiu.ro\/ccsprise\/lact\/wp-json\/wp\/v2\/categories?post=4221"},{"taxonomy":"post_tag","embeddable":true,"href":"https:\/\/centers.ulbsibiu.ro\/ccsprise\/lact\/wp-json\/wp\/v2\/tags?post=4221"}],"curies":[{"name":"wp","href":"https:\/\/api.w.org\/{rel}","templated":true}]}}