{"id":4219,"date":"2018-02-08T16:51:50","date_gmt":"2018-02-08T14:51:50","guid":{"rendered":"https:\/\/centers.ulbsibiu.ro\/ccsprise\/lact\/?p=4219"},"modified":"2018-02-08T16:51:50","modified_gmt":"2018-02-08T14:51:50","slug":"sputnik-md-tiraspolul-declara-ca-este-gata-pentru-o-noua-runda-de-negocieri","status":"publish","type":"post","link":"https:\/\/centers.ulbsibiu.ro\/ccsprise\/lact\/sputnik-md-tiraspolul-declara-ca-este-gata-pentru-o-noua-runda-de-negocieri\/","title":{"rendered":"Sputnik.md &#8211; Tiraspolul declar\u0103 c\u0103 este gata pentru o nou\u0103 rund\u0103 de negocieri"},"content":{"rendered":"<div class=\"b-article__lead\">\n<p>Ambasadorul cu \u00eens\u0103rcin\u0103ri speciale al MAE al Federa\u021biei Ruse, Serghei Gubarev, a f\u0103cut bilan\u021bul vizitelor \u00eentreprinse la Chi\u0219in\u0103u \u0219i Tiraspol, \u00een cadrul c\u0103rora a avut \u00eent\u00e2lniri cu noul vicepremier al Republicii Moldova \u0219i cu responsabilul pentru afacerile externe al regiunii transnistrene.<\/p>\n<\/div>\n<div class=\"b-article__text\">\n<p><b>TIRASPOL, 8 feb\u00a0\u2014 Sputnik, Irina Leahova.<\/b> Reprezentna\u021bii malului st\u00e2ng al Nistrului sper\u0103 c\u0103 negocierile dintre Chi\u0219in\u0103u \u0219i Tiraspol vor fi reluate s\u0103pt\u0103m\u00e2na viitoare. Aceast\u0103 speran\u021b\u0103 a fost expus\u0103 de c\u0103tre responsabilul pentru afacerile externe al Transnistriei, Vitali Ignatiev, \u00een cadrul \u00eent\u00e2lnirii cu ambasadorul cu \u00eens\u0103rcin\u0103ri speciale al MAE al Federa\u021biei Ruse, Serghei Gubarev.<\/p>\n<div class=\"b-inject m-inject-min\">\n<div class=\"b-inject__content\">\u201eTransnistria era gata \u00eenc\u0103 de la \u00eent\u00e2i ianuarie pentru o nou\u0103 \u00eent\u00e2lnire a reprezentan\u021bilor politici. Consider\u0103m c\u0103 este posibil ca aceasta s\u0103 aib\u0103 loc la mijlocul s\u0103pt\u0103m\u00e2nii viitoare. Acum urmeaz\u0103 s\u0103 coordon\u0103m \u00een regim de lucru toate detaliile&#8221;, a subliniat diplomatul transnistrean.<\/div>\n<\/div>\n<p>Totodat\u0103, Ignatiev \u0219i-a exprimat speran\u021ba c\u0103 viitoarea \u00eent\u00e2lnire va releva momentele principale ale realiz\u0103rii acordurilor \u00eencheiate anterior \u00eentre p\u0103r\u021bi. Mai mult ca at\u00e2t, Ignatiev a men\u021bionat c\u0103 multe aspecte, necesare pentru \u00eendeplinirea actelor semnate anterior, sunt deja introduse \u00een legisla\u021bia Transnistriei.<\/p>\n<p>\u201eChi\u0219in\u0103ul cunoa\u0219te acest lucru. \u00centr-adev\u0103r, actualmente este necesar de a asculta \u0219i vedea care sunt ac\u021biunile concrete \u00eentreprinse de Chi\u0219in\u0103u&#8221;, a spus responsabilul pentru afacerile externe al Transnistriei.<\/p>\n<p>Serghei Gubarev a men\u021bionat caracterul pozitiv al rezultatelor ob\u021binute \u00een procesul de negocieri din anul trecut.<\/p>\n<p>\u201eCea mai important\u0103 sarcin\u0103 const\u0103 \u00een faptul ca aceste \u201ecuvinte frumoase&#8221; s\u0103 nu r\u0103m\u00e2n\u0103 doar pe h\u00e2rtie, s\u0103 fie realizate acordurile la care s-a ajuns la sf\u00e2r\u0219itul anului trecut&#8221;, a precizat diplomatul rus.<\/p>\n<p>Acesta a vorbit de asemenea despre \u00eent\u00e2lnirea cu noul vicepremier al Moldovei Cristina Lesnic, care a avut loc \u00een ajunul sosirii sale la Tiraspol, \u0219i a men\u021bionat atitudinea pozitiv\u0103 \u0219i activ\u0103 a noului negociator din partea Chi\u0219in\u0103ului.<\/p>\n<p>\u201eDoamna Lesnic este plin\u0103 de optimism \u0219i chiar \u201ecocheteaz\u0103&#8221; cu termene concrete de adoptare a deciziilor finale \u00een privin\u021ba unui \u0219ir \u00eentreg de probleme incluse \u00een Protocolul de la Vene\u021bia \u00een anul 2017. Domnia sa men\u021bioneaz\u0103 cu satisfac\u021bie pa\u0219ii care au fost f\u0103cu\u021bi de c\u0103tre partea transnistrean\u0103 \u00een vederea solu\u021bion\u0103rii acestor probleme&#8221;, a specificat Gubarev.<\/p>\n<p>Potrivit acestuia, \u00een discu\u021bia cu noul viceministru a fost abordat \u0219i subiectul pre\u0219edin\u021biei Italiei \u00een anul 2018 \u00een OSCE, organiza\u021bie interna\u021bional\u0103 ce se ocup\u0103 de reglementarea conflictelor.<\/p>\n<p>\u201eMi-e team\u0103 ca aceast\u0103 tem\u0103 s\u0103 nu devin\u0103 una sensibil\u0103. Se creeaz\u0103 impresia c\u0103 domnul Frattini inten\u021bioneaz\u0103 s\u0103 mearg\u0103 pe calea gre\u0219it\u0103 a predecesorului s\u0103u austriac. Deocamdat\u0103, nici colegii no\u0219tri moldoveni, nici eu, nu avem idee c\u00e2nd are de g\u00e2nd s\u0103 soseasc\u0103 \u00een regiune, care sunt planurile sale&#8221;, a men\u021bionat diplomatul.<\/p>\n<p>Gubarev a subliniat totodat\u0103 c\u0103 este impresionat atunci c\u00e2nd, \u00een numeroasele sale lu\u0103ri de cuv\u00e2nt referitoare la procesul de negocieri, reprezentantul special al pre\u0219edintelui \u00een exerci\u021biu al OSCE Franco Frattini d\u0103 o apreciere \u00eenalt\u0103 rolului Federa\u021biei Ruse \u00een solu\u021bionarea conflictului transnistrean, \u00eens\u0103 \u201edeocamdat\u0103 totul a r\u0103mas la nivel de cuvinte&#8221;.<\/p>\n<p>\u201eAm convenit ca, \u0219i din partea Chi\u0219in\u0103ului, \u0219i din partea Moscovei, \u0219i, sunt sigur, din partea Tiraspolului, vor fi \u00eentreprin\u0219i pa\u0219ii necesari pentru a-i activiza pe colegii no\u0219tri italieni&#8221;, a ad\u0103ugat Gubarev.<\/p>\n<\/div>\n<p><span style=\"display: inline !important; float: none; background-color: transparent; color: #222222; font-family: 'Open Sans',sans-serif; font-size: 13px; font-size-adjust: none; font-stretch: normal; font-style: normal; font-variant: normal; font-weight: 400; letter-spacing: normal; line-height: 16px; orphans: 2; text-align: left; text-decoration: none; text-indent: 0px; text-shadow: none; text-transform: none; -webkit-text-stroke-width: 0px; white-space: normal; word-spacing: 0px;\">Read more: <\/span><a href=\"https:\/\/sputnik.md\/politics\/20180208\/17150709\/tiraspolul-declara-ca-este-gata-pentru-o-noua-runda-de-negocieri.html\">https:\/\/sputnik.md\/politics\/20180208\/17150709\/tiraspolul-declara-ca-este-gata-pentru-o-noua-runda-de-negocieri.html<\/a><\/p>\n","protected":false},"excerpt":{"rendered":"<p>Ambasadorul cu \u00eens\u0103rcin\u0103ri speciale al MAE al Federa\u021biei Ruse, Serghei Gubarev, a f\u0103cut bilan\u021bul vizitelor \u00eentreprinse la Chi\u0219in\u0103u \u0219i Tiraspol, \u00een cadrul c\u0103rora a avut \u00eent\u00e2lniri cu noul vicepremier al Republicii Moldova \u0219i cu responsabilul pentru afacerile externe al regiunii transnistrene. TIRASPOL, 8 feb\u00a0\u2014 Sputnik, Irina Leahova. Reprezentna\u021bii malului st\u00e2ng al Nistrului sper\u0103 c\u0103 negocierile&#8230;<\/p>\n","protected":false},"author":2,"featured_media":0,"comment_status":"closed","ping_status":"open","sticky":false,"template":"","format":"standard","meta":[],"categories":[1],"tags":[],"_links":{"self":[{"href":"https:\/\/centers.ulbsibiu.ro\/ccsprise\/lact\/wp-json\/wp\/v2\/posts\/4219"}],"collection":[{"href":"https:\/\/centers.ulbsibiu.ro\/ccsprise\/lact\/wp-json\/wp\/v2\/posts"}],"about":[{"href":"https:\/\/centers.ulbsibiu.ro\/ccsprise\/lact\/wp-json\/wp\/v2\/types\/post"}],"author":[{"embeddable":true,"href":"https:\/\/centers.ulbsibiu.ro\/ccsprise\/lact\/wp-json\/wp\/v2\/users\/2"}],"replies":[{"embeddable":true,"href":"https:\/\/centers.ulbsibiu.ro\/ccsprise\/lact\/wp-json\/wp\/v2\/comments?post=4219"}],"version-history":[{"count":1,"href":"https:\/\/centers.ulbsibiu.ro\/ccsprise\/lact\/wp-json\/wp\/v2\/posts\/4219\/revisions"}],"predecessor-version":[{"id":4220,"href":"https:\/\/centers.ulbsibiu.ro\/ccsprise\/lact\/wp-json\/wp\/v2\/posts\/4219\/revisions\/4220"}],"wp:attachment":[{"href":"https:\/\/centers.ulbsibiu.ro\/ccsprise\/lact\/wp-json\/wp\/v2\/media?parent=4219"}],"wp:term":[{"taxonomy":"category","embeddable":true,"href":"https:\/\/centers.ulbsibiu.ro\/ccsprise\/lact\/wp-json\/wp\/v2\/categories?post=4219"},{"taxonomy":"post_tag","embeddable":true,"href":"https:\/\/centers.ulbsibiu.ro\/ccsprise\/lact\/wp-json\/wp\/v2\/tags?post=4219"}],"curies":[{"name":"wp","href":"https:\/\/api.w.org\/{rel}","templated":true}]}}