{"id":4216,"date":"2018-02-07T18:41:10","date_gmt":"2018-02-07T16:41:10","guid":{"rendered":"https:\/\/centers.ulbsibiu.ro\/ccsprise\/lact\/?p=4216"},"modified":"2018-02-07T18:42:23","modified_gmt":"2018-02-07T16:42:23","slug":"europalibera-org-guvernul-de-la-chisinau-a-aprobat-recunosterea-diplomelor-emise-de-institutiile-de-invatamant-din-regiunea-transnistreana","status":"publish","type":"post","link":"https:\/\/centers.ulbsibiu.ro\/ccsprise\/lact\/europalibera-org-guvernul-de-la-chisinau-a-aprobat-recunosterea-diplomelor-emise-de-institutiile-de-invatamant-din-regiunea-transnistreana\/","title":{"rendered":"Europalibera.org &#8211; Guvernul de la Chi\u0219in\u0103u a aprobat recuno\u0219terea diplomelor emise de institu\u021biile de \u00eenv\u0103\u021b\u0103m\u00e2nt din regiunea transnistrean\u0103"},"content":{"rendered":"<p><span style=\"display: inline !important; float: none; background-color: transparent; color: #1f2124; font-family: 'Skolar-Light_Cyr-Ltn',Georgia,Times,'Times New Roman',serif; font-size: 18px; font-style: normal; font-variant: normal; font-weight: 400; letter-spacing: normal; orphans: 2; text-align: left; text-decoration: none; text-indent: 0px; text-transform: none; -webkit-text-stroke-width: 0px; white-space: normal; word-spacing: 0px;\">Guvernul a aprobat \u00een \u0219edin\u021ba de miercuri <\/span>recunoa\u0219terea diplomelor<span style=\"display: inline !important; float: none; background-color: transparent; color: #1f2124; font-family: 'Skolar-Light_Cyr-Ltn',Georgia,Times,'Times New Roman',serif; font-size: 18px; font-style: normal; font-variant: normal; font-weight: 400; letter-spacing: normal; orphans: 2; text-align: left; text-decoration: none; text-indent: 0px; text-transform: none; -webkit-text-stroke-width: 0px; white-space: normal; word-spacing: 0px;\"> emise \u00eencep\u00e2nd cu anul 1992 de institu\u0163iile de \u00eenv\u0103\u0163\u0103m\u00e2nt din regiunea transnistrean\u0103. Potrivti unui comunicat, postat pe pagina de Internet a guvernului, odat\u0103 apostila aplicat\u0103 pe aceste diplome, tinerii din st\u00e2nga Nistrului vor avea posibilitatea s\u0103-\u015fi continue studiile \u015fi s\u0103 lucreze \u00een str\u0103in\u0103tate. \u00cen comunicatul guvernului se precizeaz\u0103 c\u0103 modelul formularului va fi unul neutru, aprobat de Ministerul Educa\u0163iei de la Chi\u0219in\u0103u, iar \u015ftampilele nu vor con\u0163ine \u201esimboluri de stat, simboluri ale altor forma\u0163iuni de tip statal sau \u00eensemne \u015fi men\u0163iuni care pot fi asimilate acestora.\u201d<\/span><\/p>\n<p>Sursa:<\/p>\n<p><a href=\"https:\/\/www.europalibera.org\/a\/29025743.html\">https:\/\/www.europalibera.org\/a\/29025743.html<\/a><\/p>\n","protected":false},"excerpt":{"rendered":"<p>Guvernul a aprobat \u00een \u0219edin\u021ba de miercuri recunoa\u0219terea diplomelor emise \u00eencep\u00e2nd cu anul 1992 de institu\u0163iile de \u00eenv\u0103\u0163\u0103m\u00e2nt din regiunea transnistrean\u0103. Potrivti unui comunicat, postat pe pagina de Internet a guvernului, odat\u0103 apostila aplicat\u0103 pe aceste diplome, tinerii din st\u00e2nga Nistrului vor avea posibilitatea s\u0103-\u015fi continue studiile \u015fi s\u0103 lucreze \u00een str\u0103in\u0103tate. \u00cen comunicatul guvernului&#8230;<\/p>\n","protected":false},"author":2,"featured_media":0,"comment_status":"closed","ping_status":"open","sticky":false,"template":"","format":"standard","meta":[],"categories":[1],"tags":[],"_links":{"self":[{"href":"https:\/\/centers.ulbsibiu.ro\/ccsprise\/lact\/wp-json\/wp\/v2\/posts\/4216"}],"collection":[{"href":"https:\/\/centers.ulbsibiu.ro\/ccsprise\/lact\/wp-json\/wp\/v2\/posts"}],"about":[{"href":"https:\/\/centers.ulbsibiu.ro\/ccsprise\/lact\/wp-json\/wp\/v2\/types\/post"}],"author":[{"embeddable":true,"href":"https:\/\/centers.ulbsibiu.ro\/ccsprise\/lact\/wp-json\/wp\/v2\/users\/2"}],"replies":[{"embeddable":true,"href":"https:\/\/centers.ulbsibiu.ro\/ccsprise\/lact\/wp-json\/wp\/v2\/comments?post=4216"}],"version-history":[{"count":2,"href":"https:\/\/centers.ulbsibiu.ro\/ccsprise\/lact\/wp-json\/wp\/v2\/posts\/4216\/revisions"}],"predecessor-version":[{"id":4218,"href":"https:\/\/centers.ulbsibiu.ro\/ccsprise\/lact\/wp-json\/wp\/v2\/posts\/4216\/revisions\/4218"}],"wp:attachment":[{"href":"https:\/\/centers.ulbsibiu.ro\/ccsprise\/lact\/wp-json\/wp\/v2\/media?parent=4216"}],"wp:term":[{"taxonomy":"category","embeddable":true,"href":"https:\/\/centers.ulbsibiu.ro\/ccsprise\/lact\/wp-json\/wp\/v2\/categories?post=4216"},{"taxonomy":"post_tag","embeddable":true,"href":"https:\/\/centers.ulbsibiu.ro\/ccsprise\/lact\/wp-json\/wp\/v2\/tags?post=4216"}],"curies":[{"name":"wp","href":"https:\/\/api.w.org\/{rel}","templated":true}]}}