{"id":4214,"date":"2018-02-07T18:31:29","date_gmt":"2018-02-07T16:31:29","guid":{"rendered":"https:\/\/centers.ulbsibiu.ro\/ccsprise\/lact\/?p=4214"},"modified":"2018-02-07T18:31:29","modified_gmt":"2018-02-07T16:31:29","slug":"publika-md-premierul-filip-guvernul-de-la-kiev-a-aprobat-acordul-de-control-comun-la-toate-punctele-de-trecere-a-frontierei-dintre-moldova-si-ucraina","status":"publish","type":"post","link":"https:\/\/centers.ulbsibiu.ro\/ccsprise\/lact\/publika-md-premierul-filip-guvernul-de-la-kiev-a-aprobat-acordul-de-control-comun-la-toate-punctele-de-trecere-a-frontierei-dintre-moldova-si-ucraina\/","title":{"rendered":"Publika.md &#8211; Premierul Filip: Guvernul de la Kiev a aprobat Acordul de control comun la toate punctele de trecere a frontierei dintre Moldova \u015fi Ucraina"},"content":{"rendered":"<p><strong>Cabinetul de mini\u015ftri din Ucraina a aprobat Acordul de Control \u00een comun al persoanelor, mijloacelor de transport \u015fi a m\u0103rfurilor \u00een toate punctele comune de trecere a frontierei moldo-ucrainene.<\/strong> Anun\u0163ul a fost f\u0103cut de<strong> premierul Pavel Filip<\/strong>, \u00een debutul \u015fedin\u0163ei de Guvern.<\/p>\n<p>&#8220;<strong>Este o realizare, urmeaz\u0103 ca acest Acord s\u0103 fie ratificat de Rada Suprem\u0103 de la Kiev.<\/strong> Mul\u0163umesc colegilor care au muncit asupra elabor\u0103rii acestui Acord, le mul\u0163umesc colegilor de la Externe, MAI, Serviciul Vamal. Suntem preg\u0103ti\u0163i s\u0103 purcedem imediat la controlul comun, dar trebuie de v\u0103zut deoarece<strong> pentru noi este prioritar segmentul transnistrean.<\/strong> Imediat ce Acordul va fi ratificat de Rada Suprem\u0103 trebuie s\u0103 purcedem la controlul comun. Deja la Cuciurgan-Pervomaisc avem un precedent \u0219i nu sunt \u00eentreb\u0103ri, nu sunt probleme&#8221;, a men\u0163ionat \u015feful Cabinetului de mini\u015ftri.<\/p>\n<p>Controlul \u00een comun va fi aplicat la toate punctele de trecere a frontierei de stat moldo-ucrainene, at\u00e2t \u00een cazul transportului auto, c\u00e2t \u0219i a celui feroviar. Acest fapt va eficientiza interac\u021biunea institu\u021biilor cu func\u021bii de control la frontier\u0103 din cele dou\u0103 state \u015fi va facilita traficul de persoane \u0219i de m\u0103rfuri.<\/p>\n<p><strong>PUBLIKA.MD<\/strong> aminte\u015fte c\u0103 Acordul privind controlul \u00een comun la frontiera moldo-ucrainean\u0103 a fost semnat \u00een cadrul vizitei oficiale din 6 octombrie curent a Premierului Ucrainei, Volodimir Groisman, \u00een Republica Moldova.<\/p>\n<p>P\u00e2n\u0103 acum, controlul comun a fost instituit la \u0219ase puncte vamale din cele 17 de la frontiera moldo-ucrainean\u0103.<\/p>\n<p>Cite\u0219te mai mult: <a href=\"https:\/\/www.publika.md\/premierul-filip-guvernul-de-la-kiev-a-aprobat-acordul-de-control-comun-la-toate-punctele-de-trecere-a-frontierei-dintre-moldova-si-ucraina--_2994931.html#ixzz56RO05T9O\">https:\/\/www.publika.md\/premierul-filip-guvernul-de-la-kiev-a-aprobat-acordul-de-control-comun-la-toate-punctele-de-trecere-a-frontierei-dintre-moldova-si-ucraina&#8211;_2994931.html#ixzz56RO05T9O<\/a><\/p>\n","protected":false},"excerpt":{"rendered":"<p>Cabinetul de mini\u015ftri din Ucraina a aprobat Acordul de Control \u00een comun al persoanelor, mijloacelor de transport \u015fi a m\u0103rfurilor \u00een toate punctele comune de trecere a frontierei moldo-ucrainene. Anun\u0163ul a fost f\u0103cut de premierul Pavel Filip, \u00een debutul \u015fedin\u0163ei de Guvern. &#8220;Este o realizare, urmeaz\u0103 ca acest Acord s\u0103 fie ratificat de Rada Suprem\u0103&#8230;<\/p>\n","protected":false},"author":2,"featured_media":0,"comment_status":"closed","ping_status":"open","sticky":false,"template":"","format":"standard","meta":[],"categories":[1],"tags":[],"_links":{"self":[{"href":"https:\/\/centers.ulbsibiu.ro\/ccsprise\/lact\/wp-json\/wp\/v2\/posts\/4214"}],"collection":[{"href":"https:\/\/centers.ulbsibiu.ro\/ccsprise\/lact\/wp-json\/wp\/v2\/posts"}],"about":[{"href":"https:\/\/centers.ulbsibiu.ro\/ccsprise\/lact\/wp-json\/wp\/v2\/types\/post"}],"author":[{"embeddable":true,"href":"https:\/\/centers.ulbsibiu.ro\/ccsprise\/lact\/wp-json\/wp\/v2\/users\/2"}],"replies":[{"embeddable":true,"href":"https:\/\/centers.ulbsibiu.ro\/ccsprise\/lact\/wp-json\/wp\/v2\/comments?post=4214"}],"version-history":[{"count":1,"href":"https:\/\/centers.ulbsibiu.ro\/ccsprise\/lact\/wp-json\/wp\/v2\/posts\/4214\/revisions"}],"predecessor-version":[{"id":4215,"href":"https:\/\/centers.ulbsibiu.ro\/ccsprise\/lact\/wp-json\/wp\/v2\/posts\/4214\/revisions\/4215"}],"wp:attachment":[{"href":"https:\/\/centers.ulbsibiu.ro\/ccsprise\/lact\/wp-json\/wp\/v2\/media?parent=4214"}],"wp:term":[{"taxonomy":"category","embeddable":true,"href":"https:\/\/centers.ulbsibiu.ro\/ccsprise\/lact\/wp-json\/wp\/v2\/categories?post=4214"},{"taxonomy":"post_tag","embeddable":true,"href":"https:\/\/centers.ulbsibiu.ro\/ccsprise\/lact\/wp-json\/wp\/v2\/tags?post=4214"}],"curies":[{"name":"wp","href":"https:\/\/api.w.org\/{rel}","templated":true}]}}