{"id":4209,"date":"2018-02-06T19:48:56","date_gmt":"2018-02-06T17:48:56","guid":{"rendered":"https:\/\/centers.ulbsibiu.ro\/ccsprise\/lact\/?p=4209"},"modified":"2018-02-06T19:48:56","modified_gmt":"2018-02-06T17:48:56","slug":"gov-md-ntrevederea-viceprim-ministrului-cristina-lesnic-cu-reprezentantul-special-al-federatiei-ruse-in-reglementarea-transnistreana-serghei-gubarev","status":"publish","type":"post","link":"https:\/\/centers.ulbsibiu.ro\/ccsprise\/lact\/gov-md-ntrevederea-viceprim-ministrului-cristina-lesnic-cu-reprezentantul-special-al-federatiei-ruse-in-reglementarea-transnistreana-serghei-gubarev\/","title":{"rendered":"Gov.md &#8211; ntrevederea Viceprim-ministrului Cristina Lesnic cu Reprezentantul Special al Federa\u021biei Ruse \u00een reglementarea transnistrean\u0103 Serghei Gubarev"},"content":{"rendered":"<p>Viceprim-ministrul Cristina Lesnic a avut, ast\u0103zi, 05 februarie, o \u00eentrevedere cu Reprezentantul Special al Federa\u021biei Ruse \u00een reglementarea transnistrean\u0103 Serghei Gubarev.<\/p>\n<p>Oficialii au f\u0103cut un schimb de opinii asupra ultimelor evolu\u0163ii \u00eenregistrate \u00een dosarul transnistrean, unor aspecte ale dialogului Chi\u015fin\u0103u-Tiraspol, situa\u021biei existente \u00een Zona de Securitate, precum \u015fi asupra necesit\u0103\u021bii avans\u0103rii \u00een procesul de reglementare \u0219i a eficientiz\u0103rii activit\u0103\u021bii Comisiei Unificate de Control.<\/p>\n<p>Reprezentantul Special al Federa\u021biei Ruse a felicitat-o pe Doamna Cristina Lesnic cu prilejul investirii \u00een func\u021bia de Vicepremier responsabil de realizarea politicilor pentru reintegrarea \u021b\u0103rii, men\u021bion\u00e2nd c\u0103 apreciaz\u0103 \u00eenalt rezultatele ob\u021binute anul trecut \u00een procesul de negocieri, care \u00eentr-o m\u0103sur\u0103 esen\u021bial\u0103 vor \u00eembun\u0103t\u0103\u021bi via\u021ba locuitorilor de pe ambele maluri ale Nistrului.<\/p>\n<p>\u00cen cadrul \u00eentrevederii, Viceprim-ministrul a specificat necesitatea realiz\u0103rii pas cu pas a \u00een\u021belegerilor convenite \u00een negocieri \u00een anul 2017, concentr\u0103rii aten\u021biei pe solu\u021bionarea altor probleme de interes public major, men\u021binerii dinamicii constructive \u00een cadrul tuturor platformelor de dialog pentru reglementarea transnistrean\u0103, cu precizarea c\u0103 \u00een a doua decad\u0103 a lunii februarie curent va avea loc o prim\u0103 \u00eentrevedere oficial\u0103 la nivelul reprezentan\u021bilor politici din partea Chi\u0219in\u0103ului \u0219i Tiraspolului.<\/p>\n<p>De asemenea, Vicepremierul a informat despre ac\u021biunile \u00eentreprinse de c\u0103tre partea moldoveneasc\u0103 \u00een vederea implement\u0103rii deciziilor protocolare semnate \u00een anul precedent, precum \u0219i vizavi de ini\u021biativele pozitive ale Guvernului Republicii Moldova \u00eentru a apropia autorit\u0103\u021bile publice de problemele cet\u0103\u021beanului \u0219i a le solu\u021biona \u00een conlucrare cu to\u021bi actorii relevan\u021bi.<\/p>\n<p>Sursa:<\/p>\n<p><a href=\"http:\/\/gov.md\/ro\/content\/intrevederea-viceprim-ministrului-cristina-lesnic-cu-reprezentantul-special-al-federatiei\">http:\/\/gov.md\/ro\/content\/intrevederea-viceprim-ministrului-cristina-lesnic-cu-reprezentantul-special-al-federatiei<\/a><\/p>\n","protected":false},"excerpt":{"rendered":"<p>Viceprim-ministrul Cristina Lesnic a avut, ast\u0103zi, 05 februarie, o \u00eentrevedere cu Reprezentantul Special al Federa\u021biei Ruse \u00een reglementarea transnistrean\u0103 Serghei Gubarev. Oficialii au f\u0103cut un schimb de opinii asupra ultimelor evolu\u0163ii \u00eenregistrate \u00een dosarul transnistrean, unor aspecte ale dialogului Chi\u015fin\u0103u-Tiraspol, situa\u021biei existente \u00een Zona de Securitate, precum \u015fi asupra necesit\u0103\u021bii avans\u0103rii \u00een procesul de reglementare&#8230;<\/p>\n","protected":false},"author":2,"featured_media":0,"comment_status":"closed","ping_status":"open","sticky":false,"template":"","format":"standard","meta":[],"categories":[1],"tags":[],"_links":{"self":[{"href":"https:\/\/centers.ulbsibiu.ro\/ccsprise\/lact\/wp-json\/wp\/v2\/posts\/4209"}],"collection":[{"href":"https:\/\/centers.ulbsibiu.ro\/ccsprise\/lact\/wp-json\/wp\/v2\/posts"}],"about":[{"href":"https:\/\/centers.ulbsibiu.ro\/ccsprise\/lact\/wp-json\/wp\/v2\/types\/post"}],"author":[{"embeddable":true,"href":"https:\/\/centers.ulbsibiu.ro\/ccsprise\/lact\/wp-json\/wp\/v2\/users\/2"}],"replies":[{"embeddable":true,"href":"https:\/\/centers.ulbsibiu.ro\/ccsprise\/lact\/wp-json\/wp\/v2\/comments?post=4209"}],"version-history":[{"count":1,"href":"https:\/\/centers.ulbsibiu.ro\/ccsprise\/lact\/wp-json\/wp\/v2\/posts\/4209\/revisions"}],"predecessor-version":[{"id":4210,"href":"https:\/\/centers.ulbsibiu.ro\/ccsprise\/lact\/wp-json\/wp\/v2\/posts\/4209\/revisions\/4210"}],"wp:attachment":[{"href":"https:\/\/centers.ulbsibiu.ro\/ccsprise\/lact\/wp-json\/wp\/v2\/media?parent=4209"}],"wp:term":[{"taxonomy":"category","embeddable":true,"href":"https:\/\/centers.ulbsibiu.ro\/ccsprise\/lact\/wp-json\/wp\/v2\/categories?post=4209"},{"taxonomy":"post_tag","embeddable":true,"href":"https:\/\/centers.ulbsibiu.ro\/ccsprise\/lact\/wp-json\/wp\/v2\/tags?post=4209"}],"curies":[{"name":"wp","href":"https:\/\/api.w.org\/{rel}","templated":true}]}}