{"id":4203,"date":"2018-02-06T19:40:11","date_gmt":"2018-02-06T17:40:11","guid":{"rendered":"https:\/\/centers.ulbsibiu.ro\/ccsprise\/lact\/?p=4203"},"modified":"2018-02-06T19:40:11","modified_gmt":"2018-02-06T17:40:11","slug":"publika-md-una-dintre-problemele-scolilor-din-stanga-nistrului-solutionata-doua-licee-vor-plati-taxe-simbolice-pentru-arenda-sediului","status":"publish","type":"post","link":"https:\/\/centers.ulbsibiu.ro\/ccsprise\/lact\/publika-md-una-dintre-problemele-scolilor-din-stanga-nistrului-solutionata-doua-licee-vor-plati-taxe-simbolice-pentru-arenda-sediului\/","title":{"rendered":"Publika.md &#8211; Una dintre problemele \u015fcolilor din st\u00e2nga Nistrului, SOLU\u0162IONAT\u0102. Dou\u0103 licee vor pl\u0103ti taxe simbolice pentru arenda sediului"},"content":{"rendered":"<p><strong>Una dintre problemele \u015fcolilor cu predare \u00een limba rom\u00e2n\u0103 din regiunea transnistrean\u0103 este solu\u0163ionat\u0103<\/strong>.<\/p>\n<p>Administra\u0163ia liceului &#8220;Lucian Blaga&#8221; din Tiraspol \u015fi &#8220;Evrika&#8221; din R\u00e2bni\u0163a vor achita o<strong> plat\u0103 simbolic\u0103 pentru arenda sediului<\/strong>. Sum\u0103 a fost mic\u015forat\u0103 de la c\u00e2teva zeci de mii de lei p\u00e2n\u0103 la 1.000 de lei lunar. Decizia a fost luat\u0103 ca urmare a semn\u0103rii protocolului \u00eentre Chi\u015fin\u0103u \u015fi Tiraspol \u00een data de 25 noiembrie 2017. Atunci reprezentan\u0163ii Chi\u015fin\u0103ului \u015fi a Tiraspolului au semnat, \u00een total, patru protocoale care vor \u00eembun\u0103t\u0103\u0163i considerabil rela\u0163iile moldo-transnistrene. Unul dintre ele prevede asigurarea accesului elevilor la studii \u00een limba rom\u00e2n\u0103, dar \u0219i o tax\u0103 de chirie simbolic\u0103.<\/p>\n<p><strong>Un alt protocol \u0163ine de rec\u0103p\u0103tarea drepturilor de proprietate a fermierilor din Dub\u0103sari asupra celor \u015fase mii de hectare<\/strong>. \u00cenc\u0103 un document prevede ca diplomele de studii eliberate de Universitatea din Tiraspol s\u0103 fie recunoscute de Chi\u0219in\u0103u. Iar<strong> cel de-al patrulea protocol vizeaz\u0103 restabilirea leg\u0103turii telefonice fixe \u0219i mobile.\u00a0<\/strong><\/p>\n<p>Cite\u0219te mai mult: <a href=\"https:\/\/www.publika.md\/una-dintre-problemele-scolilor-din-stanga-nistrului-solutionata-doua-licee-vor-plati-taxe-simbolice-pentru-arenda-sediului_2994370.html#ixzz56LomYgoZ\">https:\/\/www.publika.md\/una-dintre-problemele-scolilor-din-stanga-nistrului-solutionata-doua-licee-vor-plati-taxe-simbolice-pentru-arenda-sediului_2994370.html#ixzz56LomYgoZ<\/a><\/p>\n","protected":false},"excerpt":{"rendered":"<p>Una dintre problemele \u015fcolilor cu predare \u00een limba rom\u00e2n\u0103 din regiunea transnistrean\u0103 este solu\u0163ionat\u0103. Administra\u0163ia liceului &#8220;Lucian Blaga&#8221; din Tiraspol \u015fi &#8220;Evrika&#8221; din R\u00e2bni\u0163a vor achita o plat\u0103 simbolic\u0103 pentru arenda sediului. Sum\u0103 a fost mic\u015forat\u0103 de la c\u00e2teva zeci de mii de lei p\u00e2n\u0103 la 1.000 de lei lunar. Decizia a fost luat\u0103 ca&#8230;<\/p>\n","protected":false},"author":2,"featured_media":0,"comment_status":"closed","ping_status":"open","sticky":false,"template":"","format":"standard","meta":[],"categories":[1],"tags":[],"_links":{"self":[{"href":"https:\/\/centers.ulbsibiu.ro\/ccsprise\/lact\/wp-json\/wp\/v2\/posts\/4203"}],"collection":[{"href":"https:\/\/centers.ulbsibiu.ro\/ccsprise\/lact\/wp-json\/wp\/v2\/posts"}],"about":[{"href":"https:\/\/centers.ulbsibiu.ro\/ccsprise\/lact\/wp-json\/wp\/v2\/types\/post"}],"author":[{"embeddable":true,"href":"https:\/\/centers.ulbsibiu.ro\/ccsprise\/lact\/wp-json\/wp\/v2\/users\/2"}],"replies":[{"embeddable":true,"href":"https:\/\/centers.ulbsibiu.ro\/ccsprise\/lact\/wp-json\/wp\/v2\/comments?post=4203"}],"version-history":[{"count":1,"href":"https:\/\/centers.ulbsibiu.ro\/ccsprise\/lact\/wp-json\/wp\/v2\/posts\/4203\/revisions"}],"predecessor-version":[{"id":4204,"href":"https:\/\/centers.ulbsibiu.ro\/ccsprise\/lact\/wp-json\/wp\/v2\/posts\/4203\/revisions\/4204"}],"wp:attachment":[{"href":"https:\/\/centers.ulbsibiu.ro\/ccsprise\/lact\/wp-json\/wp\/v2\/media?parent=4203"}],"wp:term":[{"taxonomy":"category","embeddable":true,"href":"https:\/\/centers.ulbsibiu.ro\/ccsprise\/lact\/wp-json\/wp\/v2\/categories?post=4203"},{"taxonomy":"post_tag","embeddable":true,"href":"https:\/\/centers.ulbsibiu.ro\/ccsprise\/lact\/wp-json\/wp\/v2\/tags?post=4203"}],"curies":[{"name":"wp","href":"https:\/\/api.w.org\/{rel}","templated":true}]}}