{"id":4198,"date":"2018-02-04T18:40:24","date_gmt":"2018-02-04T16:40:24","guid":{"rendered":"https:\/\/centers.ulbsibiu.ro\/ccsprise\/lact\/?p=4198"},"modified":"2018-02-04T18:40:38","modified_gmt":"2018-02-04T16:40:38","slug":"ziarulnational-md-mihai-ghimpu-intalnire-cu-oameni-din-tiraspol-va-multumesc-ca-promovati-unionismul-in-aceasta-zona-deloc-linistita-a-republicii","status":"publish","type":"post","link":"https:\/\/centers.ulbsibiu.ro\/ccsprise\/lact\/ziarulnational-md-mihai-ghimpu-intalnire-cu-oameni-din-tiraspol-va-multumesc-ca-promovati-unionismul-in-aceasta-zona-deloc-linistita-a-republicii\/","title":{"rendered":"Ziarulnational.md &#8211; Mihai Ghimpu, \u00eent\u00e2lnire cu oameni din Tiraspol: \u201eV\u0103 mul\u021bumesc c\u0103 promova\u021bi unionismul \u00een aceast\u0103 zon\u0103 deloc lini\u0219tit\u0103 a republicii\u201d"},"content":{"rendered":"<p>Pre\u0219edintele Partidului Liberal, Mihai Ghimpu, a avut ieri o \u00eent\u00e2lnire la Varn\u021ba, raionul Anenii Noi cu conducerea \u0219i membrii Filiale Tiraspol a forma\u021biunii pe care o conduce.<\/p>\n<p>Un comunicat de pres\u0103 al Partidului Liberal anun\u021b\u0103 c\u0103 \u00een anul \u00een care marc\u0103m Centenarul Marii Uniri, Mihai Ghimpu a \u00eenceput o serie de \u00eent\u00e2lniri cu membrii Partidului Liberal din Organiza\u021biile locale din republic\u0103, iar la \u00eent\u00e2lnirea de la Varni\u021ba a participat ex-viceministrul Ap\u0103r\u0103rii, Gheorghe Galbura.<\/p>\n<p>Mihai Ghimpu le-a mul\u021bumit celor prezen\u021bi la eveniment \u201epentru patriotismul \u0219i rom\u00e2nismul promovat de ei zilnic, \u00een aceast\u0103 zon\u0103, deloc lini\u0219tit\u0103 a republicii\u201d.<\/p>\n<p>Totodat\u0103, liderul liberal i-a \u00eencurajat s\u0103 mearg\u0103 \u0219i \u00een continuare cu fruntea sus, s\u0103 fie m\u00e2ndri c\u0103 sunt rom\u00e2ni, indiferent dac\u0103 locuiesc la Tiraspol, Chi\u0219in\u0103u sau Bucure\u0219ti.<\/p>\n<p>Pre\u0219edintele Organiza\u021biei Teritoriale a Partidului Liberal din Tiraspol, Vladimir Meleca, care este \u0219i campion na\u021bional \u0219 european la ridicarea greut\u0103\u021bii, categoria seniori, i-a mul\u021bumit lui Mihai Ghimpu pentru vizit\u0103 \u0219i pentru mesajele de \u00eencurajare accentu\u00e2nd c\u0103 \u201eliberalii unioni\u0219ti din st\u00e2nga Nistrului, dar \u0219i to\u021bi cei care simt rom\u00e2ne\u0219te \u00ee\u0219i doresc nu numai Unirea localit\u0103\u021bilor din st\u00e2nga Nistrului cu teritoriul Republicii Moldova, dar \u0219i Unirea cu Rom\u00e2nia\u201d.<\/p>\n<p>La finalul evenimentului, Mihai Ghimpu a oferit celor prezen\u021bi c\u00e2te o sticl\u0103 de vin \u201eUNIREA &#8211; 2018\u201d, dedicat\u0103 Centenarului Marii Uniri de la 1918.<\/p>\n<p>Sursa:<\/p>\n<p><a href=\"http:\/\/www.ziarulnational.md\/mihai-ghimpu-intalnire-cu-oameni-din-tiraspol-va-multumesc-ca-promovati-unionismul-in-aceasta-zona-deloc-linistita-a-republicii\/\">http:\/\/www.ziarulnational.md\/mihai-ghimpu-intalnire-cu-oameni-din-tiraspol-va-multumesc-ca-promovati-unionismul-in-aceasta-zona-deloc-linistita-a-republicii\/<\/a><\/p>\n","protected":false},"excerpt":{"rendered":"<p>Pre\u0219edintele Partidului Liberal, Mihai Ghimpu, a avut ieri o \u00eent\u00e2lnire la Varn\u021ba, raionul Anenii Noi cu conducerea \u0219i membrii Filiale Tiraspol a forma\u021biunii pe care o conduce. Un comunicat de pres\u0103 al Partidului Liberal anun\u021b\u0103 c\u0103 \u00een anul \u00een care marc\u0103m Centenarul Marii Uniri, Mihai Ghimpu a \u00eenceput o serie de \u00eent\u00e2lniri cu membrii Partidului&#8230;<\/p>\n","protected":false},"author":2,"featured_media":0,"comment_status":"closed","ping_status":"open","sticky":false,"template":"","format":"standard","meta":[],"categories":[1],"tags":[],"_links":{"self":[{"href":"https:\/\/centers.ulbsibiu.ro\/ccsprise\/lact\/wp-json\/wp\/v2\/posts\/4198"}],"collection":[{"href":"https:\/\/centers.ulbsibiu.ro\/ccsprise\/lact\/wp-json\/wp\/v2\/posts"}],"about":[{"href":"https:\/\/centers.ulbsibiu.ro\/ccsprise\/lact\/wp-json\/wp\/v2\/types\/post"}],"author":[{"embeddable":true,"href":"https:\/\/centers.ulbsibiu.ro\/ccsprise\/lact\/wp-json\/wp\/v2\/users\/2"}],"replies":[{"embeddable":true,"href":"https:\/\/centers.ulbsibiu.ro\/ccsprise\/lact\/wp-json\/wp\/v2\/comments?post=4198"}],"version-history":[{"count":2,"href":"https:\/\/centers.ulbsibiu.ro\/ccsprise\/lact\/wp-json\/wp\/v2\/posts\/4198\/revisions"}],"predecessor-version":[{"id":4200,"href":"https:\/\/centers.ulbsibiu.ro\/ccsprise\/lact\/wp-json\/wp\/v2\/posts\/4198\/revisions\/4200"}],"wp:attachment":[{"href":"https:\/\/centers.ulbsibiu.ro\/ccsprise\/lact\/wp-json\/wp\/v2\/media?parent=4198"}],"wp:term":[{"taxonomy":"category","embeddable":true,"href":"https:\/\/centers.ulbsibiu.ro\/ccsprise\/lact\/wp-json\/wp\/v2\/categories?post=4198"},{"taxonomy":"post_tag","embeddable":true,"href":"https:\/\/centers.ulbsibiu.ro\/ccsprise\/lact\/wp-json\/wp\/v2\/tags?post=4198"}],"curies":[{"name":"wp","href":"https:\/\/api.w.org\/{rel}","templated":true}]}}