{"id":4193,"date":"2018-02-02T18:18:44","date_gmt":"2018-02-02T16:18:44","guid":{"rendered":"https:\/\/centers.ulbsibiu.ro\/ccsprise\/lact\/?p=4193"},"modified":"2018-02-02T18:18:44","modified_gmt":"2018-02-02T16:18:44","slug":"infotag-md-grupurile-de-lucru-ale-moldovei-si-transnistriei-au-discutat-despre-realizarea-protocoalelor-semnate","status":"publish","type":"post","link":"https:\/\/centers.ulbsibiu.ro\/ccsprise\/lact\/infotag-md-grupurile-de-lucru-ale-moldovei-si-transnistriei-au-discutat-despre-realizarea-protocoalelor-semnate\/","title":{"rendered":"Infotag.md &#8211; GRUPURILE DE LUCRU ALE MOLDOVEI \u0218I TRANSNISTRIEI AU DISCUTAT DESPRE REALIZAREA PROTOCOALELOR SEMNATE"},"content":{"rendered":"<p>Evolu\u021bia \u00eendeplinirii protocoalelor semnate la 25 ianuarie 2017 la reuniunea \u201e5+2\u201d de la Viena a fost discutat\u0103 joi, la oficiul Misiunii OSCE la Chi\u0219in\u0103u, de c\u0103tre exper\u021bii Moldovei \u0219i Transnistriei \u00een cadrul unei \u0219edin\u021be a grupurilor de lucru ale p\u0103r\u021bilor.<\/p>\n<p>Potrivit agen\u021biei INFOTAG cu referire la Biroul pentru Reintegrare, participan\u021bii au f\u0103cut un schimb de opinii privind semnarea de c\u0103tre \u015fcolile moldovene\u015fti din regiunea transnistrean\u0103 a contractelor de arend\u0103 \u00een condi\u021biile prev\u0103zute de Decizia protocolar\u0103 respectiv\u0103. Delega\u021bia Moldovei, condus\u0103 de Igor \u015earov, secretarul general de stat al Ministerului Educa\u0163iei, Culturii \u015fi Cercet\u0103rii, a pus accentul pe termenul de 10 ani, m\u0103rimea pl\u0103\u021bii de arend\u0103 la un nivel minim, dar \u015fi pe unele diferen\u021be atestate \u00een contractele de arend\u0103, insist\u00e2nd asupra unific\u0103rii con\u021binutului acestora, conform \u00een\u021belegerilor anterioare.<\/p>\n<p>De asemenea, s-a discutat despre necesitatea rezolv\u0103rii problemei sediului pentru Liceul teoretic \u201eEvrica\u201d din ora\u0219ul R\u00e2bni\u0163a, care din anul 2004 este blocat \u015fi pentru construc\u021bia c\u0103ruia au fost investite sume considerabile din bugetul de stat al Republicii Moldova.<\/p>\n<p>Pe ordinea de zi a \u015fedin\u0163ei a figurat \u015fi chestiunea privind evolu\u021bia realiz\u0103rii \u00een\u021belegerilor agreate de p\u0103r\u021bi cu referire la apostilarea actelor de studii eliberate de Universitatea din Tiraspol, men\u0163ion\u00e2ndu-se gradul avansat de realizare a acestora.<\/p>\n<p>Discu\u0163iile pe marginea acestor \u015fi altor subiecte de actualitate vor continua la urm\u0103toarea \u015fedin\u0163\u0103, data urm\u00e2nd a fi stabilit\u0103 \u00een regim de lucru.<\/p>\n<p>Sursa:<\/p>\n<p><a href=\"http:\/\/www.infotag.md\/rebelion-ro\/259144\/\">http:\/\/www.infotag.md\/rebelion-ro\/259144\/<\/a><\/p>\n","protected":false},"excerpt":{"rendered":"<p>Evolu\u021bia \u00eendeplinirii protocoalelor semnate la 25 ianuarie 2017 la reuniunea \u201e5+2\u201d de la Viena a fost discutat\u0103 joi, la oficiul Misiunii OSCE la Chi\u0219in\u0103u, de c\u0103tre exper\u021bii Moldovei \u0219i Transnistriei \u00een cadrul unei \u0219edin\u021be a grupurilor de lucru ale p\u0103r\u021bilor. Potrivit agen\u021biei INFOTAG cu referire la Biroul pentru Reintegrare, participan\u021bii au f\u0103cut un schimb de&#8230;<\/p>\n","protected":false},"author":2,"featured_media":0,"comment_status":"closed","ping_status":"open","sticky":false,"template":"","format":"standard","meta":[],"categories":[1],"tags":[],"_links":{"self":[{"href":"https:\/\/centers.ulbsibiu.ro\/ccsprise\/lact\/wp-json\/wp\/v2\/posts\/4193"}],"collection":[{"href":"https:\/\/centers.ulbsibiu.ro\/ccsprise\/lact\/wp-json\/wp\/v2\/posts"}],"about":[{"href":"https:\/\/centers.ulbsibiu.ro\/ccsprise\/lact\/wp-json\/wp\/v2\/types\/post"}],"author":[{"embeddable":true,"href":"https:\/\/centers.ulbsibiu.ro\/ccsprise\/lact\/wp-json\/wp\/v2\/users\/2"}],"replies":[{"embeddable":true,"href":"https:\/\/centers.ulbsibiu.ro\/ccsprise\/lact\/wp-json\/wp\/v2\/comments?post=4193"}],"version-history":[{"count":1,"href":"https:\/\/centers.ulbsibiu.ro\/ccsprise\/lact\/wp-json\/wp\/v2\/posts\/4193\/revisions"}],"predecessor-version":[{"id":4194,"href":"https:\/\/centers.ulbsibiu.ro\/ccsprise\/lact\/wp-json\/wp\/v2\/posts\/4193\/revisions\/4194"}],"wp:attachment":[{"href":"https:\/\/centers.ulbsibiu.ro\/ccsprise\/lact\/wp-json\/wp\/v2\/media?parent=4193"}],"wp:term":[{"taxonomy":"category","embeddable":true,"href":"https:\/\/centers.ulbsibiu.ro\/ccsprise\/lact\/wp-json\/wp\/v2\/categories?post=4193"},{"taxonomy":"post_tag","embeddable":true,"href":"https:\/\/centers.ulbsibiu.ro\/ccsprise\/lact\/wp-json\/wp\/v2\/tags?post=4193"}],"curies":[{"name":"wp","href":"https:\/\/api.w.org\/{rel}","templated":true}]}}