{"id":4191,"date":"2018-02-02T17:00:48","date_gmt":"2018-02-02T15:00:48","guid":{"rendered":"https:\/\/centers.ulbsibiu.ro\/ccsprise\/lact\/?p=4191"},"modified":"2018-02-02T17:00:48","modified_gmt":"2018-02-02T15:00:48","slug":"gov-md-delegatia-republicii-moldova-in-comisia-unificata-de-control-are-un-nou-expert","status":"publish","type":"post","link":"https:\/\/centers.ulbsibiu.ro\/ccsprise\/lact\/gov-md-delegatia-republicii-moldova-in-comisia-unificata-de-control-are-un-nou-expert\/","title":{"rendered":"Gov.md &#8211; Delega\u021bia Republicii Moldova \u00een Comisia Unificat\u0103 de Control are un nou expert"},"content":{"rendered":"<p>La 1 februarie curent, \u00een or. Bender, Comisia Unificat\u0103 de Control s-a \u00eentrunit \u00eentr-o \u015fedin\u0163\u0103 condus\u0103 de delega\u0163ia Republicii Moldova.<\/p>\n<p>\u00cen cadrul \u0219edin\u021bei, la propunerea delega\u021biei Chi\u0219in\u0103ului, Comisia l-a confirmat \u00een calitate de expert cu statut permanent pe domnul Ion St\u0103vil\u0103, Ambasador cu Misiuni Speciale, \u00een cadrul Ministerului Afacerilor Externe \u0219i Integr\u0103rii Europene al Republicii Moldova.<\/p>\n<p>Concomitent Comisia a audiat \u0219i a aprobat raportul s\u0103pt\u0103m\u00e2nal privind situa\u021bia din Zona de Securitate, prezentat de Comandamentul Militar \u00centrunit.<\/p>\n<p>Conduc\u0103torul delega\u0163iei Federa\u0163iei Ruse, Ilia Uvarov a informat componentele Comisiei Unificate de Control cu privire la necesitatea consult\u0103rilor suplimentare pe marginea subiectului legat de redeschiderea, la 18 noiembrie 2017, a podului din preajma satelor Gura B\u00e2cului \u0219i B\u00e2cioc.<\/p>\n<p>Urm\u0103toarea \u015fedin\u0163\u0103 a Comisiei Unificate de Control va avea loc pe data de 8 februarie 2018.<\/p>\n<p>&nbsp;<\/p>\n<p>&nbsp;<\/p>\n<p><strong>Delega\u021bia Republicii Moldova <\/strong><\/p>\n<p><strong>\u00een Comisia Unificat\u0103 de Control<\/strong><\/p>\n<p>&nbsp;<\/p>\n<p>Sursa:\u00a0<a href=\"http:\/\/gov.md\/ro\/content\/delegatia-republicii-moldova-comisia-unificata-de-control-are-un-nou-expert\">http:\/\/gov.md\/ro\/content\/delegatia-republicii-moldova-comisia-unificata-de-control-are-un-nou-expert<\/a><\/p>\n","protected":false},"excerpt":{"rendered":"<p>La 1 februarie curent, \u00een or. Bender, Comisia Unificat\u0103 de Control s-a \u00eentrunit \u00eentr-o \u015fedin\u0163\u0103 condus\u0103 de delega\u0163ia Republicii Moldova. \u00cen cadrul \u0219edin\u021bei, la propunerea delega\u021biei Chi\u0219in\u0103ului, Comisia l-a confirmat \u00een calitate de expert cu statut permanent pe domnul Ion St\u0103vil\u0103, Ambasador cu Misiuni Speciale, \u00een cadrul Ministerului Afacerilor Externe \u0219i Integr\u0103rii Europene al Republicii&#8230;<\/p>\n","protected":false},"author":2,"featured_media":0,"comment_status":"closed","ping_status":"open","sticky":false,"template":"","format":"standard","meta":[],"categories":[1],"tags":[],"_links":{"self":[{"href":"https:\/\/centers.ulbsibiu.ro\/ccsprise\/lact\/wp-json\/wp\/v2\/posts\/4191"}],"collection":[{"href":"https:\/\/centers.ulbsibiu.ro\/ccsprise\/lact\/wp-json\/wp\/v2\/posts"}],"about":[{"href":"https:\/\/centers.ulbsibiu.ro\/ccsprise\/lact\/wp-json\/wp\/v2\/types\/post"}],"author":[{"embeddable":true,"href":"https:\/\/centers.ulbsibiu.ro\/ccsprise\/lact\/wp-json\/wp\/v2\/users\/2"}],"replies":[{"embeddable":true,"href":"https:\/\/centers.ulbsibiu.ro\/ccsprise\/lact\/wp-json\/wp\/v2\/comments?post=4191"}],"version-history":[{"count":1,"href":"https:\/\/centers.ulbsibiu.ro\/ccsprise\/lact\/wp-json\/wp\/v2\/posts\/4191\/revisions"}],"predecessor-version":[{"id":4192,"href":"https:\/\/centers.ulbsibiu.ro\/ccsprise\/lact\/wp-json\/wp\/v2\/posts\/4191\/revisions\/4192"}],"wp:attachment":[{"href":"https:\/\/centers.ulbsibiu.ro\/ccsprise\/lact\/wp-json\/wp\/v2\/media?parent=4191"}],"wp:term":[{"taxonomy":"category","embeddable":true,"href":"https:\/\/centers.ulbsibiu.ro\/ccsprise\/lact\/wp-json\/wp\/v2\/categories?post=4191"},{"taxonomy":"post_tag","embeddable":true,"href":"https:\/\/centers.ulbsibiu.ro\/ccsprise\/lact\/wp-json\/wp\/v2\/tags?post=4191"}],"curies":[{"name":"wp","href":"https:\/\/api.w.org\/{rel}","templated":true}]}}