{"id":4180,"date":"2018-01-31T18:41:14","date_gmt":"2018-01-31T16:41:14","guid":{"rendered":"https:\/\/centers.ulbsibiu.ro\/ccsprise\/lact\/?p=4180"},"modified":"2018-01-31T18:41:14","modified_gmt":"2018-01-31T16:41:14","slug":"infotag-md-ambasadorul-poloniei-in-moldova-a-discutat-cu-liderul-de-la-tiraspol-evolutia-reglementarii-transnistrene","status":"publish","type":"post","link":"https:\/\/centers.ulbsibiu.ro\/ccsprise\/lact\/infotag-md-ambasadorul-poloniei-in-moldova-a-discutat-cu-liderul-de-la-tiraspol-evolutia-reglementarii-transnistrene\/","title":{"rendered":"Infotag.md &#8211; AMBASADORUL POLONIEI \u00ceN MOLDOVA A DISCUTAT CU LIDERUL DE LA TIRASPOL EVOLU\u021aIA REGLEMENT\u0102RII TRANSNISTRENE"},"content":{"rendered":"<p>Reglementarea rela\u021biilor \u00eentre Moldova \u0219i Transnistria a constituit subiectul discu\u021biilor la \u00eentrevederea de mar\u021bi, la Tiraspol, a Ambasadorului Poloniei \u00een RM, Bartlomiej Zdaniuk, cu pre\u0219edintele autoproclamatei RMN, vadim Krasonselski.<\/p>\n<p>Potrivit agen\u021biei INFOTAG cu referire la site-ul liderului de la Tiraspol, Krasnoselski a spus c\u0103 Transnistria \u201eeste interesat\u0103 de dezvoltarea unui dialog care s\u0103 permit\u0103 luarea unor decizii bine chibzuite, care s\u0103 convin\u0103 tuturor p\u0103r\u021bilor implicate \u00een formatul de negocieri\u201d.<\/p>\n<p>\u201ePolonia, ca membru al Uniunii Europene \u0219i OSCE, nu particip\u0103 direct la formatul \u201e5+2\u201d, dar este interesat\u0103 de acest proces. Dac\u0103 vorbim despre conflicte \u00eenghe\u021bate, atunci Transnistria este, din punct de vedere teritorial, cel mai apropiat exemplu pentru Polonia de un astfel de conflict. Pentru noi este important s\u0103 cre\u0103m condi\u021bii de securitate \u00een Europa Central\u0103 \u0219i de Est, ceea ce reprezint\u0103 o garan\u021bie pentru existen\u021ba pa\u0219nic\u0103 a Poloniei \u0219i dezvoltarea stabil\u0103 a economiei sale. Pentru noi este important s\u0103 dep\u0103\u0219im conflictele existente c\u00e2t mai cur\u00e2nd posibil\u201d, a prezentat Bartlomiej Zdaniuk pozi\u021bia Poloniei.<\/p>\n<p>Diplomatul \u0219i-a exprimat satisfac\u021bia fa\u021b\u0103 de acordurile \u00eencheiate \u00een 2017, \u00een special cu privire la deschiderea podului peste Nistru l\u00e2ng\u0103 satul Gura Galbenei, pe unde delega\u021bia a venit de la Chi\u0219in\u0103u la Tiraspol.<\/p>\n<p>\u201eEste interesant s\u0103 vedem cum vor fi implementate \u0219i celelalte acorduri, \u00een special, cu privire la recunoa\u0219terea diplomelor transnistrene de studii superioare\u201d, a spus ambasadorul, subliniind c\u0103, pentru el, ca om care a muncit o bun\u0103 parte din via\u021b\u0103 la Universitatea din Var\u0219ovia, problemele din domeniul educa\u021biei sunt extrem de importante.<\/p>\n<p>Sursa:<\/p>\n<p>http:\/\/www.infotag.md\/rebelion-ro\/259020\/<\/p>\n","protected":false},"excerpt":{"rendered":"<p>Reglementarea rela\u021biilor \u00eentre Moldova \u0219i Transnistria a constituit subiectul discu\u021biilor la \u00eentrevederea de mar\u021bi, la Tiraspol, a Ambasadorului Poloniei \u00een RM, Bartlomiej Zdaniuk, cu pre\u0219edintele autoproclamatei RMN, vadim Krasonselski. Potrivit agen\u021biei INFOTAG cu referire la site-ul liderului de la Tiraspol, Krasnoselski a spus c\u0103 Transnistria \u201eeste interesat\u0103 de dezvoltarea unui dialog care s\u0103 permit\u0103 luarea&#8230;<\/p>\n","protected":false},"author":2,"featured_media":0,"comment_status":"closed","ping_status":"open","sticky":false,"template":"","format":"standard","meta":[],"categories":[1],"tags":[],"_links":{"self":[{"href":"https:\/\/centers.ulbsibiu.ro\/ccsprise\/lact\/wp-json\/wp\/v2\/posts\/4180"}],"collection":[{"href":"https:\/\/centers.ulbsibiu.ro\/ccsprise\/lact\/wp-json\/wp\/v2\/posts"}],"about":[{"href":"https:\/\/centers.ulbsibiu.ro\/ccsprise\/lact\/wp-json\/wp\/v2\/types\/post"}],"author":[{"embeddable":true,"href":"https:\/\/centers.ulbsibiu.ro\/ccsprise\/lact\/wp-json\/wp\/v2\/users\/2"}],"replies":[{"embeddable":true,"href":"https:\/\/centers.ulbsibiu.ro\/ccsprise\/lact\/wp-json\/wp\/v2\/comments?post=4180"}],"version-history":[{"count":1,"href":"https:\/\/centers.ulbsibiu.ro\/ccsprise\/lact\/wp-json\/wp\/v2\/posts\/4180\/revisions"}],"predecessor-version":[{"id":4181,"href":"https:\/\/centers.ulbsibiu.ro\/ccsprise\/lact\/wp-json\/wp\/v2\/posts\/4180\/revisions\/4181"}],"wp:attachment":[{"href":"https:\/\/centers.ulbsibiu.ro\/ccsprise\/lact\/wp-json\/wp\/v2\/media?parent=4180"}],"wp:term":[{"taxonomy":"category","embeddable":true,"href":"https:\/\/centers.ulbsibiu.ro\/ccsprise\/lact\/wp-json\/wp\/v2\/categories?post=4180"},{"taxonomy":"post_tag","embeddable":true,"href":"https:\/\/centers.ulbsibiu.ro\/ccsprise\/lact\/wp-json\/wp\/v2\/tags?post=4180"}],"curies":[{"name":"wp","href":"https:\/\/api.w.org\/{rel}","templated":true}]}}