{"id":4178,"date":"2018-01-31T16:46:21","date_gmt":"2018-01-31T14:46:21","guid":{"rendered":"https:\/\/centers.ulbsibiu.ro\/ccsprise\/lact\/?p=4178"},"modified":"2018-01-31T16:46:21","modified_gmt":"2018-01-31T14:46:21","slug":"allmoldova-com-in-2018-transnistria-va-organiza-concentrarea-speciala-si-de-instruire-pentru-rezervisti","status":"publish","type":"post","link":"https:\/\/centers.ulbsibiu.ro\/ccsprise\/lact\/allmoldova-com-in-2018-transnistria-va-organiza-concentrarea-speciala-si-de-instruire-pentru-rezervisti\/","title":{"rendered":"Allmoldova.com &#8211; \u00cen 2018, Transnistria va organiza concentrarea special\u0103 \u015fi de instruire pentru rezervi\u015fti"},"content":{"rendered":"<p class=\"lead-text\">n 2018, \u00een Transnistria vor avea loc un \u015fir de concentr\u0103ri speciale \u015fi de instruire pentru rezervi\u015fti cu scopul de a preg\u0103ti speciali\u015fti din r\u00e2ndul celor care \u00ee\u015fi fac serviciul militar, de a \u00eembun\u0103t\u0103\u0163i preg\u0103tirea de lupt\u0103 a unit\u0103\u0163ilor militare ale for\u0163elor armate ale RMN, de a completa contingentul militar al for\u0163elor de men\u0163inere a p\u0103cii.<\/p>\n<div class=\"content-container\">\n<p>Decretul \u00een acest sens a fost semnat \u00een ajun de liderul de la Tiraspol, Vadim Krasnoselski, transmite Infotag.<\/p>\n<p>Potrivit documentului, limita de recrutare pentru contingentul militar \u00een for\u0163ele de men\u0163inere a p\u0103cii \u00een Transnistria la concentrarea special\u0103 pe un termen de p\u00e2n\u0103 la trei lu ni este prev\u0103zut\u0103 la nivelul de 2060 de persoane, inclusiv 52 de ofi\u0163eri \u00een rezerv\u0103 \u015fi 2008 de sergen\u0163i \u015fi solda\u0163i \u00een rezerv\u0103.<\/p>\n<p>Datele privind celelalte concentr\u0103ri \u015fi num\u0103rul de participan\u0163i sunt secretizate.<\/p>\n<\/div>\n<div class=\"post-info\">\n<div class=\"post-author\">\n<div class=\"author-desc\" style=\"text-align: right;\"><a class=\"link\" href=\"http:\/\/infotag.md\/\" target=\"_blank\" rel=\"noopener\">infotag.md<\/a><\/div>\n<\/div>\n<div>Sursa:<\/div>\n<div><a href=\"http:\/\/www.allmoldova.com\/ro\/news\/in-2018-transnistria-va-organiza-concentrarea-speciala-si-de-instruire-pentru-rezervisti\">http:\/\/www.allmoldova.com\/ro\/news\/in-2018-transnistria-va-organiza-concentrarea-speciala-si-de-instruire-pentru-rezervisti<\/a><\/div>\n<\/div>\n","protected":false},"excerpt":{"rendered":"<p>n 2018, \u00een Transnistria vor avea loc un \u015fir de concentr\u0103ri speciale \u015fi de instruire pentru rezervi\u015fti cu scopul de a preg\u0103ti speciali\u015fti din r\u00e2ndul celor care \u00ee\u015fi fac serviciul militar, de a \u00eembun\u0103t\u0103\u0163i preg\u0103tirea de lupt\u0103 a unit\u0103\u0163ilor militare ale for\u0163elor armate ale RMN, de a completa contingentul militar al for\u0163elor de men\u0163inere a&#8230;<\/p>\n","protected":false},"author":2,"featured_media":0,"comment_status":"closed","ping_status":"open","sticky":false,"template":"","format":"standard","meta":[],"categories":[1],"tags":[],"_links":{"self":[{"href":"https:\/\/centers.ulbsibiu.ro\/ccsprise\/lact\/wp-json\/wp\/v2\/posts\/4178"}],"collection":[{"href":"https:\/\/centers.ulbsibiu.ro\/ccsprise\/lact\/wp-json\/wp\/v2\/posts"}],"about":[{"href":"https:\/\/centers.ulbsibiu.ro\/ccsprise\/lact\/wp-json\/wp\/v2\/types\/post"}],"author":[{"embeddable":true,"href":"https:\/\/centers.ulbsibiu.ro\/ccsprise\/lact\/wp-json\/wp\/v2\/users\/2"}],"replies":[{"embeddable":true,"href":"https:\/\/centers.ulbsibiu.ro\/ccsprise\/lact\/wp-json\/wp\/v2\/comments?post=4178"}],"version-history":[{"count":1,"href":"https:\/\/centers.ulbsibiu.ro\/ccsprise\/lact\/wp-json\/wp\/v2\/posts\/4178\/revisions"}],"predecessor-version":[{"id":4179,"href":"https:\/\/centers.ulbsibiu.ro\/ccsprise\/lact\/wp-json\/wp\/v2\/posts\/4178\/revisions\/4179"}],"wp:attachment":[{"href":"https:\/\/centers.ulbsibiu.ro\/ccsprise\/lact\/wp-json\/wp\/v2\/media?parent=4178"}],"wp:term":[{"taxonomy":"category","embeddable":true,"href":"https:\/\/centers.ulbsibiu.ro\/ccsprise\/lact\/wp-json\/wp\/v2\/categories?post=4178"},{"taxonomy":"post_tag","embeddable":true,"href":"https:\/\/centers.ulbsibiu.ro\/ccsprise\/lact\/wp-json\/wp\/v2\/tags?post=4178"}],"curies":[{"name":"wp","href":"https:\/\/api.w.org\/{rel}","templated":true}]}}