{"id":4176,"date":"2018-01-31T16:44:14","date_gmt":"2018-01-31T14:44:14","guid":{"rendered":"https:\/\/centers.ulbsibiu.ro\/ccsprise\/lact\/?p=4176"},"modified":"2018-01-31T16:44:14","modified_gmt":"2018-01-31T14:44:14","slug":"gov-md-vizita-de-lucru-a-viceprim-ministrului-cristina-lesnic-in-raionul-dubasari","status":"publish","type":"post","link":"https:\/\/centers.ulbsibiu.ro\/ccsprise\/lact\/gov-md-vizita-de-lucru-a-viceprim-ministrului-cristina-lesnic-in-raionul-dubasari\/","title":{"rendered":"Gov.md &#8211; Vizita de lucru a Viceprim-ministrului Cristina Lesnic \u00een raionul Dub\u0103sari"},"content":{"rendered":"<p>Ieri, 30 ianuarie 2018, Viceprim-ministrul Cristina Lesnic a efectuat o vizit\u0103 de lucru \u00een raionul Dub\u0103sari, unde s-a \u00eent\u00e2lnit cu Pre\u0219edintele raionului Grigore Policinschi, cu primarii localit\u0103\u021bilor din acest raion, dar \u0219i locuitorii \u0219i proprietarii de terenuri agricole amplasate dup\u0103 traseul R\u00e2bni\u0163a-Tiraspol.<\/p>\n<p>Subiectul central al discu\u021biilor a vizat situa\u021bia terenurilor arabile de dup\u0103 traseu \u0219i m\u0103surile ce se impun a fi \u00eentreprinse \u00een vederea restabilirii accesului la acestea, prelucr\u0103rii nestingherite, transport\u0103rii f\u0103r\u0103 careva impedimente a materialului semincer \u0219i a produselor recoltate prin a\u0219a-numitele puncte de trecere de pe linia administrativ\u0103, \u00een corespundere cu angajamentele convenite prin Decizia protocolar\u0103 \u201eCu privire la unele m\u0103suri de reglementare a problemelor legate de realizarea \u201eMecanismului din anul 2006\u201d referitor la utilizarea terenurilor agricole, amplasate \u00een raionul Dub\u0103sari, dup\u0103 traseul Tiraspol-Camenca\u201d, semnat\u0103 pe 25 noiembrie 2017, la nivel de reprezentan\u021bi politici \u00een procesul de negocieri pentru reglementarea transnistrean\u0103 din partea Chi\u015fin\u0103ului \u015fi Tiraspolului.<\/p>\n<p>La acest subiect Viceprim-ministrul a dispus accelerarea procesului de colectare a documenta\u021biei necesare \u00eentru a face posibil\u0103 intrarea \u00een posesie dar \u0219i prelucrarea c\u00e2t mai rapid\u0103 de c\u0103tre fermieri a terenurilor agricole amplasate dup\u0103 traseul Tiraspol-Camenca.<\/p>\n<p>Totodat\u0103, cu acest prilej, a fost expus audien\u021bei publicului larg particularit\u0103\u021bile Programului de reintegrare pentru anul 2018, Vicepremierul Cristina Lesnic punct\u00e2nd c\u0103 viitoarele proiecte trebuie s\u0103 aduc\u0103 un impact social pozitiv pentru localit\u0103\u021bile din Zona de Securitate \u00eentru a spori vizibil nivelul de trai din aceast\u0103 zon\u0103.<\/p>\n<p>La final, dna Cristina Lesnic a exprimat gratitudine tuturor celor prezen\u021bi \u0219i a dat asigur\u0103ri c\u0103 autorit\u0103\u021bile publice centrale vor sus\u021bine \u00een continuare locuitorii din raionul Dub\u0103sari pentru a dep\u0103\u015fi dificult\u0103\u0163ile existente.<\/p>\n<p>&nbsp;<\/p>\n<p>Sursa:<\/p>\n<p><a href=\"http:\/\/www.gov.md\/ro\/content\/vizita-de-lucru-viceprim-ministrului-cristina-lesnic-raionul-dubasari\">http:\/\/www.gov.md\/ro\/content\/vizita-de-lucru-viceprim-ministrului-cristina-lesnic-raionul-dubasari<\/a><\/p>\n<p>&nbsp;<\/p>\n<p>&nbsp;<\/p>\n","protected":false},"excerpt":{"rendered":"<p>Ieri, 30 ianuarie 2018, Viceprim-ministrul Cristina Lesnic a efectuat o vizit\u0103 de lucru \u00een raionul Dub\u0103sari, unde s-a \u00eent\u00e2lnit cu Pre\u0219edintele raionului Grigore Policinschi, cu primarii localit\u0103\u021bilor din acest raion, dar \u0219i locuitorii \u0219i proprietarii de terenuri agricole amplasate dup\u0103 traseul R\u00e2bni\u0163a-Tiraspol. Subiectul central al discu\u021biilor a vizat situa\u021bia terenurilor arabile de dup\u0103 traseu \u0219i&#8230;<\/p>\n","protected":false},"author":2,"featured_media":0,"comment_status":"closed","ping_status":"open","sticky":false,"template":"","format":"standard","meta":[],"categories":[1],"tags":[],"_links":{"self":[{"href":"https:\/\/centers.ulbsibiu.ro\/ccsprise\/lact\/wp-json\/wp\/v2\/posts\/4176"}],"collection":[{"href":"https:\/\/centers.ulbsibiu.ro\/ccsprise\/lact\/wp-json\/wp\/v2\/posts"}],"about":[{"href":"https:\/\/centers.ulbsibiu.ro\/ccsprise\/lact\/wp-json\/wp\/v2\/types\/post"}],"author":[{"embeddable":true,"href":"https:\/\/centers.ulbsibiu.ro\/ccsprise\/lact\/wp-json\/wp\/v2\/users\/2"}],"replies":[{"embeddable":true,"href":"https:\/\/centers.ulbsibiu.ro\/ccsprise\/lact\/wp-json\/wp\/v2\/comments?post=4176"}],"version-history":[{"count":1,"href":"https:\/\/centers.ulbsibiu.ro\/ccsprise\/lact\/wp-json\/wp\/v2\/posts\/4176\/revisions"}],"predecessor-version":[{"id":4177,"href":"https:\/\/centers.ulbsibiu.ro\/ccsprise\/lact\/wp-json\/wp\/v2\/posts\/4176\/revisions\/4177"}],"wp:attachment":[{"href":"https:\/\/centers.ulbsibiu.ro\/ccsprise\/lact\/wp-json\/wp\/v2\/media?parent=4176"}],"wp:term":[{"taxonomy":"category","embeddable":true,"href":"https:\/\/centers.ulbsibiu.ro\/ccsprise\/lact\/wp-json\/wp\/v2\/categories?post=4176"},{"taxonomy":"post_tag","embeddable":true,"href":"https:\/\/centers.ulbsibiu.ro\/ccsprise\/lact\/wp-json\/wp\/v2\/tags?post=4176"}],"curies":[{"name":"wp","href":"https:\/\/api.w.org\/{rel}","templated":true}]}}