{"id":4172,"date":"2018-01-30T18:04:13","date_gmt":"2018-01-30T16:04:13","guid":{"rendered":"https:\/\/centers.ulbsibiu.ro\/ccsprise\/lact\/?p=4172"},"modified":"2018-01-30T18:04:13","modified_gmt":"2018-01-30T16:04:13","slug":"infotag-md-tiraspolul-a-intreprins-masuri-pentru-solutionarea-problemei-functionarii-scolilor-moldovenesti-in-transnistria","status":"publish","type":"post","link":"https:\/\/centers.ulbsibiu.ro\/ccsprise\/lact\/infotag-md-tiraspolul-a-intreprins-masuri-pentru-solutionarea-problemei-functionarii-scolilor-moldovenesti-in-transnistria\/","title":{"rendered":"Infotag.md &#8211; TIRASPOLUL A \u00ceNTREPRINS M\u0102SURI PENTRU SOLU\u021aIONAREA PROBLEMEI FUNC\u021aION\u0102RII \u0218COLILOR MOLDOVENE\u0218TI \u00ceN TRANSNISTRIA"},"content":{"rendered":"<p>Guvernul Transnistriei va stabili \u201eprocedura \u0219i condi\u021biile de \u00eencheierea a contractelor de loca\u021biune a bunurilor de stat \u0219i municipale de c\u0103tre organiza\u021biile de \u00eenv\u0103\u021b\u0103m\u00e2nt general cu predare \u00een grafie latin\u0103\u201d.<\/p>\n<p>Potrivit agen\u021biei INFOTAG, aceasta prev\u0103d complet\u0103rile la legisla\u021bia autoproclamatei RMN, semnate mar\u021bi de pre\u0219edintele transnistrean vadim Krasnoselski, care vor intra \u00een vigoare miercuri, 31 ianuarie.<\/p>\n<p>Proiectul de lege a fost elaborat de guvern la ini\u021biativa Ministerului de Externe al regiunii \u0219i a fost adoptat s\u0103pt\u0103m\u00e2na trecut\u0103 de Sovietul Suprem \u00een dou\u0103 lecturi.<\/p>\n<p>Potrivit ministrului Afacerilor Externe, Vitalii Ignatiev, documentul are drept scop punerea \u00een aplicare de c\u0103tre partea transnistrean\u0103 a \u201e\u00een\u021belegerilor privind asigurarea func\u021bion\u0103rii \u0219colilor moldovene\u0219ti cu predare \u00een grafie latin\u0103, atinse la 25 noiembrie 2017 la Bender la nivelul reprezentan\u021bilor politici ai Moldovei \u0219i Transnistriei\u201d, precum \u0219i a \u201eDeciziei de protocol privind asigurarea func\u021bion\u0103rii \u0219colilor moldovene\u0219ti cu predare \u00een grafie latin\u0103\u201d, semnat\u0103 la Viena la sf\u00e2r\u0219itul anului 2017.<\/p>\n<p>\u00cen Transnistria func\u021bioneaz\u0103 opt \u0219coli cu predare \u00een grafie latin\u0103 \u00een baza programelor de \u00eenv\u0103\u021b\u0103m\u00e2nt ale Republicii Moldova. \u00cen \u0219coli \u00eenva\u021b\u0103 peste o mie de copii. Autorit\u0103\u021bile din regiune \u00eempiedic\u0103 activitatea \u0219colilor, cer\u00e2nd ca acestea s\u0103 fie \u00eenregistrate la Tiraspol, s\u0103 pl\u0103teasc\u0103 impozite \u00een conformitate cu legisla\u021bia local\u0103, iar procesul educa\u021bional s\u0103 se desf\u0103\u0219oare dup\u0103 legile transnistrene. Aceast\u0103 problem\u0103 a constituit de numeroase ori subiect de examinare la Curtea European\u0103 a Drepturilor Omului, care a declarat c\u0103 Federa\u021bia Rus\u0103 este vinovat\u0103 de limitarea dreptul de a preda \u0219i de a \u00eenv\u0103\u021ba \u00een limba matern\u0103. Problema \u00eens\u0103 a r\u0103mas nerezolvat\u0103 p\u00e2n\u0103 acum, iar Moldova ridica aceast\u0103 chestiune la toate platformele de negocieri.<\/p>\n<p>Sursa:<\/p>\n<p><a href=\"http:\/\/www.infotag.md\/rebelion-ro\/259007\/\">http:\/\/www.infotag.md\/rebelion-ro\/259007\/<\/a><\/p>\n<p>&nbsp;<\/p>\n","protected":false},"excerpt":{"rendered":"<p>Guvernul Transnistriei va stabili \u201eprocedura \u0219i condi\u021biile de \u00eencheierea a contractelor de loca\u021biune a bunurilor de stat \u0219i municipale de c\u0103tre organiza\u021biile de \u00eenv\u0103\u021b\u0103m\u00e2nt general cu predare \u00een grafie latin\u0103\u201d. Potrivit agen\u021biei INFOTAG, aceasta prev\u0103d complet\u0103rile la legisla\u021bia autoproclamatei RMN, semnate mar\u021bi de pre\u0219edintele transnistrean vadim Krasnoselski, care vor intra \u00een vigoare miercuri, 31 ianuarie&#8230;.<\/p>\n","protected":false},"author":2,"featured_media":0,"comment_status":"closed","ping_status":"open","sticky":false,"template":"","format":"standard","meta":[],"categories":[1],"tags":[],"_links":{"self":[{"href":"https:\/\/centers.ulbsibiu.ro\/ccsprise\/lact\/wp-json\/wp\/v2\/posts\/4172"}],"collection":[{"href":"https:\/\/centers.ulbsibiu.ro\/ccsprise\/lact\/wp-json\/wp\/v2\/posts"}],"about":[{"href":"https:\/\/centers.ulbsibiu.ro\/ccsprise\/lact\/wp-json\/wp\/v2\/types\/post"}],"author":[{"embeddable":true,"href":"https:\/\/centers.ulbsibiu.ro\/ccsprise\/lact\/wp-json\/wp\/v2\/users\/2"}],"replies":[{"embeddable":true,"href":"https:\/\/centers.ulbsibiu.ro\/ccsprise\/lact\/wp-json\/wp\/v2\/comments?post=4172"}],"version-history":[{"count":1,"href":"https:\/\/centers.ulbsibiu.ro\/ccsprise\/lact\/wp-json\/wp\/v2\/posts\/4172\/revisions"}],"predecessor-version":[{"id":4173,"href":"https:\/\/centers.ulbsibiu.ro\/ccsprise\/lact\/wp-json\/wp\/v2\/posts\/4172\/revisions\/4173"}],"wp:attachment":[{"href":"https:\/\/centers.ulbsibiu.ro\/ccsprise\/lact\/wp-json\/wp\/v2\/media?parent=4172"}],"wp:term":[{"taxonomy":"category","embeddable":true,"href":"https:\/\/centers.ulbsibiu.ro\/ccsprise\/lact\/wp-json\/wp\/v2\/categories?post=4172"},{"taxonomy":"post_tag","embeddable":true,"href":"https:\/\/centers.ulbsibiu.ro\/ccsprise\/lact\/wp-json\/wp\/v2\/tags?post=4172"}],"curies":[{"name":"wp","href":"https:\/\/api.w.org\/{rel}","templated":true}]}}