{"id":4162,"date":"2018-01-29T18:18:00","date_gmt":"2018-01-29T16:18:00","guid":{"rendered":"https:\/\/centers.ulbsibiu.ro\/ccsprise\/lact\/?p=4162"},"modified":"2018-01-29T18:18:00","modified_gmt":"2018-01-29T16:18:00","slug":"infotag-md-liderul-de-la-tiraspol-sustine-ca-in-dialogul-cu-moldova-se-atesta-o-avansare-serioasa","status":"publish","type":"post","link":"https:\/\/centers.ulbsibiu.ro\/ccsprise\/lact\/infotag-md-liderul-de-la-tiraspol-sustine-ca-in-dialogul-cu-moldova-se-atesta-o-avansare-serioasa\/","title":{"rendered":"Infotag.md &#8211; LIDERUL DE LA TIRASPOL SUS\u021aINE C\u0102 \u00ceN DIALOGUL CU MOLDOVA SE ATEST\u0102 O \u201eAVANSARE SERIOAS\u0102\u201d"},"content":{"rendered":"<p>Pre\u0219edintele autoproclamatei RMN, Vadim Krasnoselski, consider\u0103 c\u0103 \u00een anul 2017 \u00een rela\u021biile cu Moldova s-a produs \u201eo avansare serioas\u0103, \u00een pofida unei \u00eencetiniri a negociatorilor moldoveni \u0219i \u201enehot\u0103r\u00e2rii\u201d Pre\u0219edin\u021biei Austriei \u00een OSCE.<\/p>\n<p>Potrivit agen\u021biei INFOTAG cu referire la site-ul liderului de la Tiraspol, despre aceasta el a declarat la \u00eentrevederea de vineri cu reprezentantul special al Ucrainei pentru reglementarea transnistrean\u0103, Viktor Krijanovski.<\/p>\n<p>Krasnoselski a confirmat \u201eata\u0219amentul Transnistriei la un dialog constructiv consistent\u201d, men\u00e2ion\u00e2nd c\u0103 Tiraspolul a f\u0103cut \u201eeforturi semnificative pentru a ajunge la un compromis\u201d.<\/p>\n<p>Potrivit lui, \u00eenc\u0103 la sf\u00e2r\u0219itul anului 2016 &#8211; \u00eenceputul anului 2017, el a identificat cinci domenii pentru care necesitau luarea unor decizii imediate pentru rezolvarea problemelor acute.<\/p>\n<p>\u201eAcum trebuie s\u0103 facem tot posibilul pentru a pune \u00een aplicare acordurile la care s-a ajuns (la reuniuniea din decembrie, la Viena, \u00een formatul \u201e5+2\u201d\u2013 \u201eI.\u201d). Actualmente, discutarea acestor chestiuni se afl\u0103 la etapa de rezolvare a problemelor tehnice\u201d, a spus Krasnoselski.<\/p>\n<p>Diplomatul ucrainean consider\u0103, de asemenea, c\u0103 2017 \u201es-a lucrat bine\u201d.<\/p>\n<p>\u201eM\u0103 bucur c\u0103 sf\u00e2r\u0219itul anului s-a dovedit a fi at\u00e2t de productiv. To\u021bi au remarcat eficacitatea activit\u0103\u021bii \u0219i dorin\u021ba de a solu\u021biona probleme concrete. Sper c\u0103 \u0219i \u00een acest an vor exista progrese \u00een rezolvarea problemelor practice\u201d, a spus el.<\/p>\n<p>Sursa:<\/p>\n<p><a href=\"http:\/\/www.infotag.md\/rebelion-ro\/258885\/\">http:\/\/www.infotag.md\/rebelion-ro\/258885\/<\/a><\/p>\n","protected":false},"excerpt":{"rendered":"<p>Pre\u0219edintele autoproclamatei RMN, Vadim Krasnoselski, consider\u0103 c\u0103 \u00een anul 2017 \u00een rela\u021biile cu Moldova s-a produs \u201eo avansare serioas\u0103, \u00een pofida unei \u00eencetiniri a negociatorilor moldoveni \u0219i \u201enehot\u0103r\u00e2rii\u201d Pre\u0219edin\u021biei Austriei \u00een OSCE. Potrivit agen\u021biei INFOTAG cu referire la site-ul liderului de la Tiraspol, despre aceasta el a declarat la \u00eentrevederea de vineri cu reprezentantul special&#8230;<\/p>\n","protected":false},"author":2,"featured_media":0,"comment_status":"closed","ping_status":"open","sticky":false,"template":"","format":"standard","meta":[],"categories":[1],"tags":[],"_links":{"self":[{"href":"https:\/\/centers.ulbsibiu.ro\/ccsprise\/lact\/wp-json\/wp\/v2\/posts\/4162"}],"collection":[{"href":"https:\/\/centers.ulbsibiu.ro\/ccsprise\/lact\/wp-json\/wp\/v2\/posts"}],"about":[{"href":"https:\/\/centers.ulbsibiu.ro\/ccsprise\/lact\/wp-json\/wp\/v2\/types\/post"}],"author":[{"embeddable":true,"href":"https:\/\/centers.ulbsibiu.ro\/ccsprise\/lact\/wp-json\/wp\/v2\/users\/2"}],"replies":[{"embeddable":true,"href":"https:\/\/centers.ulbsibiu.ro\/ccsprise\/lact\/wp-json\/wp\/v2\/comments?post=4162"}],"version-history":[{"count":1,"href":"https:\/\/centers.ulbsibiu.ro\/ccsprise\/lact\/wp-json\/wp\/v2\/posts\/4162\/revisions"}],"predecessor-version":[{"id":4163,"href":"https:\/\/centers.ulbsibiu.ro\/ccsprise\/lact\/wp-json\/wp\/v2\/posts\/4162\/revisions\/4163"}],"wp:attachment":[{"href":"https:\/\/centers.ulbsibiu.ro\/ccsprise\/lact\/wp-json\/wp\/v2\/media?parent=4162"}],"wp:term":[{"taxonomy":"category","embeddable":true,"href":"https:\/\/centers.ulbsibiu.ro\/ccsprise\/lact\/wp-json\/wp\/v2\/categories?post=4162"},{"taxonomy":"post_tag","embeddable":true,"href":"https:\/\/centers.ulbsibiu.ro\/ccsprise\/lact\/wp-json\/wp\/v2\/tags?post=4162"}],"curies":[{"name":"wp","href":"https:\/\/api.w.org\/{rel}","templated":true}]}}