{"id":4158,"date":"2018-01-29T17:28:24","date_gmt":"2018-01-29T15:28:24","guid":{"rendered":"https:\/\/centers.ulbsibiu.ro\/ccsprise\/lact\/?p=4158"},"modified":"2020-06-12T18:50:44","modified_gmt":"2020-06-12T16:50:44","slug":"larics-ro-noi-gandim-in-rusa-visam-in-rusa-demitizarea-proiectului-de-reintegrare-a-transnistriei","status":"publish","type":"post","link":"https:\/\/centers.ulbsibiu.ro\/ccsprise\/lact\/larics-ro-noi-gandim-in-rusa-visam-in-rusa-demitizarea-proiectului-de-reintegrare-a-transnistriei\/","title":{"rendered":"Larics.ro &#8211; ,,Noi g\u00e2ndim \u00een rus\u0103, vis\u0103m \u00een rus\u0103\u201d. Demitizarea proiectului de reintegrare a Transnistriei"},"content":{"rendered":"<p>de\u00a0<b><span style=\"color: #1a1a1a;\">Tatiana Cojocari<\/span><\/b><\/p>\n<p>Prin acest articol lans\u0103m o serie de analize tematice dedicate Transnistriei \u0219i realit\u0103\u021bilor politice, economice, culturale \u0219i sociale de acolo. Concluziile sunt bazate pe o cercetare derulat\u0103 \u00een teren pe parcursul anului 2017. Acest demers vine \u00een contextul \u00een care autorit\u0103\u021bile din Republica Moldova au demarat anul trecut o campanie \u0219i competi\u021bie public\u0103 pentru reglementarea conflictului transnistrean, campanie ce anticip\u0103m c\u0103 va continua \u0219i \u00een acest an, 2018 fiind \u00a0an electoral. Transnistria \u2013 ,,vis moldovenesc\u201d \u2013 apare de fiecare dat\u0103 c\u00e2nd interesul politic o cere <strong>f\u0103r\u0103 a avea, \u00eens\u0103, un fundament ra\u021bional \u0219i realizabil.<\/strong> Faptul c\u0103 este invocat\u0103 politic \u00een mod mai degrab\u0103 politicianist nu are darul s\u0103 solu\u021bioneze niciodat\u0103, cu adev\u0103rat, co\u0219marul oamenilor, resemna\u021bi sau nu, de pe cele dou\u0103 maluri ale Nistrului.<\/p>\n<p>Discursul politic despre reintegrarea Transnistriei \u00een Republica Moldova este <strong>o form\u0103 f\u0103r\u0103 fond.<\/strong><\/p>\n<p>Cite\u0219te mai mult:\u00a0<a href=\"http:\/\/larics.ro\/noi-gandim-rusa-visam-rusa-demitizarea-proiectul-de-reintegrare-transnistriei\/\">http:\/\/larics.ro\/noi-gandim-rusa-visam-rusa-demitizarea-proiectul-de-reintegrare-transnistriei\/<\/a><\/p>\n","protected":false},"excerpt":{"rendered":"<p>de\u00a0Tatiana Cojocari Prin acest articol lans\u0103m o serie de analize tematice dedicate Transnistriei \u0219i realit\u0103\u021bilor politice, economice, culturale \u0219i sociale de acolo. Concluziile sunt bazate pe o cercetare derulat\u0103 \u00een teren pe parcursul anului 2017. Acest demers vine \u00een contextul \u00een care autorit\u0103\u021bile din Republica Moldova au demarat anul trecut o campanie \u0219i competi\u021bie public\u0103&#8230;<\/p>\n","protected":false},"author":2,"featured_media":0,"comment_status":"closed","ping_status":"open","sticky":false,"template":"","format":"standard","meta":[],"categories":[1],"tags":[],"_links":{"self":[{"href":"https:\/\/centers.ulbsibiu.ro\/ccsprise\/lact\/wp-json\/wp\/v2\/posts\/4158"}],"collection":[{"href":"https:\/\/centers.ulbsibiu.ro\/ccsprise\/lact\/wp-json\/wp\/v2\/posts"}],"about":[{"href":"https:\/\/centers.ulbsibiu.ro\/ccsprise\/lact\/wp-json\/wp\/v2\/types\/post"}],"author":[{"embeddable":true,"href":"https:\/\/centers.ulbsibiu.ro\/ccsprise\/lact\/wp-json\/wp\/v2\/users\/2"}],"replies":[{"embeddable":true,"href":"https:\/\/centers.ulbsibiu.ro\/ccsprise\/lact\/wp-json\/wp\/v2\/comments?post=4158"}],"version-history":[{"count":3,"href":"https:\/\/centers.ulbsibiu.ro\/ccsprise\/lact\/wp-json\/wp\/v2\/posts\/4158\/revisions"}],"predecessor-version":[{"id":4161,"href":"https:\/\/centers.ulbsibiu.ro\/ccsprise\/lact\/wp-json\/wp\/v2\/posts\/4158\/revisions\/4161"}],"wp:attachment":[{"href":"https:\/\/centers.ulbsibiu.ro\/ccsprise\/lact\/wp-json\/wp\/v2\/media?parent=4158"}],"wp:term":[{"taxonomy":"category","embeddable":true,"href":"https:\/\/centers.ulbsibiu.ro\/ccsprise\/lact\/wp-json\/wp\/v2\/categories?post=4158"},{"taxonomy":"post_tag","embeddable":true,"href":"https:\/\/centers.ulbsibiu.ro\/ccsprise\/lact\/wp-json\/wp\/v2\/tags?post=4158"}],"curies":[{"name":"wp","href":"https:\/\/api.w.org\/{rel}","templated":true}]}}