{"id":4155,"date":"2018-01-28T14:54:33","date_gmt":"2018-01-28T12:54:33","guid":{"rendered":"https:\/\/centers.ulbsibiu.ro\/ccsprise\/lact\/?p=4155"},"modified":"2020-06-12T18:51:10","modified_gmt":"2020-06-12T16:51:10","slug":"promolex-md-protectia-datelor-cu-caracter-personal-drept-incalcat-in-regiunea-transnistreana","status":"publish","type":"post","link":"https:\/\/centers.ulbsibiu.ro\/ccsprise\/lact\/promolex-md-protectia-datelor-cu-caracter-personal-drept-incalcat-in-regiunea-transnistreana\/","title":{"rendered":"Promolex.md &#8211; Protec\u021bia datelor cu caracter personal \u2013 drept \u00eenc\u0103lcat \u00een regiunea transnistrean\u0103"},"content":{"rendered":"<p>La data de 28 ianuarie este marcat\u0103 <em>Ziua Interna\u021bional\u0103 a Protec\u021biei Datelor cu Caracter Personal<\/em> \u2013 drept fundamental garantat fiec\u0103rui individ.<br \/>\nCu aceast\u0103 ocazie, Asocia\u021bia Promo-LEX, \u021bine s\u0103 reaminteasc\u0103 gravele \u00eenc\u0103lc\u0103ri ale acestui drept \u00een Republica Moldova, inclusiv \u00een regiunea transnistrean\u0103.<\/p>\n<p>Administra\u021bia de la Tiraspol \u00a0\u00eencalc\u0103 de ani de zile \u00een mod brutal dreptul la respectarea vie\u021bii private, prin prelucrarea datelor cu caracter personal \u00een afara unui cadru legal \u0219i \u00een afara unei monitoriz\u0103ri de c\u0103tre o institu\u021bie abilitat\u0103.<\/p>\n<p>Orice reflectare a informa\u021biei \u00een mass-media trebuie s\u0103 respecte principalele standarde de protec\u021bie ale dreptului la via\u021b\u0103 privat\u0103, care include \u0219i asigurarea protej\u0103rii datelor cu caracter personal.<br \/>\nDifuzarea \u00een cronica criminal\u0103 a unor comunicate de pres\u0103, video-reportaje cu titluri de acuzare, de ridiculizare sau umilire; difuzarea unor comunicate de pres\u0103, video-reportaje ce con\u021bin date cu caracter personal care necesit\u0103 a fi protejate, inclusiv din via\u021ba \u00a0minorilor \u2013 sunt practici sistemice \u00a0aplicate de \u00a0\u201dorganele de drept\u201d din regiune, fa\u021b\u0103 de care, opinia public\u0103 din regiune s-a obi\u0219nuit \u0219i pe care, din nefericire, oamenii le percep ca \u0219i cum aceasta ar fi starea de normalitate \u0219i purul adev\u0103r.<br \/>\nPe l\u00e2ng\u0103 faptul c\u0103 aceste comunicate de pres\u0103, prin \u00eens\u0103\u0219i titlurile lor \u00eencalc\u0103 prezum\u021bia de nevinov\u0103\u021bie, cre\u00e2nd aparen\u021ba unei vinov\u0103\u021bii dovedite \u00eenc\u0103 la faza de \u201danchet\u0103\u201d, prin detalierea exagerat\u0103 a datelor personale, aceste comunicate \u00eencalc\u0103 flagrant dreptul la via\u021ba privat\u0103 a persoanei. De asemenea, aceste comunicate de pres\u0103 abund\u0103 \u0219i \u00een informa\u021bii medicale, ce constituie date cu caracter personal privind secretul medical \u0219i care nu pot fi publicate, dec\u00e2t cu acordul direct al persoanei vizate.<\/p>\n<p>\u201e\u00cen regiunea transnistrean\u0103 a Republicii Moldova, protec\u021bia datelor cu caracter personal r\u0103m\u00e2ne a fi \u00eenc\u0103 o valoare iluzorie, deoarece nu exist\u0103 un mecanism de control autonom \u0219i independent de administra\u021bia de la Tiraspol, care ar oferi garan\u021bii \u00een prevenirea prelucr\u0103rii abuzive a datelor cu caracter personal. Lipsa unor \u201dorgane de drept\u201d legale; existen\u021ba unui quasi \u201dsistem judiciar\u201d care opereaz\u0103 \u00een baza unei \u201dlegisla\u021bii\u201d incompatibile cu garan\u021biile CEDO; existen\u021ba unor quasi \u201dorgane de drept\u201d lipsite de independen\u021b\u0103, m\u0103cinate de corup\u021bie \u0219i implicate \u00een s\u0103v\u00e2r\u0219irea crimelor \u2013 aceasta este realitatea \u00een care tr\u0103iesc zi de zi cet\u0103\u021benii Republicii Moldova din regiunea transnistrean\u0103\u201d, \u00a0men\u021bioneaz\u0103 Nicoleta Hripliv\u00eei, avocat\u0103 a Asocia\u021biei Promo-LEX.<\/p>\n<p>Problema schimbului de informa\u021bii care con\u021bin date cu caracter personal \u00eentre autorit\u0103\u021bile constitu\u021bionale ale Republicii Moldova \u0219i administra\u021bia de facto de la Tiraspol este actual\u0103 \u0219i ast\u0103zi. Aceste fenomen este reflectat \u0219i prin frecventele adres\u0103ri ale beneficiarilor no\u0219tri \u0219i dosarele \u00een care Asocia\u021bia Promo-LEX ofer\u0103 asisten\u021b\u0103 juridic\u0103.<\/p>\n<p>Informa\u021bia despre \u201dcauzele penale\u201d intentate de c\u0103tre administra\u021bia de facto de la Tiraspol este introdus\u0103 \u00een <em>Registrul informa\u021biei criminalistice \u0219i criminologice al Republicii Moldova<\/em>, unde obiectele \u00eenregistr\u0103rii con\u021binute \u00een acest Registru trebuie s\u0103 fie doar cauzele penale intentate de c\u0103tre autorit\u0103\u021bile constitu\u021bionale ale Republicii Moldova.<\/p>\n<p>\u201eAcest fenomen genereaz\u0103 probleme complexe. Pe de-o parte, avem situa\u021bia c\u00e2nd autorit\u0103\u021bile Republicii Moldova asimileaz\u0103 \u201dcauzele penale\u201d ini\u021biate \u0219i investigate de c\u0103tre structurile nerecunoscute din st\u00e2nga Nistrului, cu cauzele penale ini\u021biate de organele de drept constitu\u021bionale. Iar pe de alt\u0103 parte, procedura de radiere a acestor date cu caracter personal din registrul men\u021bionat, este una defectuoas\u0103 \u0219i neclar\u0103. Ca efect, locuitorii din localit\u0103\u021bile din st\u00e2nga Nistrului \u00eent\u00e2mpin\u0103 dificult\u0103\u021bi \u00een eliberarea documentelor oficiale, pentru c\u0103 ar avea antecedente penale\u201d, zice Pavel Cazacu, jurist al Asocia\u021biei Promo-LEX.<\/p>\n<p>\u00cen concluzie, Promo-LEX atrage aten\u021bia asupra faptului c\u0103 prin hot\u0103r\u00e2rile Cur\u021bii Europene a Drepturilor Omului, Republica Moldova este obligat\u0103 s\u0103 protejeze drepturile cet\u0103\u021benilor care locuiesc \u00een regiunea transnistrean\u0103. De asemenea, protec\u021bia datelor cu caracter personal joac\u0103 un rol fundamental pentru exercitarea dreptului la respectarea vie\u021bii private, iar legisla\u021bia na\u021bional\u0103 trebuie s\u0103 ofere garan\u021bii adecvate a respect\u0103rii acestui drept pe \u00eentreg teritoriu al Republicii Moldova.<\/p>\n<p>Sursa:<\/p>\n<blockquote class=\"wp-embedded-content\" data-secret=\"njjrONYMsv\"><p><a href=\"https:\/\/promolex.md\/11465-protectia-datelor-cu-caracter-personal-drept-incalcat-in-regiunea-transnistreana\/?lang=ro\">Protec\u021bia datelor cu caracter personal \u2013 drept \u00eenc\u0103lcat \u00een regiunea transnistrean\u0103<\/a><\/p><\/blockquote>\n<p><iframe class=\"wp-embedded-content\" sandbox=\"allow-scripts\" security=\"restricted\" style=\"position: absolute; clip: rect(1px, 1px, 1px, 1px);\" title=\"&#8222;Protec\u021bia datelor cu caracter personal \u2013 drept \u00eenc\u0103lcat \u00een regiunea transnistrean\u0103&#8221; &#8212; Promo-LEX\" src=\"https:\/\/promolex.md\/11465-protectia-datelor-cu-caracter-personal-drept-incalcat-in-regiunea-transnistreana\/?lang=ro\/embed\/#?secret=njjrONYMsv\" data-secret=\"njjrONYMsv\" width=\"600\" height=\"338\" frameborder=\"0\" marginwidth=\"0\" marginheight=\"0\" scrolling=\"no\"><\/iframe><\/p>\n","protected":false},"excerpt":{"rendered":"<p>La data de 28 ianuarie este marcat\u0103 Ziua Interna\u021bional\u0103 a Protec\u021biei Datelor cu Caracter Personal \u2013 drept fundamental garantat fiec\u0103rui individ. Cu aceast\u0103 ocazie, Asocia\u021bia Promo-LEX, \u021bine s\u0103 reaminteasc\u0103 gravele \u00eenc\u0103lc\u0103ri ale acestui drept \u00een Republica Moldova, inclusiv \u00een regiunea transnistrean\u0103. Administra\u021bia de la Tiraspol \u00a0\u00eencalc\u0103 de ani de zile \u00een mod brutal dreptul la&#8230;<\/p>\n","protected":false},"author":2,"featured_media":0,"comment_status":"closed","ping_status":"open","sticky":false,"template":"","format":"standard","meta":[],"categories":[1],"tags":[],"_links":{"self":[{"href":"https:\/\/centers.ulbsibiu.ro\/ccsprise\/lact\/wp-json\/wp\/v2\/posts\/4155"}],"collection":[{"href":"https:\/\/centers.ulbsibiu.ro\/ccsprise\/lact\/wp-json\/wp\/v2\/posts"}],"about":[{"href":"https:\/\/centers.ulbsibiu.ro\/ccsprise\/lact\/wp-json\/wp\/v2\/types\/post"}],"author":[{"embeddable":true,"href":"https:\/\/centers.ulbsibiu.ro\/ccsprise\/lact\/wp-json\/wp\/v2\/users\/2"}],"replies":[{"embeddable":true,"href":"https:\/\/centers.ulbsibiu.ro\/ccsprise\/lact\/wp-json\/wp\/v2\/comments?post=4155"}],"version-history":[{"count":2,"href":"https:\/\/centers.ulbsibiu.ro\/ccsprise\/lact\/wp-json\/wp\/v2\/posts\/4155\/revisions"}],"predecessor-version":[{"id":4157,"href":"https:\/\/centers.ulbsibiu.ro\/ccsprise\/lact\/wp-json\/wp\/v2\/posts\/4155\/revisions\/4157"}],"wp:attachment":[{"href":"https:\/\/centers.ulbsibiu.ro\/ccsprise\/lact\/wp-json\/wp\/v2\/media?parent=4155"}],"wp:term":[{"taxonomy":"category","embeddable":true,"href":"https:\/\/centers.ulbsibiu.ro\/ccsprise\/lact\/wp-json\/wp\/v2\/categories?post=4155"},{"taxonomy":"post_tag","embeddable":true,"href":"https:\/\/centers.ulbsibiu.ro\/ccsprise\/lact\/wp-json\/wp\/v2\/tags?post=4155"}],"curies":[{"name":"wp","href":"https:\/\/api.w.org\/{rel}","templated":true}]}}