{"id":4152,"date":"2018-01-27T19:09:28","date_gmt":"2018-01-27T17:09:28","guid":{"rendered":"https:\/\/centers.ulbsibiu.ro\/ccsprise\/lact\/?p=4152"},"modified":"2018-01-27T19:10:28","modified_gmt":"2018-01-27T17:10:28","slug":"europalibera-org-misiunea-eubam-de-monitorizare-a-frontierei-moldo-ucrainene-se-prelungeste-cu-trei-ani","status":"publish","type":"post","link":"https:\/\/centers.ulbsibiu.ro\/ccsprise\/lact\/europalibera-org-misiunea-eubam-de-monitorizare-a-frontierei-moldo-ucrainene-se-prelungeste-cu-trei-ani\/","title":{"rendered":"Europalibera.org &#8211; Misiunea EUBAM de monitorizare a frontierei moldo-ucrainene se prelunge\u0219te cu trei ani"},"content":{"rendered":"<p><a title=\"Liliana Barb\u0103ro\u0219ie\" href=\"https:\/\/www.europalibera.org\/author\/20469.html\">Liliana Barb\u0103ro\u0219ie<\/a><\/p>\n<div class=\"intro content-offset\">\n<p>Controlul comun la frontiera moldo-ucrainean\u0103, inclusiv pe segmentul transnistrean, face parte din cele trei direc\u0163ii prioritare pentru EUBAM la \u00eenceputul noului mandat.<\/p>\n<\/div>\n<div>\n<div class=\"wsw\">\n<p><em>Misiunea EUBAM de monitorizare a frontierei moldo-ucrainene de c\u0103tre vame\u0219i din Uniunea European\u0103 se va extinde cu \u00eenc\u0103 trei ani, iar o prioritate a noului mandat va fi sprijinirea controlului mixt moldo-ucrainean la toate punctele de frontier\u0103. Anun\u021bul s-a f\u0103cut \u00een marginea unei \u0219edin\u021be a conducerii misiunii EUBAM \u021binut\u0103 ast\u0103zi la Chi\u0219in\u0103u. <\/em><\/p>\n<p>De\u015fi Chi\u015fin\u0103ul a reu\u015fit \u00een 2017 s\u0103 relanseze, \u00eempreun\u0103 cu ucrainenii, controlul comun pe segmentul transnistrean, un control asupra c\u0103ruia cele dou\u0103 p\u0103r\u0163i conveniser\u0103 \u00eenc\u0103 \u00een 1997, dar f\u0103r\u0103 ca decizia s\u0103 fi fost \u015fi pus\u0103 \u00een practic\u0103, exist\u0103 acum \u00eengrijor\u0103ri legate de continuarea cu succes a procesului cu greu \u00eenceput.<\/p>\n<p>\u00cen primul r\u00e2nd, pentru c\u0103 un nou acord \u00een aceast\u0103 privin\u0163\u0103 semnat de premierii celor dou\u0103 \u0163\u0103ri \u00eenc\u0103 \u00een luna octombrie a fost deocamdat\u0103 ratificat doar de Parlamentul de la Chi\u015fin\u0103u, Rada de la Kiev p\u0103r\u00e2nd a fi deocamdat\u0103 \u00een ezit\u0103ri.<\/p>\n<p>Au fost, apoi, a\u015ftept\u0103ri la Chi\u015fin\u0103u c\u0103 \u00een 2017 vor fi instituite \u00een total 14 astfel de puncte de control mixt, lucru care \u00eens\u0103 nu s-a \u00eent\u00e2mplat. \u00cen acest moment, func\u0163ional pe segmental transnistrean e doar un punct de control comun moldo-ucrainean, cel de la Cuciurgani-Pervomaisk inaugurat \u00een aceast\u0103 var\u0103.<\/p>\n<p><strong>Tatiana Molcean<\/strong>, secretar de stat \u00een cadrul ministerului afacerilor externe de la Chi\u015fin\u0103u, nu a avut ast\u0103zi nimic de spus pentru a tempera aceste nelini\u015fti, dar a declarat c\u0103 autorit\u0103\u0163ile de la Chi\u015fin\u0103u au toat\u0103 \u00eencrederea c\u0103 acordul va trece procedurile legale la Kiev, exact ca la Chi\u015fin\u0103u:<\/p>\n<p>\u201eFiind vorba despre un tratat \u00eentre dou\u0103 state, exist\u0103 o procedur\u0103 care implic\u0103 legislativele din ambele state, \u015fi dureaz\u0103 de regul\u0103. Adic\u0103, nu dureaz\u0103 mai mult dec\u00e2t ne-am a\u015fteptat.\u201d<\/p>\n<p>\u015ei Tatiana Molcean, \u015fi actualul \u015fef al misiunii EUBAM, <strong>Slawomir Pichor<\/strong>, au recunoscut totu\u015fi c\u0103, at\u00e2ta timp c\u00e2t noul acord nu e \u00een vigoare, e firesc s\u0103 existe \u00eent\u00e2rzieri \u00een inaugurarea unor noi puncte de control pe frontier\u0103:<\/p>\n<p>\u201eNe-am dori ca lucrurile s\u0103 se \u00eent\u00e2mple mai repede, dar exist\u0103 c\u00e2teva elemente de care depinde acest proces \u015fi unul e c\u0103 actualmente controlul comun are loc \u00een baza unui acord din 1997\u201d, a explicat Slawomir Pichor.<\/p>\n<p>\u201eNoi \u00eens\u0103 punem \u00een practic\u0103 un proces modern de gestionare a frontierei, care respect\u0103 \u00eentocmai standardele europene \u015fi e nevoie de multe reglement\u0103ri noi ce se con\u0163in \u00een noul acord. Un alt factor \u0163ine de infrastructur\u0103. Nu e u\u015for s\u0103 gestionezi lucrurile pe nou f\u0103r\u0103 o infrastructur\u0103 corespunz\u0103toare. Dar exist\u0103 deja mai multe proiecte ale UE \u00een derulare care ne vor permite s\u0103 \u00eembun\u0103t\u0103\u0163im aceast\u0103 infrastructur\u0103\u201d, a mai spus \u015feful EUBAM.<\/p>\n<p>Controlul comun la frontiera moldo-ucrainean\u0103, inclusiv pe segmentul transnistrean, face parte din cele trei direc\u0163ii prioritare pentru EUBAM la \u00eenceputul unui nou mandat de trei ani de prezen\u0163\u0103 la grani\u0163a moldo-ucrainean\u0103, \u00eempreun\u0103 cu m\u0103surile de restabilire a \u00eencrederii \u015fi combaterea criminalit\u0103\u0163ii transfrontaliere.<\/p>\n<p>Inten\u0163ia Chi\u015fin\u0103ului e s\u0103-\u015fi restabileasc\u0103 controlul pe \u00eentreg spa\u0163iul de frontier\u0103, iar acest lucru pare acum posibil \u00eentruc\u00e2t \u015fi Kievul e mai dispus ca niciodat\u0103 s\u0103 sprijine R. Moldova \u00een aceast\u0103 dorin\u0163\u0103 a sa. Cel mai important \u015fi, \u00een realitate, singurul lucru care mai pare s\u0103 \u00eent\u00e2rzie procesul este agrearea de c\u0103tre Rada de la Kiev, a acordului f\u0103r\u0103 de care p\u0103r\u0163ile \u00eent\u00e2mpin\u0103 probleme logistice pentru punerea \u00een aplicare a procesului. Apoi, r\u0103m\u00e2ne marea nemul\u0163umire a regiunii transnistrene, care continua al\u0103turi de Moscova s\u0103 numeasc\u0103 \u201eblocad\u0103 economic\u0103\u201d \u00een\u0163elegerea moldo-ucrainean\u0103, \u00een timp ce Chi\u015fin\u0103ul \u015fi Kievul spun c\u0103 \u00eenfiin\u0163area controlului mixt a reu\u015fit deja s\u0103-\u015fi demonstreze eficien\u0163a, u\u015fur\u00e2nd via\u0163a agen\u0163ilor economici \u015fi a locuitorilor regiunii transnistrene.<\/p>\n<p>Sursa:<\/p>\n<p><a href=\"https:\/\/www.europalibera.org\/a\/eubam-la-frontiera-moldo-ucraineana\/29000261.html\">https:\/\/www.europalibera.org\/a\/eubam-la-frontiera-moldo-ucraineana\/29000261.html<\/a><\/p>\n<\/div>\n<\/div>\n","protected":false},"excerpt":{"rendered":"<p>Liliana Barb\u0103ro\u0219ie Controlul comun la frontiera moldo-ucrainean\u0103, inclusiv pe segmentul transnistrean, face parte din cele trei direc\u0163ii prioritare pentru EUBAM la \u00eenceputul noului mandat. Misiunea EUBAM de monitorizare a frontierei moldo-ucrainene de c\u0103tre vame\u0219i din Uniunea European\u0103 se va extinde cu \u00eenc\u0103 trei ani, iar o prioritate a noului mandat va fi sprijinirea controlului mixt&#8230;<\/p>\n","protected":false},"author":2,"featured_media":0,"comment_status":"closed","ping_status":"open","sticky":false,"template":"","format":"standard","meta":[],"categories":[1],"tags":[],"_links":{"self":[{"href":"https:\/\/centers.ulbsibiu.ro\/ccsprise\/lact\/wp-json\/wp\/v2\/posts\/4152"}],"collection":[{"href":"https:\/\/centers.ulbsibiu.ro\/ccsprise\/lact\/wp-json\/wp\/v2\/posts"}],"about":[{"href":"https:\/\/centers.ulbsibiu.ro\/ccsprise\/lact\/wp-json\/wp\/v2\/types\/post"}],"author":[{"embeddable":true,"href":"https:\/\/centers.ulbsibiu.ro\/ccsprise\/lact\/wp-json\/wp\/v2\/users\/2"}],"replies":[{"embeddable":true,"href":"https:\/\/centers.ulbsibiu.ro\/ccsprise\/lact\/wp-json\/wp\/v2\/comments?post=4152"}],"version-history":[{"count":2,"href":"https:\/\/centers.ulbsibiu.ro\/ccsprise\/lact\/wp-json\/wp\/v2\/posts\/4152\/revisions"}],"predecessor-version":[{"id":4154,"href":"https:\/\/centers.ulbsibiu.ro\/ccsprise\/lact\/wp-json\/wp\/v2\/posts\/4152\/revisions\/4154"}],"wp:attachment":[{"href":"https:\/\/centers.ulbsibiu.ro\/ccsprise\/lact\/wp-json\/wp\/v2\/media?parent=4152"}],"wp:term":[{"taxonomy":"category","embeddable":true,"href":"https:\/\/centers.ulbsibiu.ro\/ccsprise\/lact\/wp-json\/wp\/v2\/categories?post=4152"},{"taxonomy":"post_tag","embeddable":true,"href":"https:\/\/centers.ulbsibiu.ro\/ccsprise\/lact\/wp-json\/wp\/v2\/tags?post=4152"}],"curies":[{"name":"wp","href":"https:\/\/api.w.org\/{rel}","templated":true}]}}