{"id":4149,"date":"2018-01-26T18:36:20","date_gmt":"2018-01-26T16:36:20","guid":{"rendered":"https:\/\/centers.ulbsibiu.ro\/ccsprise\/lact\/?p=4149"},"modified":"2018-01-26T18:37:13","modified_gmt":"2018-01-26T16:37:13","slug":"infotag-md-fostul-vicepresedinte-al-transnistriei-a-dat-cateva-sfaturi-stapanului-de-facto-al-moldovei","status":"publish","type":"post","link":"https:\/\/centers.ulbsibiu.ro\/ccsprise\/lact\/infotag-md-fostul-vicepresedinte-al-transnistriei-a-dat-cateva-sfaturi-stapanului-de-facto-al-moldovei\/","title":{"rendered":"Infotag.md &#8211; FOSTUL VICEPRE\u015eEDINTE AL TRANSNISTRIEI A DAT C\u00c2TEVA SFATURI \u201eST\u0102P\u00c2NULUI DE FACTO AL MOLDOVEI\u201d"},"content":{"rendered":"<p>Uzurparea puterii \u00een Moldova de c\u0103tre oligarhul Vladimir Plahotniuc este o ru\u015fine pentru \u021bar\u0103, o umilire pentru poporul ei \u0219i pentru \u015feful statului Igor Dodon, pe care Plahotniuc \u201el-a transformat \u00eentr-un pre\u015fedinte care practic nu decide nimic\u201d.<\/p>\n<p>Potrivit agen\u0163iei INFOTAG, aceast\u0103 opinie a fost exprimat\u0103 \u00eentr-un interviu acordat agen\u021biei ruse de \u0219tiri \u201eRegnum\u201d de c\u0103tre fostul vicepre\u0219edinte al autoproclamatei RMN, unul dintre fondatorii ei, Alexandr Caraman.<\/p>\n<p>\u00cen acela\u015fi timp, el nu consider\u0103 c\u0103 este o gre\u015feal\u0103 faptul c\u0103 Rusia \u00eel sus\u0163ine pe Dodon, \u00een pofida ac\u0163iunilor antiruse\u015fti ale coali\u0163iei de guvernare din Moldova.<\/p>\n<p>\u201eTrebuie doar s\u0103 \u00een\u021belegem c\u0103 tot ceea ce spune \u015fi promite Dodon este ca \u015fi statutul Transnistriei \u2013 promisiuni cu statut am\u00e2nat. Tot ce promite el probabil c\u0103 se va \u00eent\u00e2mpla, dup\u0103 cum spune el, dac\u0103 partidul s\u0103u va c\u00e2\u015ftiga alegerile parlamentare \u00een toamna anului 2018, dac\u0103 acestea vor avea loc\u201d, a spus Caraman, men\u0163ion\u00e2nd c\u0103 \u201ecel care profit\u0103 cel mai mult de sus\u0163inerea ruseasc\u0103 al lui Igor Dodon este Vladimir Plahotniuc\u201d.<\/p>\n<p>\u00cen astfel de condi\u021bii, fostul lider transnistrean i-a dat \u201ec\u00e2teva sfaturi gratuite lui Plahotniuc\u201d \u00een domeniul reglement\u0103rii rela\u0163iilor dintre cele dou\u0103 maluri ale Nistrului.<\/p>\n<p>\u201eDac\u0103 dori\u0163i s\u0103 evacua\u0163i pacificatorii ru\u015fi, nu trebuie s\u0103 apela\u0163i la diferite instan\u0163e cu propuneri de modificare a formatului de men\u0163inere a p\u0103cii. Ie\u015fi\u0163i din Acordul privind principiile reglement\u0103rii pa\u015fnice a conflictului armat \u00een regiunea transnistrean\u0103 a RM din 21 iulie 1992, a\u015fa cum prevede articolul 8 din Acord, iar acest lucru va duce la \u00eencetarea activit\u0103\u0163ii Comisiei de control \u015fi a contingentelor sale militare. Sau nu vre\u0163i s\u0103 p\u0103re\u0163i oponen\u0163i ai solu\u0163ion\u0103rii pa\u015fnice a conflictului \u0219i poten\u0163iali agresori?\u201d, a \u00eentrebat el.<\/p>\n<p>\u201eVre\u0163i s\u0103 retrage\u0163i Grupul operativ al trupelor ruse\u015fti? Nu trebuie s\u0103 face\u0163i declara\u0163ii de la Parlament \u015fi Guvern, iar Curtea Constitu\u0163ional\u0103 s\u0103 ia hot\u0103r\u00e2rea privind ocupa\u0163ia Moldovei, nu trebuie s\u0103 apela\u0163i la Adunarea General\u0103 a ONU. Articolul 2 din Acordul cu privire la statutul juridic, modul \u015fi termenele de retragere a forma\u0163iunilor militare ale Federa\u021biei Ruse aflate temporar pe teritoriul Republicii Moldova din 21 octombrie 1994 stipuleaz\u0103 c\u0103 \u201e\u015federea forma\u0163iunilor militare ale FR aflate temporar pe teritoriul RM este temporar\u0103. M\u0103surile practice pentru retragerea forma\u0163iunilor militare \u00een termenul stabilit se vor sincroniza cu reglementarea politic\u0103 a conflictului transnistrean \u015fi stabilirea unui statut special pentru regiunea transnistrean\u0103 a Republicii Moldova\u201d, a amintit Caraman.<\/p>\n<p>\u201eNu vre\u0163i s\u0103 desf\u0103\u015fura\u0163i negocieri normale \u015fi s\u0103 v\u0103 \u00een\u0163elege\u0163i cu Transnistria, atunci r\u0103bda\u0163i \u015fi respecta\u0163i condi\u0163iile Acordului\u201d, a conchis el.<\/p>\n<p>Sursa:<\/p>\n<p><a href=\"http:\/\/www.infotag.md\/rebelion-ro\/258804\/\">http:\/\/www.infotag.md\/rebelion-ro\/258804\/<\/a><\/p>\n","protected":false},"excerpt":{"rendered":"<p>Uzurparea puterii \u00een Moldova de c\u0103tre oligarhul Vladimir Plahotniuc este o ru\u015fine pentru \u021bar\u0103, o umilire pentru poporul ei \u0219i pentru \u015feful statului Igor Dodon, pe care Plahotniuc \u201el-a transformat \u00eentr-un pre\u015fedinte care practic nu decide nimic\u201d. Potrivit agen\u0163iei INFOTAG, aceast\u0103 opinie a fost exprimat\u0103 \u00eentr-un interviu acordat agen\u021biei ruse de \u0219tiri \u201eRegnum\u201d de c\u0103tre&#8230;<\/p>\n","protected":false},"author":2,"featured_media":0,"comment_status":"closed","ping_status":"open","sticky":false,"template":"","format":"standard","meta":[],"categories":[1],"tags":[],"_links":{"self":[{"href":"https:\/\/centers.ulbsibiu.ro\/ccsprise\/lact\/wp-json\/wp\/v2\/posts\/4149"}],"collection":[{"href":"https:\/\/centers.ulbsibiu.ro\/ccsprise\/lact\/wp-json\/wp\/v2\/posts"}],"about":[{"href":"https:\/\/centers.ulbsibiu.ro\/ccsprise\/lact\/wp-json\/wp\/v2\/types\/post"}],"author":[{"embeddable":true,"href":"https:\/\/centers.ulbsibiu.ro\/ccsprise\/lact\/wp-json\/wp\/v2\/users\/2"}],"replies":[{"embeddable":true,"href":"https:\/\/centers.ulbsibiu.ro\/ccsprise\/lact\/wp-json\/wp\/v2\/comments?post=4149"}],"version-history":[{"count":2,"href":"https:\/\/centers.ulbsibiu.ro\/ccsprise\/lact\/wp-json\/wp\/v2\/posts\/4149\/revisions"}],"predecessor-version":[{"id":4151,"href":"https:\/\/centers.ulbsibiu.ro\/ccsprise\/lact\/wp-json\/wp\/v2\/posts\/4149\/revisions\/4151"}],"wp:attachment":[{"href":"https:\/\/centers.ulbsibiu.ro\/ccsprise\/lact\/wp-json\/wp\/v2\/media?parent=4149"}],"wp:term":[{"taxonomy":"category","embeddable":true,"href":"https:\/\/centers.ulbsibiu.ro\/ccsprise\/lact\/wp-json\/wp\/v2\/categories?post=4149"},{"taxonomy":"post_tag","embeddable":true,"href":"https:\/\/centers.ulbsibiu.ro\/ccsprise\/lact\/wp-json\/wp\/v2\/tags?post=4149"}],"curies":[{"name":"wp","href":"https:\/\/api.w.org\/{rel}","templated":true}]}}