{"id":4146,"date":"2018-01-26T18:34:20","date_gmt":"2018-01-26T16:34:20","guid":{"rendered":"https:\/\/centers.ulbsibiu.ro\/ccsprise\/lact\/?p=4146"},"modified":"2018-01-26T18:34:52","modified_gmt":"2018-01-26T16:34:52","slug":"europalibera-org-egidijus-vareikis-regiunea-transnistreana-plateste-scump-faptul-ca-nu-este-recunoscuta-international","status":"publish","type":"post","link":"https:\/\/centers.ulbsibiu.ro\/ccsprise\/lact\/europalibera-org-egidijus-vareikis-regiunea-transnistreana-plateste-scump-faptul-ca-nu-este-recunoscuta-international\/","title":{"rendered":"Europalibera.org &#8211; Egidijus Vareikis: regiunea transnistrean\u0103 pl\u0103te\u0219te scump faptul c\u0103 nu este recunoscut\u0103 interna\u021bional"},"content":{"rendered":"<p><span style=\"display: inline !important; float: none; background-color: transparent; color: #1f2124; font-family: 'Skolar-Light_Cyr-Ltn',Georgia,Times,'Times New Roman',serif; font-size: 18px; font-style: normal; font-variant: normal; font-weight: 400; letter-spacing: normal; orphans: 2; text-align: left; text-decoration: none; text-indent: 0px; text-transform: none; -webkit-text-stroke-width: 0px; white-space: normal; word-spacing: 0px;\">Regiunea transnistrean\u0103 pl\u0103te\u0219te scump faptul c\u0103 nu este recunoscut\u0103 interna\u021bional, a declarat Europei Libere co-raportorul APCE pentru Moldova Egidijus Vareikis. \u201eCostul nerecunoa\u0219terii regiunii este 5% din PIB\u201d, a mai spus Vareikis, ad\u0103ug\u00eend: \u201euneori politica nu este foarte ieftin\u0103, \u0219i ar fi mai bine pentru aceast\u0103 parte a Moldovei s\u0103 nu risipeasc\u0103 ace\u0219ti bani. Dar asta este deocamdat\u0103 decizia lor politic\u0103.\u201d \u00cen opinia co-raportorului APCE pentru Moldova \u201eo solu\u021bie pentru Transnistria poate fi g\u0103sit\u0103 nu \u00eentr-un an, ci \u00eentr-o s\u0103pt\u0103m\u00e2n\u0103\u201d, dar c\u0103 pentru acasta \u201eeste nevoie de bun\u0103voin\u021ba Moscovei\u201d.<\/span><\/p>\n<p>Sursa:<\/p>\n<p><a href=\"https:\/\/www.europalibera.org\/a\/29000539.html\">https:\/\/www.europalibera.org\/a\/29000539.html<\/a><\/p>\n","protected":false},"excerpt":{"rendered":"<p>Regiunea transnistrean\u0103 pl\u0103te\u0219te scump faptul c\u0103 nu este recunoscut\u0103 interna\u021bional, a declarat Europei Libere co-raportorul APCE pentru Moldova Egidijus Vareikis. \u201eCostul nerecunoa\u0219terii regiunii este 5% din PIB\u201d, a mai spus Vareikis, ad\u0103ug\u00eend: \u201euneori politica nu este foarte ieftin\u0103, \u0219i ar fi mai bine pentru aceast\u0103 parte a Moldovei s\u0103 nu risipeasc\u0103 ace\u0219ti bani. Dar asta&#8230;<\/p>\n","protected":false},"author":2,"featured_media":0,"comment_status":"closed","ping_status":"open","sticky":false,"template":"","format":"standard","meta":[],"categories":[1],"tags":[],"_links":{"self":[{"href":"https:\/\/centers.ulbsibiu.ro\/ccsprise\/lact\/wp-json\/wp\/v2\/posts\/4146"}],"collection":[{"href":"https:\/\/centers.ulbsibiu.ro\/ccsprise\/lact\/wp-json\/wp\/v2\/posts"}],"about":[{"href":"https:\/\/centers.ulbsibiu.ro\/ccsprise\/lact\/wp-json\/wp\/v2\/types\/post"}],"author":[{"embeddable":true,"href":"https:\/\/centers.ulbsibiu.ro\/ccsprise\/lact\/wp-json\/wp\/v2\/users\/2"}],"replies":[{"embeddable":true,"href":"https:\/\/centers.ulbsibiu.ro\/ccsprise\/lact\/wp-json\/wp\/v2\/comments?post=4146"}],"version-history":[{"count":2,"href":"https:\/\/centers.ulbsibiu.ro\/ccsprise\/lact\/wp-json\/wp\/v2\/posts\/4146\/revisions"}],"predecessor-version":[{"id":4148,"href":"https:\/\/centers.ulbsibiu.ro\/ccsprise\/lact\/wp-json\/wp\/v2\/posts\/4146\/revisions\/4148"}],"wp:attachment":[{"href":"https:\/\/centers.ulbsibiu.ro\/ccsprise\/lact\/wp-json\/wp\/v2\/media?parent=4146"}],"wp:term":[{"taxonomy":"category","embeddable":true,"href":"https:\/\/centers.ulbsibiu.ro\/ccsprise\/lact\/wp-json\/wp\/v2\/categories?post=4146"},{"taxonomy":"post_tag","embeddable":true,"href":"https:\/\/centers.ulbsibiu.ro\/ccsprise\/lact\/wp-json\/wp\/v2\/tags?post=4146"}],"curies":[{"name":"wp","href":"https:\/\/api.w.org\/{rel}","templated":true}]}}