{"id":4142,"date":"2018-01-26T15:08:13","date_gmt":"2018-01-26T13:08:13","guid":{"rendered":"https:\/\/centers.ulbsibiu.ro\/ccsprise\/lact\/?p=4142"},"modified":"2018-01-26T15:08:13","modified_gmt":"2018-01-26T13:08:13","slug":"gov-md-delegatia-federatiei-ruse-a-venit-cu-propuneri-pentru-deblocarea-activitatii-comisiei-unificate-de-control","status":"publish","type":"post","link":"https:\/\/centers.ulbsibiu.ro\/ccsprise\/lact\/gov-md-delegatia-federatiei-ruse-a-venit-cu-propuneri-pentru-deblocarea-activitatii-comisiei-unificate-de-control\/","title":{"rendered":"Gov.md &#8211; Delega\u021bia Federa\u021biei Ruse a venit cu propuneri pentru deblocarea activit\u0103\u0163ii Comisiei Unificate de Control"},"content":{"rendered":"<p>La 25 ianuarie curent, \u00een or. Bender, s-a desf\u0103\u015furat \u015fedin\u0163a Comisiei Unificate de Control, prezidat\u0103 de delega\u0163ia regiunii transnistrene. Ordinea de zi a cuprins dou\u0103 subiecte: examinarea unor chestiuni organizatorice, audierea \u015fi aprobarea a 4 rapoarte ale Comandamentului Militar \u00centrunit despre situa\u0163ia din Zona de Securitate.<\/p>\n<p><em>\u00cen leg\u0103tur\u0103 cu\u00a0 sistarea temporar\u0103, din cauza podurilor de ghea\u021b\u0103 formate peste r. Nistru, a activit\u0103\u0163ii debarcaderului, care face leg\u0103tura \u00eentre satele\u00a0 Molovata \u0219i Molovata-Nou\u0103 din r-l Dub\u0103sari, Delega\u021bia Republicii Moldova a difuzat un apel c\u0103tre to\u0163i membrii CUC, prin care a solicitat asigurarea circula\u021biei prin<\/em> posturile interne \u201eCriuleni&#8221; \u0219i \u201eLunga\u201d <em>a mijloacelor de transport ale \u00ceS \u201dPo\u0219ta Moldovei\u201d, care vor asigura popula\u021bia din localit\u0103\u021bile raionului Dub\u0103sari cu pensii \u0219i alte servicii po\u0219tale.<\/em><\/p>\n<p>La solicitarea delega\u0163iei Federa\u021biei Ruse, Comisia a confirmat \u00een calitate de observatori doi militari ru\u0219i &#8211; maiorii Artiom Dav\u00e2dov \u0219i Alexei Alexeev.<\/p>\n<p>De asemenea, CUC a audiat \u015fi aprobat 4 rapoarte s\u0103pt\u0103m\u00e2nale ale Comandamentului Militar \u00centrunit privind situa\u0163ia \u00een Zona de Securitate.<\/p>\n<p>\u00cen scopul dep\u0103\u0219irii blocajului din cadrul \u0219edin\u021bei neordinare a CUC, legat de redeschiderea pe 18 noiembrie 2017 a podului peste r. Nistru, din preajma satelor Gura B\u00e2cului \u0219i B\u00e2cioc, conduc\u0103torul delega\u0163iei Federa\u0163iei Ruse Ilia Uvarov a lansat o serie de propuneri, menite s\u0103 contribuie la adoptarea unei decizii comune pe marginea acestui subiect, care va fi elaborat\u0103 de delega\u0163ia FR, reprezentan\u021bii Ucrainei \u0219i ai Misiunii OSCE \u00een CUC.<\/p>\n<p>Ini\u021biativa a fost sus\u021binut\u0103 de c\u0103tre to\u0163i participan\u0163ii la \u015fedin\u0163a Comisiei. Urm\u0103toarea \u015fedin\u0163\u0103 a Comisiei Unificate de Control va avea loc pe data de 1 februarie 2018.<\/p>\n<p>&nbsp;<\/p>\n<p><strong>Delega\u021bia Republicii Moldova \u00een CUC<\/strong><\/p>\n<p>&nbsp;<\/p>\n<p>Sursa:<\/p>\n<p><a href=\"http:\/\/gov.md\/ro\/content\/delegatia-federatiei-ruse-venit-cu-propuneri-pentru-deblocarea-activitatii-comisiei\">http:\/\/gov.md\/ro\/content\/delegatia-federatiei-ruse-venit-cu-propuneri-pentru-deblocarea-activitatii-comisiei<\/a><\/p>\n","protected":false},"excerpt":{"rendered":"<p>La 25 ianuarie curent, \u00een or. Bender, s-a desf\u0103\u015furat \u015fedin\u0163a Comisiei Unificate de Control, prezidat\u0103 de delega\u0163ia regiunii transnistrene. Ordinea de zi a cuprins dou\u0103 subiecte: examinarea unor chestiuni organizatorice, audierea \u015fi aprobarea a 4 rapoarte ale Comandamentului Militar \u00centrunit despre situa\u0163ia din Zona de Securitate. \u00cen leg\u0103tur\u0103 cu\u00a0 sistarea temporar\u0103, din cauza podurilor de&#8230;<\/p>\n","protected":false},"author":2,"featured_media":0,"comment_status":"closed","ping_status":"open","sticky":false,"template":"","format":"standard","meta":[],"categories":[1],"tags":[],"_links":{"self":[{"href":"https:\/\/centers.ulbsibiu.ro\/ccsprise\/lact\/wp-json\/wp\/v2\/posts\/4142"}],"collection":[{"href":"https:\/\/centers.ulbsibiu.ro\/ccsprise\/lact\/wp-json\/wp\/v2\/posts"}],"about":[{"href":"https:\/\/centers.ulbsibiu.ro\/ccsprise\/lact\/wp-json\/wp\/v2\/types\/post"}],"author":[{"embeddable":true,"href":"https:\/\/centers.ulbsibiu.ro\/ccsprise\/lact\/wp-json\/wp\/v2\/users\/2"}],"replies":[{"embeddable":true,"href":"https:\/\/centers.ulbsibiu.ro\/ccsprise\/lact\/wp-json\/wp\/v2\/comments?post=4142"}],"version-history":[{"count":1,"href":"https:\/\/centers.ulbsibiu.ro\/ccsprise\/lact\/wp-json\/wp\/v2\/posts\/4142\/revisions"}],"predecessor-version":[{"id":4143,"href":"https:\/\/centers.ulbsibiu.ro\/ccsprise\/lact\/wp-json\/wp\/v2\/posts\/4142\/revisions\/4143"}],"wp:attachment":[{"href":"https:\/\/centers.ulbsibiu.ro\/ccsprise\/lact\/wp-json\/wp\/v2\/media?parent=4142"}],"wp:term":[{"taxonomy":"category","embeddable":true,"href":"https:\/\/centers.ulbsibiu.ro\/ccsprise\/lact\/wp-json\/wp\/v2\/categories?post=4142"},{"taxonomy":"post_tag","embeddable":true,"href":"https:\/\/centers.ulbsibiu.ro\/ccsprise\/lact\/wp-json\/wp\/v2\/tags?post=4142"}],"curies":[{"name":"wp","href":"https:\/\/api.w.org\/{rel}","templated":true}]}}