{"id":4137,"date":"2018-01-25T17:40:51","date_gmt":"2018-01-25T15:40:51","guid":{"rendered":"https:\/\/centers.ulbsibiu.ro\/ccsprise\/lact\/?p=4137"},"modified":"2018-01-25T17:44:35","modified_gmt":"2018-01-25T15:44:35","slug":"infotag-md-transnistria-este-dispus-sa-isi-asume-rolul-de-mediator-intre-moldova-si-rusia","status":"publish","type":"post","link":"https:\/\/centers.ulbsibiu.ro\/ccsprise\/lact\/infotag-md-transnistria-este-dispus-sa-isi-asume-rolul-de-mediator-intre-moldova-si-rusia\/","title":{"rendered":"Infotag.md &#8211; TRANSNISTRIA ESTE DISPUS\u0102 S\u0102 \u00ce\u0218I ASUME ROLUL DE MEDIATOR \u00ceNTRE MOLDOVA \u0218I RUSIA"},"content":{"rendered":"<p>Transnistria este \u201eadepta dezvolt\u0103rii rela\u021biilor de bun\u0103 vecin\u0103tate \u00eentre Moldova \u0219i Rusia \u0219i este dispus\u0103 s\u0103 \u00ee\u0219i asume rolul de mediator pentru a stabiliza pozi\u021biile lor\u201d, a declarat pre\u0219edintele autoproclamatei RMN, Vadim Krasnoselski, \u00eentr-un interviu pentru un ziar rus.<\/p>\n<p>Potrivit agen\u021biei INFOTAG, el \u0219i-a exprimat \u00eengrijorarea fa\u021b\u0103 de \u201eretorica antirus\u0103 a parlamentarilor moldoveni\u201d, \u00een special inten\u021bia \u201ede a \u00eenainta Rusiei o not\u0103 de plat\u0103 pentru ocuparea Transnistriei\u201d.<\/p>\n<p>\u201ePersonal, nu sunt optimist \u00een privin\u021ba rela\u021biei care se dezvolt\u0103. Nu suntem adep\u021bii agrav\u0103rii situa\u021biei&#8230; Cererile despre anumite pl\u0103\u021bi nu au perspective. Dimpotriv\u0103, trebuie s\u0103 ne g\u00e2ndim la apropierea pozi\u021biilor \u0219i la c\u0103utarea unui compromis. \u00cen opinia mea, op\u021biunea optim\u0103 este rezolvarea problemelor oamenilor simpli de pe ambele maluri ale Nistrului. Sunt o mul\u021bime de astfel de probleme, acumulate \u00een aceste decenii. Suntem gata s\u0103 rezolv\u0103m aceste probleme \u00een principiu \u0219i chiar s\u0103 fim mediatori \u00eentre Rusia \u0219i Moldova. De ce nu? Pozi\u021biile trebuie s\u0103 fie stabilizate, pentru noi este foarte avantajos ca vecinii s\u0103 fie stabili\u201d, sus\u021bine liderul de la Tiraspol.<\/p>\n<p>Coment\u00e2nd o alt\u0103 ini\u021biativ\u0103 a Parlamentului Moldovei, cea cu privire la interzicerea a\u0219a-numitei propagande ruse, el a subliniat c\u0103 \u201eorice interzicere a informa\u021biilor nu este bun\u0103\u201d.<\/p>\n<p>\u201eAcesta este un alt pas spre tensiuni. Cred c\u0103 este necesar ca bunul sim\u021b s\u0103 prevaleze. \u00cen cea mai mare parte, moldovenii nu sunt conflictuali \u0219i nu doresc tensiuni \u00een rela\u021biile dintre \u021b\u0103ri. Exist\u0103 un \u0219ir de politicieni care genereaz\u0103 toat\u0103 aceast\u0103 agresiune. Dar cea mai mare parte a oamenilor din dreapta Nistru nu sunt \u00eenclina\u021bi spre agresiune, oamenii doresc s\u0103 tr\u0103iasc\u0103 \u00eentr-un stat pa\u0219nic\u201d, a spus Krasnoselski.<\/p>\n<p>El a spus c\u0103 una dintre principalele probleme ale Moldovei este faptul c\u0103 &#8220;o parte a popula\u021biei prive\u0219te spre Vest, iar cealalt\u0103 parte spre Rusia\u201d.<\/p>\n<p>\u201eCred c\u0103 aici trebuie oferit\u0103 posibilitatea ca \u021bara s\u0103 se dezvolte at\u00e2t \u00eentr-o direc\u021bie, c\u00e2t \u0219i \u00een cealalt\u0103. A\u0219a s-a \u00eent\u00e2mplat c\u0103 Transnistria \u0219i Moldova s-au pomenit a fi \u00een calea dintre est \u0219i vest at\u00e2t din punct de vedere geopolitic, c\u00e2t \u0219i din punct de vedere geografic. De aceea, eu v\u0103d Transnistria, \u00een acest sens, nu ca un teritoriu de dezbinare geopolitic\u0103 sau de \u00eent\u00e2lnire a doi vectori, est \u0219i vest, care include o dinamic\u0103 puternic\u0103 \u0219i o tensiune. Nu, eu v\u0103d Transnistria ca un amestec de interese din vest \u0219i est, ca un exemplu unde se pot reconcilia valorile vestului \u0219i estului, unde se poate tr\u0103i \u00een pace\u201d, a spus liderul transnistrean.<\/p>\n<p>Sursa:<\/p>\n<p><a href=\"http:\/\/www.infotag.md\/rebelion-ro\/258636\/\">http:\/\/www.infotag.md\/rebelion-ro\/258636\/<\/a><\/p>\n","protected":false},"excerpt":{"rendered":"<p>Transnistria este \u201eadepta dezvolt\u0103rii rela\u021biilor de bun\u0103 vecin\u0103tate \u00eentre Moldova \u0219i Rusia \u0219i este dispus\u0103 s\u0103 \u00ee\u0219i asume rolul de mediator pentru a stabiliza pozi\u021biile lor\u201d, a declarat pre\u0219edintele autoproclamatei RMN, Vadim Krasnoselski, \u00eentr-un interviu pentru un ziar rus. Potrivit agen\u021biei INFOTAG, el \u0219i-a exprimat \u00eengrijorarea fa\u021b\u0103 de \u201eretorica antirus\u0103 a parlamentarilor moldoveni\u201d, \u00een special&#8230;<\/p>\n","protected":false},"author":2,"featured_media":0,"comment_status":"closed","ping_status":"open","sticky":false,"template":"","format":"standard","meta":[],"categories":[1],"tags":[],"_links":{"self":[{"href":"https:\/\/centers.ulbsibiu.ro\/ccsprise\/lact\/wp-json\/wp\/v2\/posts\/4137"}],"collection":[{"href":"https:\/\/centers.ulbsibiu.ro\/ccsprise\/lact\/wp-json\/wp\/v2\/posts"}],"about":[{"href":"https:\/\/centers.ulbsibiu.ro\/ccsprise\/lact\/wp-json\/wp\/v2\/types\/post"}],"author":[{"embeddable":true,"href":"https:\/\/centers.ulbsibiu.ro\/ccsprise\/lact\/wp-json\/wp\/v2\/users\/2"}],"replies":[{"embeddable":true,"href":"https:\/\/centers.ulbsibiu.ro\/ccsprise\/lact\/wp-json\/wp\/v2\/comments?post=4137"}],"version-history":[{"count":2,"href":"https:\/\/centers.ulbsibiu.ro\/ccsprise\/lact\/wp-json\/wp\/v2\/posts\/4137\/revisions"}],"predecessor-version":[{"id":4139,"href":"https:\/\/centers.ulbsibiu.ro\/ccsprise\/lact\/wp-json\/wp\/v2\/posts\/4137\/revisions\/4139"}],"wp:attachment":[{"href":"https:\/\/centers.ulbsibiu.ro\/ccsprise\/lact\/wp-json\/wp\/v2\/media?parent=4137"}],"wp:term":[{"taxonomy":"category","embeddable":true,"href":"https:\/\/centers.ulbsibiu.ro\/ccsprise\/lact\/wp-json\/wp\/v2\/categories?post=4137"},{"taxonomy":"post_tag","embeddable":true,"href":"https:\/\/centers.ulbsibiu.ro\/ccsprise\/lact\/wp-json\/wp\/v2\/tags?post=4137"}],"curies":[{"name":"wp","href":"https:\/\/api.w.org\/{rel}","templated":true}]}}