{"id":4134,"date":"2018-01-25T17:37:51","date_gmt":"2018-01-25T15:37:51","guid":{"rendered":"https:\/\/centers.ulbsibiu.ro\/ccsprise\/lact\/?p=4134"},"modified":"2018-01-25T17:38:55","modified_gmt":"2018-01-25T15:38:55","slug":"gov-md-la-tiraspol-a-avut-loc-sedinta-grupurilor-de-lucru-pentru-dezvoltarea-transportului-auto-si-infrastructurii-drumurilor","status":"publish","type":"post","link":"https:\/\/centers.ulbsibiu.ro\/ccsprise\/lact\/gov-md-la-tiraspol-a-avut-loc-sedinta-grupurilor-de-lucru-pentru-dezvoltarea-transportului-auto-si-infrastructurii-drumurilor\/","title":{"rendered":"Gov.md &#8211; La Tiraspol a avut loc \u015fedin\u0163a grupurilor de lucru pentru dezvoltarea transportului auto \u0219i infrastructurii drumurilor"},"content":{"rendered":"<p>La 24 ianuarie curent, la sediul Misiunii OSCE din or. Tiraspol a avut loc prima \u0219edin\u021b\u0103 din acest an a grupurilor de lucru pentru dezvoltarea transportului auto \u0219i infrastructurii drumurilor, cu participarea reprezentan\u021bilor din cadrul formatului de negocieri \u201e5+2\u201d.<\/p>\n<p>\u0218edin\u021ba a fost convocat\u0103 la ini\u021biativa delega\u021biei din partea Chi\u0219in\u0103ului.<\/p>\n<p>\u00cen cadrul \u0219edin\u021bei au continuat discu\u021biile pe marginea subiectului privind situa\u021bia mijloacelor de transport cu pl\u0103ci din regiunea transnistrean\u0103 \u0219i a posibilit\u0103\u021bilor de asigurare a accesului acestora \u00een circula\u021bia interna\u021bional\u0103.<\/p>\n<p>Partea moldoveneasc\u0103 a propus spre examinare proiectul unei decizii protocolare, prin care se stabile\u0219te modalitatea de asigurare a particip\u0103rii \u00een traficul rutier interna\u021bional a autovehiculelor din regiunea transnistrean\u0103 ce nu exercit\u0103 activit\u0103\u021bi comerciale.<\/p>\n<p>Totodat\u0103, a fost reiterat\u0103 pozi\u021bia Chi\u0219in\u0103ului c\u0103 \u00een vederea admiterii \u00een circula\u021bia rutier\u0103 interna\u021bional\u0103 a automobilelor respective, este necesar\u0103 \u00eenregistrarea \u0219i documentarea acestora de c\u0103tre autorit\u0103\u021bile na\u021bionale competente \u0219i cu respectarea cerin\u021belor Conven\u021biei de la Viena asupra circula\u021biei rutiere din 08.11.1968.<\/p>\n<p>Consult\u0103rile pe acest subiect vor continua \u0219i la \u0219edin\u021ba urm\u0103toare a grupurilor de lucru pentru dezvoltarea transportului auto \u0219i infrastructurii drumurilor, care urmeaz\u0103 a fi convenit\u0103 \u00een regim de lucru.<\/p>\n<p>Conform practicilor stabilite, urm\u0103toarea \u0219edin\u021b\u0103 a grupurilor de lucru sus-men\u021bionate va avea loc \u00een sediul din mun. Chi\u0219in\u0103u a Misiunii OSCE \u00een Moldova.<\/p>\n<p>Sursa:<\/p>\n<p><a href=\"http:\/\/gov.md\/ro\/content\/la-tiraspol-avut-loc-sedinta-grupurilor-de-lucru-pentru-dezvoltarea-transportului-auto-si\">http:\/\/gov.md\/ro\/content\/la-tiraspol-avut-loc-sedinta-grupurilor-de-lucru-pentru-dezvoltarea-transportului-auto-si<\/a><\/p>\n","protected":false},"excerpt":{"rendered":"<p>La 24 ianuarie curent, la sediul Misiunii OSCE din or. Tiraspol a avut loc prima \u0219edin\u021b\u0103 din acest an a grupurilor de lucru pentru dezvoltarea transportului auto \u0219i infrastructurii drumurilor, cu participarea reprezentan\u021bilor din cadrul formatului de negocieri \u201e5+2\u201d. \u0218edin\u021ba a fost convocat\u0103 la ini\u021biativa delega\u021biei din partea Chi\u0219in\u0103ului. \u00cen cadrul \u0219edin\u021bei au continuat discu\u021biile&#8230;<\/p>\n","protected":false},"author":2,"featured_media":0,"comment_status":"closed","ping_status":"open","sticky":false,"template":"","format":"standard","meta":[],"categories":[1],"tags":[],"_links":{"self":[{"href":"https:\/\/centers.ulbsibiu.ro\/ccsprise\/lact\/wp-json\/wp\/v2\/posts\/4134"}],"collection":[{"href":"https:\/\/centers.ulbsibiu.ro\/ccsprise\/lact\/wp-json\/wp\/v2\/posts"}],"about":[{"href":"https:\/\/centers.ulbsibiu.ro\/ccsprise\/lact\/wp-json\/wp\/v2\/types\/post"}],"author":[{"embeddable":true,"href":"https:\/\/centers.ulbsibiu.ro\/ccsprise\/lact\/wp-json\/wp\/v2\/users\/2"}],"replies":[{"embeddable":true,"href":"https:\/\/centers.ulbsibiu.ro\/ccsprise\/lact\/wp-json\/wp\/v2\/comments?post=4134"}],"version-history":[{"count":2,"href":"https:\/\/centers.ulbsibiu.ro\/ccsprise\/lact\/wp-json\/wp\/v2\/posts\/4134\/revisions"}],"predecessor-version":[{"id":4136,"href":"https:\/\/centers.ulbsibiu.ro\/ccsprise\/lact\/wp-json\/wp\/v2\/posts\/4134\/revisions\/4136"}],"wp:attachment":[{"href":"https:\/\/centers.ulbsibiu.ro\/ccsprise\/lact\/wp-json\/wp\/v2\/media?parent=4134"}],"wp:term":[{"taxonomy":"category","embeddable":true,"href":"https:\/\/centers.ulbsibiu.ro\/ccsprise\/lact\/wp-json\/wp\/v2\/categories?post=4134"},{"taxonomy":"post_tag","embeddable":true,"href":"https:\/\/centers.ulbsibiu.ro\/ccsprise\/lact\/wp-json\/wp\/v2\/tags?post=4134"}],"curies":[{"name":"wp","href":"https:\/\/api.w.org\/{rel}","templated":true}]}}