{"id":4129,"date":"2018-01-25T17:29:54","date_gmt":"2018-01-25T15:29:54","guid":{"rendered":"https:\/\/centers.ulbsibiu.ro\/ccsprise\/lact\/?p=4129"},"modified":"2018-01-25T17:29:54","modified_gmt":"2018-01-25T15:29:54","slug":"ziarulnational-md-cum-simt-scolile-cu-predare-in-limba-romana-din-transnistria-efectele-protocoalelor-semnate-intre-chisinau-si-tiraspol-nu-se-simte-agresivitatea-care-a-existat-in-ultimii","status":"publish","type":"post","link":"https:\/\/centers.ulbsibiu.ro\/ccsprise\/lact\/ziarulnational-md-cum-simt-scolile-cu-predare-in-limba-romana-din-transnistria-efectele-protocoalelor-semnate-intre-chisinau-si-tiraspol-nu-se-simte-agresivitatea-care-a-existat-in-ultimii\/","title":{"rendered":"Ziarulnational.md &#8211; Cum simt \u0219colile cu predare \u00een limba rom\u00e2n\u0103 din Transnistria efectele protocoalelor semnate \u00eentre Chi\u0219in\u0103u \u0219i Tiraspol: \u201eNu se simte agresivitatea care a existat \u00een ultimii ani, dar \u00eenc\u0103 nu e nicio schimbare\u201d"},"content":{"rendered":"<p>\u00cen aceast\u0103 s\u0103pt\u0103m\u00e2n\u0103 se \u00eemplinesc trei luni de la semnarea, de c\u0103tre Chi\u0219in\u0103u \u0219i Tiraspol, a celor patru protocoale menite s\u0103 rezolve problemele legate de accesul fermierilor la terenurile de dup\u0103 traseul Tiraspol-Camenca, ale \u0219colilor cu predare \u00een limba rom\u00e2n\u0103 din st\u00e2nga Nistrului, restabilirea telefoniei fixe \u0219i mobile \u00eentre cele dou\u0103 maluri ale Nistrului \u0219i apostilarea diplomelor de studii emise de Transnistria.<\/p>\n<p>Administra\u021biile \u0219colilor din Transnistria, subordonate autorit\u0103\u021bilor de la Chi\u0219in\u0103u, nu simt \u00eenc\u0103 efectele protocolului care vizeaz\u0103 activitatea institu\u021biilor pe care le conduc.<\/p>\n<p>De\u0219i documentul, salutat de OSCE, prevede printre altele \u0219i reducerea drastic\u0103 a pl\u0103\u021bilor pentru \u00eenchirierea s\u0103lilor de studii de c\u0103tre \u0219coli, acest lucru nu s-a \u00eent\u00e2mplat deocamdat\u0103.<\/p>\n<p>\u201eSemnarea protocoalelor este o chestiune politic\u0103 \u0219i nu suntem naivi s\u0103 credem c\u0103 situa\u021bia se va \u00eembun\u0103t\u0103\u021bi a doua zi. Eu sunt optimist, dar \u0219tiind atitudinea Tiraspolului fa\u021b\u0103 de tot ce este rom\u00e2nesc aici, nu credem c\u0103 vor fi mai inimo\u0219i. Cel pu\u021bin, nu se simte agresivitatea ceea direct\u0103 care a existat \u00een ultimii ani. Ni s-a spus c\u0103 pentru chirie vom pl\u0103ti c\u00e2te 12 000 de lei pe an, adic\u0103 1 000 de lei pe lun\u0103, fa\u021b\u0103 de 600 de mii de lei pe an ca p\u00e2n\u0103 acum. Am fost de trei ori la administra\u021bia public\u0103 local\u0103 de aici \u0219i mi s-a transmis s\u0103 nu pl\u0103tim deocamdat\u0103 nimic, pentru c\u0103 a\u0219a-zisul guvern de aici trebuie s\u0103 fac\u0103 modific\u0103ri la legea despre chirie. Ni s-a spus c\u0103 e o procedur\u0103 care dureaz\u0103. \u00cenc\u0103 nu e nicio schimbare\u201d, a declarat pentru Ziarul NA\u021aIONAL Ion Iovcev, directorul Liceului \u201eLucian Blaga\u201d de la Tiraspol.<\/p>\n<p>\u00cen acest an, Liceul \u201eLucian Blaga\u201d nu a f\u0103cut nicio plat\u0103 nici pentru serviciile de \u00eentre\u021binere, cer\u00e2nd sprijinul Biroului pentru Reintegrare de la Chi\u0219in\u0103u \u00een rezolvarea unei probleme ap\u0103rute dup\u0103 lichidarea trezor\u0103riilor raionale \u0219i trecerea la cea central\u0103. Ion Iovcev spune c\u0103 aceste schimb\u0103ri \u00eei pun \u00een dificultate, fiindc\u0103 documentele prezentate la trezor\u0103ria central\u0103 trebuie s\u0103 aib\u0103 semn\u0103tura \u0219i \u0219tampila furnizorului local de servicii, care este din Transnistria. Dar acesta nu semneaz\u0103 niciun document \u00een limba rom\u00e2n\u0103, impun\u00e2nd administra\u021bia liceului s\u0103 fac\u0103 traduceri autorizate la Tiraspol, care cost\u0103 timp \u0219i bani. Administra\u021bia liceului de la Tiraspol cere ca lucrurile s\u0103 r\u0103m\u00e2n\u0103 cum au fost \u00een acest domeniu \u0219i trezor\u0103ria s\u0103 accepte semn\u0103tura \u0219i \u0219tampila Ministerului Educa\u021biei de la Chi\u0219in\u0103u.<\/p>\n<p>Nici h\u0103r\u021buirile la a\u0219a-zisa vam\u0103 transnistrean\u0103 pare s\u0103 nu se fi \u00eencheiat, odat\u0103 cu semnarea celor patru protocoale.<\/p>\n<p><ins class=\"adsbygoogle\" data-ad-slot=\"1828436003\" data-ad-client=\"ca-pub-8819619377572069\" data-adsbygoogle-status=\"done\" data-ad-format=\"fluid\" data-ad-layout=\"in-article\"><ins id=\"aswift_3_expand\"><ins id=\"aswift_3_anchor\"><\/ins><\/ins><\/ins> Ion Iovcev ne-a povestit c\u0103, recent, \u00eentorc\u00e2ndu-se din Chi\u0219in\u0103u cu ma\u0219ina de serviciu, care are numere de \u00eenmatriculare ale R. Moldova, a fost oprit la a\u0219a-zisa vam\u0103 transnistrean\u0103, condus \u00eentr-un birou unde i s-a solicitat s\u0103 pl\u0103teasc\u0103 vinieta introdus\u0103 de autorit\u0103\u021bile nerecunoscute de la Tiraspol \u00een sum\u0103 de 700 de lei pe an.<\/p>\n<p>\u201eNoi avem trei ma\u0219ini de serviciu. \u0218i celelalte \u0219coli au astfel de automobile. Le-am spus de protocol, m-am prezentat ca fiind directorul liceului \u0219i mi-au dat drumul. Pe urm\u0103 nu au mai avut loc astfel de situa\u021bii\u201d, ne-a mai spus Ion Iovcev.<\/p>\n<p>Constantin Sucitu, directorul gimnaziului din Corjova, vorbe\u0219te \u00een linii mari despre aceea\u0219i situa\u021bie. Institu\u021bia pe care o conduce \u00eenchiriaz\u0103 spa\u021bii cu o suprafa\u021b\u0103 total\u0103 de 850 de metri p\u0103tra\u021bi, iar plata anual\u0103 pentru chirile, pl\u0103tit\u0103 autorit\u0103\u021bilor nerecunoscute, se ridica la un milion de lei.<\/p>\n<p>\u201eEi s-au \u00een\u021beles cu o plat\u0103 simbolic\u0103 de 1 000 de lei pe lun\u0103, ne-am adresat la autorit\u0103\u021bile de aici, dar nu ne-au dat \u00eenc\u0103 niciun r\u0103spuns. Tiraspolul trebuie s\u0103 decid\u0103 c\u00e2t s\u0103 pl\u0103tim. Restul problemelor parc\u0103 s-au rezolvat \u00een limite admisibile\u201d, ne-a spus Constantin Sucitu.<\/p>\n<p>Directorul a\u0219teapt\u0103 s\u0103 vad\u0103 cum vor trece elevii gimnaziului a\u0219a-zisa vam\u0103 transnistrean\u0103 c\u00e2nd vor merge \u00een luna februarie la olimpiada raional\u0103. \u201eP\u00e2nc\u0103 acum, trebuia s\u0103 trimitem lista la Tiraspol, ei s\u0103 o trimit\u0103 \u00eenapoi \u0219i apoi s\u0103 trecem vama. Sper\u0103m de data asta s\u0103 se decid\u0103 acest lucru pe loc\u201d, zice directorul de la Corjova.<\/p>\n<p>Men\u021bion\u0103m c\u0103 \u00een st\u00e2nga Nistrului sunt opt \u0219coli cu predare \u00een limba rom\u00e2n\u0103, subordonate autorit\u0103\u021bilor de la Chi\u0219in\u0103u.<\/p>\n<p>Sursa:<\/p>\n<p><a href=\"http:\/\/www.ziarulnational.md\/cum-simt-scolile-cu-predare-in-limba-romana-din-transnistria-efectele-protocoalelor-semnate-intre-chisinau-si-tiraspol-nu-se-simte-agresivitatea-care-a-existat-in-ultimii-ani-dar-inca-nu-e-nicio-schimbare\/\">http:\/\/www.ziarulnational.md\/cum-simt-scolile-cu-predare-in-limba-romana-din-transnistria-efectele-protocoalelor-semnate-intre-chisinau-si-tiraspol-nu-se-simte-agresivitatea-care-a-existat-in-ultimii-ani-dar-inca-nu-e-nicio-schimbare\/<\/a><\/p>\n","protected":false},"excerpt":{"rendered":"<p>\u00cen aceast\u0103 s\u0103pt\u0103m\u00e2n\u0103 se \u00eemplinesc trei luni de la semnarea, de c\u0103tre Chi\u0219in\u0103u \u0219i Tiraspol, a celor patru protocoale menite s\u0103 rezolve problemele legate de accesul fermierilor la terenurile de dup\u0103 traseul Tiraspol-Camenca, ale \u0219colilor cu predare \u00een limba rom\u00e2n\u0103 din st\u00e2nga Nistrului, restabilirea telefoniei fixe \u0219i mobile \u00eentre cele dou\u0103 maluri ale Nistrului \u0219i&#8230;<\/p>\n","protected":false},"author":2,"featured_media":0,"comment_status":"closed","ping_status":"open","sticky":false,"template":"","format":"standard","meta":[],"categories":[1],"tags":[],"_links":{"self":[{"href":"https:\/\/centers.ulbsibiu.ro\/ccsprise\/lact\/wp-json\/wp\/v2\/posts\/4129"}],"collection":[{"href":"https:\/\/centers.ulbsibiu.ro\/ccsprise\/lact\/wp-json\/wp\/v2\/posts"}],"about":[{"href":"https:\/\/centers.ulbsibiu.ro\/ccsprise\/lact\/wp-json\/wp\/v2\/types\/post"}],"author":[{"embeddable":true,"href":"https:\/\/centers.ulbsibiu.ro\/ccsprise\/lact\/wp-json\/wp\/v2\/users\/2"}],"replies":[{"embeddable":true,"href":"https:\/\/centers.ulbsibiu.ro\/ccsprise\/lact\/wp-json\/wp\/v2\/comments?post=4129"}],"version-history":[{"count":1,"href":"https:\/\/centers.ulbsibiu.ro\/ccsprise\/lact\/wp-json\/wp\/v2\/posts\/4129\/revisions"}],"predecessor-version":[{"id":4130,"href":"https:\/\/centers.ulbsibiu.ro\/ccsprise\/lact\/wp-json\/wp\/v2\/posts\/4129\/revisions\/4130"}],"wp:attachment":[{"href":"https:\/\/centers.ulbsibiu.ro\/ccsprise\/lact\/wp-json\/wp\/v2\/media?parent=4129"}],"wp:term":[{"taxonomy":"category","embeddable":true,"href":"https:\/\/centers.ulbsibiu.ro\/ccsprise\/lact\/wp-json\/wp\/v2\/categories?post=4129"},{"taxonomy":"post_tag","embeddable":true,"href":"https:\/\/centers.ulbsibiu.ro\/ccsprise\/lact\/wp-json\/wp\/v2\/tags?post=4129"}],"curies":[{"name":"wp","href":"https:\/\/api.w.org\/{rel}","templated":true}]}}