{"id":4127,"date":"2018-01-23T19:01:45","date_gmt":"2018-01-23T17:01:45","guid":{"rendered":"https:\/\/centers.ulbsibiu.ro\/ccsprise\/lact\/?p=4127"},"modified":"2018-01-23T19:01:45","modified_gmt":"2018-01-23T17:01:45","slug":"tvrmoldova-md-promo-lex-practica-de-sistare-ilegala-a-platilor-sociale-pentru-cetatenii-din-regiunea-transnistreana-trebuie-sa-inceteze","status":"publish","type":"post","link":"https:\/\/centers.ulbsibiu.ro\/ccsprise\/lact\/tvrmoldova-md-promo-lex-practica-de-sistare-ilegala-a-platilor-sociale-pentru-cetatenii-din-regiunea-transnistreana-trebuie-sa-inceteze\/","title":{"rendered":"Tvrmoldova.md &#8211; Promo-LEX: Practica de sistare ilegal\u0103 a pl\u0103\u0163ilor sociale pentru cet\u0103\u0163enii din regiunea transnistrean\u0103 trebuie s\u0103 \u00eenceteze"},"content":{"rendered":"<p class=\"digest\">Judec\u0103toria municipiului Chi\u015fin\u0103u \u015fi Curtea de Apel Chi\u015fin\u0103u au dat c\u00e2\u015ftig de cauz\u0103 pensionarilor din regiunea transnistrean\u0103 care au contestat deciziile Casei Na\u0163ionale de Asigur\u0103ri Sociale. CNAS refuza s\u0103 le acorde o parte din pensie, pe motiv c\u0103 ar fi beneficiat de pl\u0103\u0163i sociale din fonduri nerecunoscute. Drepturile acestor cet\u0103\u0163eni au fost ap\u0103rate de avoca\u0163ii Promo-LEX.<\/p>\n<div class=\"content\">\u00cen 2015, CNAS a emis decizii de sistare a pl\u0103\u0163ilor sociale c\u0103tre unii cet\u0103\u0163eni care locuiesc \u00een Tighina \u015fi alte localit\u0103\u0163i din zona de securitate. Argumentul institu\u0163iei este c\u0103 aceste persoane \u2013 cet\u0103\u0163eni ai Republicii Moldova \u2013 ar fi beneficiat de pl\u0103\u0163i sociale din fonduri nerecunoscute \u00een regiunea transnistrean\u0103, potrivit Promo-LEX. \u00cen unele cazuri, CNAS a decis s\u0103 re\u0163in\u0103 lunar 20% din pensie at\u00e2ta timp c\u00e2t persoanele primesc pl\u0103\u0163i din bani primi\u0163i ne\u00eentemeiat de la reprezentan\u0163ii administra\u0163iei de facto din estul \u0163\u0103rii.<\/p>\n<p>\u00cen cadrul acestor ac\u0163iuni, exist\u0103 suspiciuni rezonabile c\u0103 CNAS a transmis ilegal informa\u0163ii, inclusiv date cu caracter personal ale beneficiarilor, c\u0103tre administra\u0163ia de facto, f\u0103r\u0103 a avea o astfel de autorizare \u00een acest sens. Potrivit materialelor existente, schimbul de date cu caracter personal a avut loc \u00eentre CNAS \u015fi\u00a0Centrul de asigurare social\u0103 \u015fi al ocrotirii sociale din ora\u015ful Tighina, controlat de administra\u0163ia de facto din Tiraspol.<\/p>\n<p>Prin hot\u0103r\u00e2rile Judec\u0103toriei municipiului Chi\u015fin\u0103u din 1 februarie 2017 \u015fi 11 decembrie 2017, deciziile CNAS cu privire la sistarea pl\u0103\u0163ii pensiei de v\u00e2rst\u0103 \u015fi re\u0163inerea din pensie \u00een privin\u0163a a dou\u0103 beneficiare au fost declarate ilegale \u015fi au fost anulate. \u00cen cazul unei beneficiare, prin Decizia Cur\u0163ii de Apel Chi\u015fin\u0103u din 19 decembrie 2017 a fost respins apelul CNAS \u00eempotriva hot\u0103r\u00e2rii Judec\u0103toriei Chi\u015fin\u0103u ca fiind ne\u00eentemeiat.<\/p>\n<p>Asocia\u0163ia Promo-LEX aten\u0163ioneaz\u0103 asupra faptului c\u0103 prin hot\u0103r\u00e2rile Cur\u0163ii Europene a Drepturilor Omului, Republica Moldova este obligat\u0103 s\u0103 protejeze drepturile cet\u0103\u0163enilor care locuiesc \u00een regiunea transnistrean\u0103. Prin urmare, obliga\u0163ia de a achita pl\u0103\u0163ile sociale locuitorilor din st\u00e2nga Nistrului, care au contribuit la bugetul na\u0163ional de asigur\u0103ri sociale, nu trebuie s\u0103 fie condi\u0163ionat\u0103 de recep\u0163ionarea unor pl\u0103\u0163i din fonduri nerecunoscute.<\/p><\/div>\n<div>Sursa:<\/div>\n<div><a href=\"http:\/\/tvrmoldova.md\/social\/promo-lex-practica-de-sistare-ilegala-a-platilor-sociale-pentru-cetatenii-din-regiunea-transnistreana-trebuie-sa-inceteze\/\">http:\/\/tvrmoldova.md\/social\/promo-lex-practica-de-sistare-ilegala-a-platilor-sociale-pentru-cetatenii-din-regiunea-transnistreana-trebuie-sa-inceteze\/<\/a><\/div>\n","protected":false},"excerpt":{"rendered":"<p>Judec\u0103toria municipiului Chi\u015fin\u0103u \u015fi Curtea de Apel Chi\u015fin\u0103u au dat c\u00e2\u015ftig de cauz\u0103 pensionarilor din regiunea transnistrean\u0103 care au contestat deciziile Casei Na\u0163ionale de Asigur\u0103ri Sociale. CNAS refuza s\u0103 le acorde o parte din pensie, pe motiv c\u0103 ar fi beneficiat de pl\u0103\u0163i sociale din fonduri nerecunoscute. Drepturile acestor cet\u0103\u0163eni au fost ap\u0103rate de avoca\u0163ii&#8230;<\/p>\n","protected":false},"author":2,"featured_media":0,"comment_status":"closed","ping_status":"open","sticky":false,"template":"","format":"standard","meta":[],"categories":[1],"tags":[],"_links":{"self":[{"href":"https:\/\/centers.ulbsibiu.ro\/ccsprise\/lact\/wp-json\/wp\/v2\/posts\/4127"}],"collection":[{"href":"https:\/\/centers.ulbsibiu.ro\/ccsprise\/lact\/wp-json\/wp\/v2\/posts"}],"about":[{"href":"https:\/\/centers.ulbsibiu.ro\/ccsprise\/lact\/wp-json\/wp\/v2\/types\/post"}],"author":[{"embeddable":true,"href":"https:\/\/centers.ulbsibiu.ro\/ccsprise\/lact\/wp-json\/wp\/v2\/users\/2"}],"replies":[{"embeddable":true,"href":"https:\/\/centers.ulbsibiu.ro\/ccsprise\/lact\/wp-json\/wp\/v2\/comments?post=4127"}],"version-history":[{"count":1,"href":"https:\/\/centers.ulbsibiu.ro\/ccsprise\/lact\/wp-json\/wp\/v2\/posts\/4127\/revisions"}],"predecessor-version":[{"id":4128,"href":"https:\/\/centers.ulbsibiu.ro\/ccsprise\/lact\/wp-json\/wp\/v2\/posts\/4127\/revisions\/4128"}],"wp:attachment":[{"href":"https:\/\/centers.ulbsibiu.ro\/ccsprise\/lact\/wp-json\/wp\/v2\/media?parent=4127"}],"wp:term":[{"taxonomy":"category","embeddable":true,"href":"https:\/\/centers.ulbsibiu.ro\/ccsprise\/lact\/wp-json\/wp\/v2\/categories?post=4127"},{"taxonomy":"post_tag","embeddable":true,"href":"https:\/\/centers.ulbsibiu.ro\/ccsprise\/lact\/wp-json\/wp\/v2\/tags?post=4127"}],"curies":[{"name":"wp","href":"https:\/\/api.w.org\/{rel}","templated":true}]}}