{"id":4125,"date":"2018-01-23T18:42:50","date_gmt":"2018-01-23T16:42:50","guid":{"rendered":"https:\/\/centers.ulbsibiu.ro\/ccsprise\/lact\/?p=4125"},"modified":"2018-01-23T18:42:50","modified_gmt":"2018-01-23T16:42:50","slug":"allmoldova-com-reactia-moscovei-la-declaratiile-lui-andrian-candu-privind-armata-rusa-din-r-moldova","status":"publish","type":"post","link":"https:\/\/centers.ulbsibiu.ro\/ccsprise\/lact\/allmoldova-com-reactia-moscovei-la-declaratiile-lui-andrian-candu-privind-armata-rusa-din-r-moldova\/","title":{"rendered":"Allmoldova.com &#8211; Reac\u021bia Moscovei la declara\u021biile lui Andrian Candu privind armata rus\u0103 din R.Moldova"},"content":{"rendered":"<p class=\"lead-text\">Moscova calific\u0103 drept \u201eprovocare\u201d declara\u021bia pre\u0219edintelui Parlamentului Andrian Candu privind posibilitatea de a cere desp\u0103gubiri Rusiei pentru sta\u021bionarea ilegal\u0103 a armatei sale \u00een Republica Moldova.<\/p>\n<div class=\"content-container\">\n<p>Secretarul de stat al MAE rus, Grigori Karasin, a declarat c\u0103 autorit\u0103\u021bile de la Chi\u0219in\u0103u \u0219i Tiraspol ar trebui s\u0103 continue ac\u021biunile pozitive precum deciziile protocolare semnate la sf\u00e2r\u0219itul anului trecut, potrivit RIA Novosti.<\/p>\n<p>\u00cen acela\u0219i timp, referindu-se la declara\u021biile lui Andrian Candu privind armata rus\u0103, Karasin face referire la pacificatorii ru\u0219i din zona de securitate, care nu au nimic \u00een comun cu militarii din a\u0219a-numitul GOTR \u0219i muni\u021biile ruse aflate ilegal \u00een st\u00e2nga Nistrului.<\/p>\n<p>El a ad\u0103ugat c\u0103 astfel de chestiuni \u201ese rezolv\u0103 nu de la tribune cu declara\u021bii tari, dar prin lucru bine g\u00e2ndit pentru a ob\u021bine rezultate\u00a0 \u00een reglementarea transnistrean\u0103 acceptate de ambele p\u0103r\u021bi\u201d.<\/p>\n<p>Andrian Candu a declarat \u00eentr-un interviu pentru publica\u021bia leton\u0103 Latvijas Avize c\u0103 trupele militare ruse aflate ilegal \u00een st\u00e2nga Nistrului sunt for\u021be de ocupa\u021bie \u0219i c\u0103 Rusia a \u00eenc\u0103lcat legisla\u021bia interna\u021bional\u0103. El a ar\u0103tat c\u0103 autorit\u0103\u021bile se g\u00e2ndesc s\u0103 angajeze o companie interna\u021bional\u0103 de avocatur\u0103 pentru a calcula pierderile provocate de prezen\u021ba rus\u0103 \u00een Transnistria timp de 25 de ani \u0219i care ar putea s\u0103 se ridice la miliarde de dolari.<\/p>\n<p>Amintim c\u0103 aproximativ 1500-2000 de militari ru\u0219i se afl\u0103 \u00een prezent \u00een st\u00e2nga Nistrului, care, potrivit Moscovei p\u0103zesc depozitele de muni\u021bii ale fostei Armate a XIV-a din regiune.<\/p>\n<p>Rusia s-a angajat la un summit al OSCE din 1999 s\u0103-\u0219i retrag\u0103 trupele \u0219i muni\u021bia de pe teritoriul Republicii Moldova, \u00eens\u0103 p\u00e2n\u0103 acum nu \u0219i-a \u00eendeplinit angajamentul, \u00een pofida numeroaselor apeluri ale autorit\u0103\u021bilor de la Chi\u0219in\u0103u \u0219i ale comunit\u0103\u021bii interna\u021bionale.<\/p>\n<\/div>\n<div class=\"post-info\">\n<div class=\"post-author\">\n<div class=\"author-desc\" style=\"text-align: right;\"><a class=\"link\" href=\"http:\/\/radiochisinau.md\/\" target=\"_blank\" rel=\"noopener\">radiochisinau.md<\/a><\/div>\n<\/div>\n<div>Sursa:<\/div>\n<div><a href=\"http:\/\/www.allmoldova.com\/ro\/news\/reactia-moscovei-la-declaratiile-lui-andrian-candu-privind-armata-rusa-din-r-moldova\">http:\/\/www.allmoldova.com\/ro\/news\/reactia-moscovei-la-declaratiile-lui-andrian-candu-privind-armata-rusa-din-r-moldova<\/a><\/div>\n<div><\/div>\n<\/div>\n","protected":false},"excerpt":{"rendered":"<p>Moscova calific\u0103 drept \u201eprovocare\u201d declara\u021bia pre\u0219edintelui Parlamentului Andrian Candu privind posibilitatea de a cere desp\u0103gubiri Rusiei pentru sta\u021bionarea ilegal\u0103 a armatei sale \u00een Republica Moldova. Secretarul de stat al MAE rus, Grigori Karasin, a declarat c\u0103 autorit\u0103\u021bile de la Chi\u0219in\u0103u \u0219i Tiraspol ar trebui s\u0103 continue ac\u021biunile pozitive precum deciziile protocolare semnate la sf\u00e2r\u0219itul anului&#8230;<\/p>\n","protected":false},"author":2,"featured_media":0,"comment_status":"closed","ping_status":"open","sticky":false,"template":"","format":"standard","meta":[],"categories":[1],"tags":[],"_links":{"self":[{"href":"https:\/\/centers.ulbsibiu.ro\/ccsprise\/lact\/wp-json\/wp\/v2\/posts\/4125"}],"collection":[{"href":"https:\/\/centers.ulbsibiu.ro\/ccsprise\/lact\/wp-json\/wp\/v2\/posts"}],"about":[{"href":"https:\/\/centers.ulbsibiu.ro\/ccsprise\/lact\/wp-json\/wp\/v2\/types\/post"}],"author":[{"embeddable":true,"href":"https:\/\/centers.ulbsibiu.ro\/ccsprise\/lact\/wp-json\/wp\/v2\/users\/2"}],"replies":[{"embeddable":true,"href":"https:\/\/centers.ulbsibiu.ro\/ccsprise\/lact\/wp-json\/wp\/v2\/comments?post=4125"}],"version-history":[{"count":1,"href":"https:\/\/centers.ulbsibiu.ro\/ccsprise\/lact\/wp-json\/wp\/v2\/posts\/4125\/revisions"}],"predecessor-version":[{"id":4126,"href":"https:\/\/centers.ulbsibiu.ro\/ccsprise\/lact\/wp-json\/wp\/v2\/posts\/4125\/revisions\/4126"}],"wp:attachment":[{"href":"https:\/\/centers.ulbsibiu.ro\/ccsprise\/lact\/wp-json\/wp\/v2\/media?parent=4125"}],"wp:term":[{"taxonomy":"category","embeddable":true,"href":"https:\/\/centers.ulbsibiu.ro\/ccsprise\/lact\/wp-json\/wp\/v2\/categories?post=4125"},{"taxonomy":"post_tag","embeddable":true,"href":"https:\/\/centers.ulbsibiu.ro\/ccsprise\/lact\/wp-json\/wp\/v2\/tags?post=4125"}],"curies":[{"name":"wp","href":"https:\/\/api.w.org\/{rel}","templated":true}]}}