{"id":4120,"date":"2018-01-23T18:35:26","date_gmt":"2018-01-23T16:35:26","guid":{"rendered":"https:\/\/centers.ulbsibiu.ro\/ccsprise\/lact\/?p=4120"},"modified":"2018-01-23T18:39:06","modified_gmt":"2018-01-23T16:39:06","slug":"allmoldova-com-dodon-pentru-indeplinirea-intelegerilor-privind-transnistria","status":"publish","type":"post","link":"https:\/\/centers.ulbsibiu.ro\/ccsprise\/lact\/allmoldova-com-dodon-pentru-indeplinirea-intelegerilor-privind-transnistria\/","title":{"rendered":"Allmoldova.com &#8211; Dodon, pentru \u00eendeplinirea \u00een\u021belegerilor privind Transnistria"},"content":{"rendered":"<p class=\"lead-text\">Pre\u015fedintele Igor Dodon a reiterat necesitatea &#8220;realiz\u0103rii practice a \u00een\u0163elegerilor la care s-a ajuns la Viena \u00een decembrie 2017&#8221;.<\/p>\n<div class=\"content-container\">\n<p>Potrivit agen\u0163iei infotag, el a scris pe pagina sa de facebook c\u0103 acest subiect a fost discutat mar\u0163i, la tradi\u0163ionala \u00eentrevedere cu corpul diplomatic acreditat la Chi\u015fin\u0103u.<\/p>\n<p>&#8220;Am informat c\u0103 vom acorda \u00een continuare o aten\u0163ie sporit\u0103 solu\u0163ion\u0103rii celor opt subiecte de baz\u0103, incluse \u00een pachetului de rezolvare a problemelor sociale \u015fi economice ale locuitorilor de pe ambele maluri ale Nistrului, ini\u0163iate la \u00eentrevederea mea cu Vadim Krasnoselski, liderul administra\u0163iei transnistrene, \u00een ianuarie 2017&#8221;, a remarcat Dodon.<\/p>\n<p>El \u015fi-a exprimat speran\u0163a c\u0103 &#8220;\u00een cur\u00e2nd va fi solu\u0163ionat\u0103 chestiunea privind \u00eenregistrarea transportului auto din regiunea transnistrean\u0103&#8221;.<\/p>\n<p>&#8220;De asemenea, vom insista pe desf\u0103\u015furarea cu regularitate a \u00eentrevederilor \u00een format &#8220;5+2&#8221; &#8220;, a subliniat pre\u015fedintele.<\/p>\n<p>El a spus c\u0103 la \u00eentrevederea cu diploma\u0163ii au fost discutate priorit\u0103\u0163ile institu\u0163iei preziden\u0163iale pentru anul 2018.<\/p>\n<p>&#8220;Am f\u0103cut un schimb de opinii amplu cu privire la situa\u0163ia din politica intern\u0103 a \u0163\u0103rii, inclusiv situa\u0163ia economic\u0103, social\u0103, conflictul institu\u0163ional \u015fi gravele \u00eenc\u0103lc\u0103ri ale legisla\u0163iei na\u0163ionale efectuate sub presiunea majorit\u0103\u0163ii parlamentare, precum \u015fi subiecte legate de legea anti-propagand\u0103, continuarea tension\u0103rii rela\u0163iilor cu Federa\u0163ia Rus\u0103, interzicerea accesului pe teritoriul Republicii Moldova a mass-media din alte state&#8221;, a men\u0163ionat Dodon.<\/p>\n<p>El a informat ambasadorii despre &#8220;numeroasele vizite pe care le va \u00eentreprinde \u00een acest an peste hotarele Republicii Moldova, at\u00e2t \u00een Est, c\u00e2t \u015fi \u00een Vest&#8221;.<\/p>\n<p>&#8220;Un subiect aparte l-a constituit desf\u0103\u015furarea alegerilor parlamentare din anul curent. Am solicitat maxim\u0103 aten\u0163ie din partea institu\u0163iilor interna\u0163ionale \u015fi misiunilor diplomatice acreditate \u00een \u0163ara noastr\u0103 \u00een monitorizarea scrutinului electoral. Alegerile din 2018 vor fi fundamentale pentru dezvoltarea \u00een continuare a Republicii Moldova \u015fi trebuie s\u0103 se desf\u0103\u015foare \u00een cel mai transparent \u015fi corect mod&#8221;, a subliniat Pre\u015fedintele.<\/p>\n<\/div>\n<div class=\"post-info\">\n<div class=\"post-author\">\n<div class=\"author-desc\" style=\"text-align: right;\"><a class=\"link\" href=\"http:\/\/infotag.md\/\" target=\"_blank\" rel=\"noopener\">infotag.md<\/a><\/div>\n<\/div>\n<\/div>\n<div>Sursa:<\/div>\n<div><a href=\"http:\/\/www.allmoldova.com\/ro\/news\/dodon-pentru-indeplinirea-intelegerilor-privind-transnistria\">http:\/\/www.allmoldova.com\/ro\/news\/dodon-pentru-indeplinirea-intelegerilor-privind-transnistria<\/a><\/div>\n","protected":false},"excerpt":{"rendered":"<p>Pre\u015fedintele Igor Dodon a reiterat necesitatea &#8220;realiz\u0103rii practice a \u00een\u0163elegerilor la care s-a ajuns la Viena \u00een decembrie 2017&#8221;. Potrivit agen\u0163iei infotag, el a scris pe pagina sa de facebook c\u0103 acest subiect a fost discutat mar\u0163i, la tradi\u0163ionala \u00eentrevedere cu corpul diplomatic acreditat la Chi\u015fin\u0103u. &#8220;Am informat c\u0103 vom acorda \u00een continuare o aten\u0163ie&#8230;<\/p>\n","protected":false},"author":2,"featured_media":0,"comment_status":"closed","ping_status":"open","sticky":false,"template":"","format":"standard","meta":[],"categories":[1],"tags":[],"_links":{"self":[{"href":"https:\/\/centers.ulbsibiu.ro\/ccsprise\/lact\/wp-json\/wp\/v2\/posts\/4120"}],"collection":[{"href":"https:\/\/centers.ulbsibiu.ro\/ccsprise\/lact\/wp-json\/wp\/v2\/posts"}],"about":[{"href":"https:\/\/centers.ulbsibiu.ro\/ccsprise\/lact\/wp-json\/wp\/v2\/types\/post"}],"author":[{"embeddable":true,"href":"https:\/\/centers.ulbsibiu.ro\/ccsprise\/lact\/wp-json\/wp\/v2\/users\/2"}],"replies":[{"embeddable":true,"href":"https:\/\/centers.ulbsibiu.ro\/ccsprise\/lact\/wp-json\/wp\/v2\/comments?post=4120"}],"version-history":[{"count":3,"href":"https:\/\/centers.ulbsibiu.ro\/ccsprise\/lact\/wp-json\/wp\/v2\/posts\/4120\/revisions"}],"predecessor-version":[{"id":4124,"href":"https:\/\/centers.ulbsibiu.ro\/ccsprise\/lact\/wp-json\/wp\/v2\/posts\/4120\/revisions\/4124"}],"wp:attachment":[{"href":"https:\/\/centers.ulbsibiu.ro\/ccsprise\/lact\/wp-json\/wp\/v2\/media?parent=4120"}],"wp:term":[{"taxonomy":"category","embeddable":true,"href":"https:\/\/centers.ulbsibiu.ro\/ccsprise\/lact\/wp-json\/wp\/v2\/categories?post=4120"},{"taxonomy":"post_tag","embeddable":true,"href":"https:\/\/centers.ulbsibiu.ro\/ccsprise\/lact\/wp-json\/wp\/v2\/tags?post=4120"}],"curies":[{"name":"wp","href":"https:\/\/api.w.org\/{rel}","templated":true}]}}