{"id":4118,"date":"2018-01-22T16:24:59","date_gmt":"2018-01-22T14:24:59","guid":{"rendered":"https:\/\/centers.ulbsibiu.ro\/ccsprise\/lact\/?p=4118"},"modified":"2018-01-22T16:24:59","modified_gmt":"2018-01-22T14:24:59","slug":"infotag-md-liderul-de-la-tiraspol-recunoasterea-transnistriei-este-o-problema-tehnica-care-va-fi-depasita","status":"publish","type":"post","link":"https:\/\/centers.ulbsibiu.ro\/ccsprise\/lact\/infotag-md-liderul-de-la-tiraspol-recunoasterea-transnistriei-este-o-problema-tehnica-care-va-fi-depasita\/","title":{"rendered":"Infotag.md &#8211; LIDERUL DE LA TIRASPOL: RECUNOA\u015eTEREA TRANSNISTRIEI ESTE O PROBLEM\u0102 TEHNIC\u0102, CARE VA FI DEP\u0102\u015eIT\u0102"},"content":{"rendered":"<p>Recunoa\u015fterea Transnistriei nu este o iluzie, ci o problem\u0103 tehnic\u0103, care va fi dep\u0103\u015fit\u0103 la timpul potrivit, a declarat pre\u015fedintele autoproclamatei RMN, Vadim Krasnoselski, \u00eentr-un interviu pentru publica\u0163ia rus\u0103 \u201eNezavisimaia gazeta\u201d.<\/p>\n<p>Potrivit agen\u0163iei INFOTAG, el a nu a exclus faptul c\u0103 problema ar putea fi solu\u0163ionat\u0103 ca \u015fi \u00een Kosovo.<\/p>\n<p>Coment\u00e2nd declara\u0163iile pre\u015fedintelui Parlamentului Moldovei, Andrian Candu, care au spus c\u0103 trupele ruse\u015fti pe teritoriul Republicii Moldova sunt \u201efor\u0163e de ocupa\u0163ie\u201d, liderul de la Tiraspol a amintit c\u0103 transnistrenii consider\u0103 c\u0103 GOTR este garantul p\u0103cii \u00een regiune\u201d.<\/p>\n<p>\u201eLa reuniunea recent\u0103 a APCE la Paris, unde au fost invita\u0163i reprezentan\u0163i ai Transnistriei, noi am impus tabu pe tema prezen\u0163ei militare ruse. \u015etiind pozi\u0163ia noastr\u0103, nici ceilal\u0163i participan\u0163i la dialog nu s-au referit la aceasta. De obicei, aceast\u0103 \u00eentrebare este ridicat\u0103 de Moldova. Noi am exclus-o cu totul de pe ordinea de zi. Europenii \u015ftiu acest lucru, de aceea nu se ating de acest subiect\u201d, a spus el.<\/p>\n<p>Potrivit lui, GOTR este fundamentul opera\u0163iunii de men\u0163inere a p\u0103cii \u00een regiune, din componen\u0163a grupului operativ este format \u015fi batalionul de men\u0163inere a p\u0103cii.<\/p>\n<p>\u201eMai ales c\u0103 exist\u0103 problema nerezolvat\u0103 a depozitelor de muni\u0163ii ale fostei Armate a 14-a, situat\u0103 pe teritoriul Transnistriei. Dac\u0103 explodeaz\u0103 ceva acolo, situa\u0163ia va fi complicat\u0103 \u015fi pentru Moldova, \u015fi pentru Ucraina. \u015ei acest lucru s-ar fi putut \u00eent\u00e2mpla, dac\u0103 nu ar fi fost GOTR, care p\u0103ze\u015fte depozitele\u201d, a spus Krasnoselski.<\/p>\n<p>Totodat\u0103, el a recunoscut c\u0103 \u015fi depozitele de muni\u0163ii sunt p\u0103zit afar\u0103 de c\u0103tre militarii transnistreni.<\/p>\n<p>Vorbind despre motivele vizitei la Moscova, liderul transnistrean a spus c\u0103 acest lucru este legat de chestiuni ce \u0163in de politica extern\u0103 \u015fi economie.<\/p>\n<p>\u201eDe aceea, prima \u00eent\u00e2lnire am avut-o cu Grigori Karasin (viceministrul Afacerilor Externe al Federa\u0163iei Ruse \u2013 \u201eI.\u201d), la ea au fost prezen\u0163i reprezentan\u0163ii Ministerului nostru de Externe. Am discutat aspecte legate de perimetrul extern \u015fi acordurile atinse \u015fi am fost de p\u0103rerea c\u0103 acestea trebuie \u00eendeplinite, iar garan\u0163ii \u015fi mediatorii ar trebui s\u0103 garanteze acest lucru. Apoi a avut loc o \u00eent\u00e2lnire cu Dmitri Rogozin (viceprim-ministru, reprezentantul special al pre\u015fedintelui Federa\u0163iei Ruse pentru Transnistria \u2013 \u201eI.\u201d). Cu el am trasat perspectivele de lucru pentru acest an\u201d, a spus el.<\/p>\n<p>Krasnoselski a respins informa\u0163iile despre \u201efenomene care nu au fost anterior \u00een Transnistria, \u00een special, protestele pensionarilor\u201d.<\/p>\n<p>\u201eNu avem proteste. Exist\u0103 o opozi\u0163ie \u00een persoana Partidului Comunist. \u00cen ceea ce prive\u015fte pensionarii, ei nu pl\u0103tesc pentru utilit\u0103\u0163i publice \u015fi gaze. Rusia ne pl\u0103te\u015fte pentru tranzitul gazelor pe teritoriul nostru, iar ace\u015fti bani sunt folosi\u0163i pentru a pl\u0103ti facturile pensionarilor\u201d, a spus el.<\/p>\n<p>Sursa:<\/p>\n<p><a href=\"http:\/\/www.infotag.md\/rebelion-ro\/258442\/\">http:\/\/www.infotag.md\/rebelion-ro\/258442\/<\/a><\/p>\n","protected":false},"excerpt":{"rendered":"<p>Recunoa\u015fterea Transnistriei nu este o iluzie, ci o problem\u0103 tehnic\u0103, care va fi dep\u0103\u015fit\u0103 la timpul potrivit, a declarat pre\u015fedintele autoproclamatei RMN, Vadim Krasnoselski, \u00eentr-un interviu pentru publica\u0163ia rus\u0103 \u201eNezavisimaia gazeta\u201d. Potrivit agen\u0163iei INFOTAG, el a nu a exclus faptul c\u0103 problema ar putea fi solu\u0163ionat\u0103 ca \u015fi \u00een Kosovo. Coment\u00e2nd declara\u0163iile pre\u015fedintelui Parlamentului Moldovei,&#8230;<\/p>\n","protected":false},"author":2,"featured_media":0,"comment_status":"closed","ping_status":"open","sticky":false,"template":"","format":"standard","meta":[],"categories":[1],"tags":[],"_links":{"self":[{"href":"https:\/\/centers.ulbsibiu.ro\/ccsprise\/lact\/wp-json\/wp\/v2\/posts\/4118"}],"collection":[{"href":"https:\/\/centers.ulbsibiu.ro\/ccsprise\/lact\/wp-json\/wp\/v2\/posts"}],"about":[{"href":"https:\/\/centers.ulbsibiu.ro\/ccsprise\/lact\/wp-json\/wp\/v2\/types\/post"}],"author":[{"embeddable":true,"href":"https:\/\/centers.ulbsibiu.ro\/ccsprise\/lact\/wp-json\/wp\/v2\/users\/2"}],"replies":[{"embeddable":true,"href":"https:\/\/centers.ulbsibiu.ro\/ccsprise\/lact\/wp-json\/wp\/v2\/comments?post=4118"}],"version-history":[{"count":1,"href":"https:\/\/centers.ulbsibiu.ro\/ccsprise\/lact\/wp-json\/wp\/v2\/posts\/4118\/revisions"}],"predecessor-version":[{"id":4119,"href":"https:\/\/centers.ulbsibiu.ro\/ccsprise\/lact\/wp-json\/wp\/v2\/posts\/4118\/revisions\/4119"}],"wp:attachment":[{"href":"https:\/\/centers.ulbsibiu.ro\/ccsprise\/lact\/wp-json\/wp\/v2\/media?parent=4118"}],"wp:term":[{"taxonomy":"category","embeddable":true,"href":"https:\/\/centers.ulbsibiu.ro\/ccsprise\/lact\/wp-json\/wp\/v2\/categories?post=4118"},{"taxonomy":"post_tag","embeddable":true,"href":"https:\/\/centers.ulbsibiu.ro\/ccsprise\/lact\/wp-json\/wp\/v2\/tags?post=4118"}],"curies":[{"name":"wp","href":"https:\/\/api.w.org\/{rel}","templated":true}]}}