{"id":4115,"date":"2018-01-22T16:21:55","date_gmt":"2018-01-22T14:21:55","guid":{"rendered":"https:\/\/centers.ulbsibiu.ro\/ccsprise\/lact\/?p=4115"},"modified":"2018-01-22T16:23:01","modified_gmt":"2018-01-22T14:23:01","slug":"infotag-md-tiraspolul-a-coordonat-cu-moscova-actiuni-pentru-mentinerea-controlului-si-previzibilitatii-situatiei","status":"publish","type":"post","link":"https:\/\/centers.ulbsibiu.ro\/ccsprise\/lact\/infotag-md-tiraspolul-a-coordonat-cu-moscova-actiuni-pentru-mentinerea-controlului-si-previzibilitatii-situatiei\/","title":{"rendered":"Infotag.md &#8211; TIRASPOLUL A COORDONAT CU MOSCOVA AC\u021aIUNI \u201ePENTRU MEN\u021aINEREA CONTROLULUI \u0218I PREVIZIBILIT\u0102\u021aII SITUA\u021aIEI\u201d"},"content":{"rendered":"<p>Procesul de negociere a reglement\u0103rii moldo-transnistrene, perspectivele acestuia \u00een 2018 privind implementarea practic\u0103 a Protocolului de la Viena \u0219i posibilit\u0103\u021bile de rezolvare a altor aspecte problematice au constituit subiect de discu\u021bii la \u00eentrevederea secretarului de stat, viceministrului de Externe al Rusiei, Grigorii Karasin, cu o delega\u021bie a Transnistriei, condus\u0103 de pre\u015fedintele acesteia, Vadim Krasnoselski.<\/p>\n<p>Potrivit agen\u021biei INFOTAG cu referire la site-ul liderului de la Tiraspol, \u00eentrevederea a avut loc \u00een cadrul unui pr\u00e2nz de lucru la Ministerul rus de Externe, la care au participat reprezentantul special al Federa\u0163iei Ruse pentru conflictul transnistrean, Serghei Gubarev, asistentul vicepremierului Dmitrii Rogozin, Dmitrii Loskutov, \u0219i un reprezentant al MAE al Rusiei, Vitalii Treapi\u021b\u00een. Din partea transnistrean\u0103 au fost prezen\u021bi ministrul de Externe, Vitalii Ignatiev, \u0219i adjunctul s\u0103u, Ruslan Slobodeniuc.<\/p>\n<p>Interlocutorii au discutat \u201eactivitatea ritmic\u0103 a formatului interna\u021bional \u201e5+2\u201d, precum \u0219i au \u201etrasat algoritmul ac\u021biunilor comune, menite s\u0103 men\u021bin\u0103 controlul \u0219i previzibilitatea situa\u021biei \u0219i s\u0103 minimizeze consecin\u021be negative\u201d.<\/p>\n<p>Krasnoselski a confirmat \u201epozi\u021bia principial\u0103 a RMN privind necesitatea cre\u0103rii rapide a unui mecanism de garantare a implement\u0103rii deciziilor luate \u00een procesul de negocieri\u201d. El a subliniat c\u0103, pentru Transnistria, \u201esolu\u021bionarea contradic\u021biilor \u00een sfera social\u0103, economic\u0103 \u0219i umanitar\u0103 r\u0103m\u00e2ne a fi o prioritate \u00een cadrul interac\u021biunii cu partea moldoveneasc\u0103\u201d.<\/p>\n<p>P\u0103r\u021bile \u201eau discutat detaliat poten\u021biale oportunit\u0103\u0163i de intensificare a cooper\u0103rii bilaterale dintre Rusia \u0219i Transnistria la toate nivelurile\u201d. \u00cen special, au fost discutate probleme legate de \u201esimplificarea procedurii de ob\u021binere a cet\u0103\u021beniei ruse pentru locuitorii Transnistriei \u0219i extinderea cooper\u0103rii interinstitu\u0163ionale ruso-transnistrean\u0103\u201d.<\/p>\n<p>Pe site-ul MAE-ului Rusiei nu se men\u021bioneaz\u0103 nimic despre \u00eentrevederea cu delega\u021bia transnistrean\u0103.<\/p>\n<p>Sursa:<\/p>\n<p><a href=\"http:\/\/www.infotag.md\/rebelion-ro\/258419\">http:\/\/www.infotag.md\/rebelion-ro\/258419<\/a><\/p>\n","protected":false},"excerpt":{"rendered":"<p>Procesul de negociere a reglement\u0103rii moldo-transnistrene, perspectivele acestuia \u00een 2018 privind implementarea practic\u0103 a Protocolului de la Viena \u0219i posibilit\u0103\u021bile de rezolvare a altor aspecte problematice au constituit subiect de discu\u021bii la \u00eentrevederea secretarului de stat, viceministrului de Externe al Rusiei, Grigorii Karasin, cu o delega\u021bie a Transnistriei, condus\u0103 de pre\u015fedintele acesteia, Vadim Krasnoselski. Potrivit&#8230;<\/p>\n","protected":false},"author":2,"featured_media":0,"comment_status":"closed","ping_status":"open","sticky":false,"template":"","format":"standard","meta":[],"categories":[1],"tags":[],"_links":{"self":[{"href":"https:\/\/centers.ulbsibiu.ro\/ccsprise\/lact\/wp-json\/wp\/v2\/posts\/4115"}],"collection":[{"href":"https:\/\/centers.ulbsibiu.ro\/ccsprise\/lact\/wp-json\/wp\/v2\/posts"}],"about":[{"href":"https:\/\/centers.ulbsibiu.ro\/ccsprise\/lact\/wp-json\/wp\/v2\/types\/post"}],"author":[{"embeddable":true,"href":"https:\/\/centers.ulbsibiu.ro\/ccsprise\/lact\/wp-json\/wp\/v2\/users\/2"}],"replies":[{"embeddable":true,"href":"https:\/\/centers.ulbsibiu.ro\/ccsprise\/lact\/wp-json\/wp\/v2\/comments?post=4115"}],"version-history":[{"count":2,"href":"https:\/\/centers.ulbsibiu.ro\/ccsprise\/lact\/wp-json\/wp\/v2\/posts\/4115\/revisions"}],"predecessor-version":[{"id":4117,"href":"https:\/\/centers.ulbsibiu.ro\/ccsprise\/lact\/wp-json\/wp\/v2\/posts\/4115\/revisions\/4117"}],"wp:attachment":[{"href":"https:\/\/centers.ulbsibiu.ro\/ccsprise\/lact\/wp-json\/wp\/v2\/media?parent=4115"}],"wp:term":[{"taxonomy":"category","embeddable":true,"href":"https:\/\/centers.ulbsibiu.ro\/ccsprise\/lact\/wp-json\/wp\/v2\/categories?post=4115"},{"taxonomy":"post_tag","embeddable":true,"href":"https:\/\/centers.ulbsibiu.ro\/ccsprise\/lact\/wp-json\/wp\/v2\/tags?post=4115"}],"curies":[{"name":"wp","href":"https:\/\/api.w.org\/{rel}","templated":true}]}}