{"id":4110,"date":"2018-01-22T16:15:18","date_gmt":"2018-01-22T14:15:18","guid":{"rendered":"https:\/\/centers.ulbsibiu.ro\/ccsprise\/lact\/?p=4110"},"modified":"2020-06-12T18:52:06","modified_gmt":"2020-06-12T16:52:06","slug":"ziarulnational-md-declaratie-nominalizarea-lui-franco-frattini-in-pozitia-de-reprezentant-special-al-osce-pentru-transnistria-prevesteste-surprize-nu-tocmai-placute-pentru-r-moldova","status":"publish","type":"post","link":"https:\/\/centers.ulbsibiu.ro\/ccsprise\/lact\/ziarulnational-md-declaratie-nominalizarea-lui-franco-frattini-in-pozitia-de-reprezentant-special-al-osce-pentru-transnistria-prevesteste-surprize-nu-tocmai-placute-pentru-r-moldova\/","title":{"rendered":"Ziarulnational.md &#8211; DECLARA\u021aIE \/\/ Nominalizarea lui Franco Frattini \u00een pozi\u021bia de reprezentant special al OSCE pentru Transnistria \u201epreveste\u0219te SURPRIZE nu tocmai pl\u0103cute pentru R. Moldova\u201d"},"content":{"rendered":"<p>Numirea lui Franco Frattini \u00een pozi\u021bia de reprezentant special al OSCE pentru Transnistria \u201epreveste\u0219te surprize nu tocmai pl\u0103cute pentru R. Moldova\u201d.<\/p>\n<p>De aceast\u0103 p\u0103rere este pre\u0219edintele Asocia\u021biei pentru Politic\u0103 Extern\u0103 (APE), Victor Chiril\u0103, care observ\u0103 faptul c\u0103 nominalizarea unui politician european de calibrul lui Franco Frattini \u00een aceast\u0103 func\u021bie a fost \u201eaplaudat\u0103 foarte mult de separati\u0219tii de la Tiraspol \u0219i de Rusia\u201d, lucru care nu este \u201edeloc \u00eent\u00e2mpl\u0103tor\u201d.<\/p>\n<p>\u201eUn grup de state UE care s-au s\u0103turat de sanc\u021biunile \u00eempotriva Rusiei, vor s\u0103 revin\u0103 c\u00e2t mai cur\u00e2nd la \u201ebusiness as usual\u201d cu Moscova, investi\u021bii, comer\u021b, afaceri grase, care au fost date peste cap\u0103t de agresiunea rus\u0103 \u00een Ucraina. Pentru a realiza acest deziderat, ele au nevoie ca de aer de un \u201esucces politic notoriu\u201d pe \u201efrontul de est\u201d. Preferabil ar fi ca acest \u201esucces\u201d s\u0103 se materializeze \u00een Ucraina, \u00eens\u0103, ucrainenii nu-s blegi, ei \u0219tiu s\u0103-\u0219i apere interesele na\u021bionale \u0219i nu le vor oferi pe tava acest cadou. A fost aleas\u0103, \u00een schimb, R. Moldova, un stat slab, cu o elita politic\u0103 u\u0219or de manipulat \u0219i un conflict \u00eenghe\u021bat, care in viziune unor parteneri din UE, este un \u201efruct ce at\u00e2rn\u0103 suficient de jos pentru a fi cules\u201d, \u201ea low hanging fruit\u201d, spun englezii. Un fel de \u201epar\u0103 mal\u0103ia\u021b\u0103 \u00een gura lui Nat\u0103flea\u021b\u0103\u201d, spunem noi\u201d, scrie Chiril\u0103 pe Facebook.<\/p>\n<p>Potrivit lui Victor Chiril\u0103, conflictul transnistrean este \u201e\u00een primul r\u00e2nd, un conflict geopolitic, nu \u00eentre Chi\u0219in\u0103u \u0219i Tiraspol, ci \u00eentre R. Moldova care \u00ee\u0219i dore\u0219te un destin european \u0219i o Rusie autoritar\u0103, imperialist\u0103, revizionist\u0103, care considera \u021bara noastr\u0103 fieful ei de jure\u201d.<br \/>\n<ins class=\"adsbygoogle\" data-ad-layout=\"in-article\" data-ad-format=\"fluid\" data-adsbygoogle-status=\"done\" data-ad-client=\"ca-pub-8819619377572069\" data-ad-slot=\"1828436003\"><ins id=\"aswift_3_expand\"><ins id=\"aswift_3_anchor\"><\/ins><\/ins><\/ins><\/p>\n<p>\u201ePartenerii no\u0219tri din UE, cu regret, evit\u0103 s\u0103 recunoasc\u0103 acest lucru. \u00cen UE, pur \u0219i simplu, nu exist\u0103 geopolitic\u0103 \u0219i basta, punct! Ei prefer\u0103 s\u0103 trateze problema transnistrean\u0103 exclusiv ca pe un conflict de competen\u021be \u00eentre centru \u0219i regiune, ce este o adevarat\u0103 miopie. \u00cens\u0103, aceast\u0103 negare premeditat\u0103 nu schimba realitatea. Noi \u0219tim foarte bine c\u0103, pentru Rusia, miza solu\u021bion\u0103rii transnistrene este R. Moldova, blocarea integr\u0103rii ei europene \u0219i re\u00eennglobarea ei definitiv\u0103 \u00een sfera sa de influen\u021b\u0103. Prin urmare, Moscova nu va accepta nimic mai pu\u021bin dec\u00e2t o reglementare pe o platform\u0103 federalist\u0103, simulat\u0103 sub forma unui statut special pentru Transnistria. Acest m\u0103r otr\u0103vit va fi \u00eenceputul sf\u00e2r\u0219itului R. Moldova ca stat suveran, va face din puterea central\u0103 o parodie \u0219i va pune cap\u0103t oric\u0103ror perspective de integrate european\u0103\u201d, avertizeaz\u0103 pre\u0219edintele APE.<\/p>\n<p>Victor Chiril\u0103 a \u021binut s\u0103-i dea c\u00e2teva \u201esfaturi prietene\u0219ti\u201d noului vicepremier pentru Reintegrare, Cristina Dna Lesnic, pe care ar a\u0219tepta-o \u201eprovoc\u0103ri mari\u201d \u00een acest an.<\/p>\n<p>\u201ePersonal, cred c\u0103 v\u0103 a\u0219teapt\u0103 provoc\u0103ri mari \u00een acest an, care vor veni nu doar din partea Rusiei, dar \u0219i de la prieteni declara\u021bi. Pentru a face fa\u021b\u0103 acestora, ve\u021bi avea nevoie nu doar de cunoa\u0219terea detaliat\u0103\/profund\u0103 a dosarului transnistrean, de consilieri de \u00eencredere, ci mai ales de curaj, fermitate \u0219i verticalitate, pentru a nu va las\u0103 manipulat\u0103 nici de cei care v-au blagoslovit \u00een func\u021bie, nici de \u201eprieteni\u201d, care v\u0103 z\u00e2mbesc frumos, vorbesc dulce \u0219i vin cu \u201edaruri grece\u0219ti\u201d. (&#8230;) Nu lua\u021bi decizii pripite, care pot \u00eenscrie numele dumneavoastr\u0103 \u00een lista numelor infame ale acestui stat. Nu crede\u021bi \u00een z\u00e2mbete \u0219i vorbe frumoase. Pune\u021bi la \u00eendoial\u0103 sfaturile venite de la \u201eprieteni\u201d, c\u00e2nt\u0103ri\u021bi bine solu\u021biile, nu va fie fric\u0103 s\u0103 spune\u021bi NU c\u00e2nd e cazul \u0219i nu uita\u021bi c\u0103 reprezenta\u021bi interesele statului \u0219i nu ale cuiva\u201d, o sf\u0103tue\u0219te pre\u0219edintele APE pe Cristina Lesnic.<\/p>\n<p>Sursa:<\/p>\n<p><a href=\"http:\/\/www.ziarulnational.md\/declaratie-nominalizarea-lui-franco-frattini-in-pozitia-de-reprezentant-special-al-osce-pentru-transnistria-prevesteste-surprize-nu-tocmai-placute-pentru-r-moldova\/\">http:\/\/www.ziarulnational.md\/declaratie-nominalizarea-lui-franco-frattini-in-pozitia-de-reprezentant-special-al-osce-pentru-transnistria-prevesteste-surprize-nu-tocmai-placute-pentru-r-moldova\/<\/a><\/p>\n","protected":false},"excerpt":{"rendered":"<p>Numirea lui Franco Frattini \u00een pozi\u021bia de reprezentant special al OSCE pentru Transnistria \u201epreveste\u0219te surprize nu tocmai pl\u0103cute pentru R. Moldova\u201d. De aceast\u0103 p\u0103rere este pre\u0219edintele Asocia\u021biei pentru Politic\u0103 Extern\u0103 (APE), Victor Chiril\u0103, care observ\u0103 faptul c\u0103 nominalizarea unui politician european de calibrul lui Franco Frattini \u00een aceast\u0103 func\u021bie a fost \u201eaplaudat\u0103 foarte mult de&#8230;<\/p>\n","protected":false},"author":2,"featured_media":0,"comment_status":"closed","ping_status":"open","sticky":false,"template":"","format":"standard","meta":[],"categories":[1],"tags":[],"_links":{"self":[{"href":"https:\/\/centers.ulbsibiu.ro\/ccsprise\/lact\/wp-json\/wp\/v2\/posts\/4110"}],"collection":[{"href":"https:\/\/centers.ulbsibiu.ro\/ccsprise\/lact\/wp-json\/wp\/v2\/posts"}],"about":[{"href":"https:\/\/centers.ulbsibiu.ro\/ccsprise\/lact\/wp-json\/wp\/v2\/types\/post"}],"author":[{"embeddable":true,"href":"https:\/\/centers.ulbsibiu.ro\/ccsprise\/lact\/wp-json\/wp\/v2\/users\/2"}],"replies":[{"embeddable":true,"href":"https:\/\/centers.ulbsibiu.ro\/ccsprise\/lact\/wp-json\/wp\/v2\/comments?post=4110"}],"version-history":[{"count":1,"href":"https:\/\/centers.ulbsibiu.ro\/ccsprise\/lact\/wp-json\/wp\/v2\/posts\/4110\/revisions"}],"predecessor-version":[{"id":4111,"href":"https:\/\/centers.ulbsibiu.ro\/ccsprise\/lact\/wp-json\/wp\/v2\/posts\/4110\/revisions\/4111"}],"wp:attachment":[{"href":"https:\/\/centers.ulbsibiu.ro\/ccsprise\/lact\/wp-json\/wp\/v2\/media?parent=4110"}],"wp:term":[{"taxonomy":"category","embeddable":true,"href":"https:\/\/centers.ulbsibiu.ro\/ccsprise\/lact\/wp-json\/wp\/v2\/categories?post=4110"},{"taxonomy":"post_tag","embeddable":true,"href":"https:\/\/centers.ulbsibiu.ro\/ccsprise\/lact\/wp-json\/wp\/v2\/tags?post=4110"}],"curies":[{"name":"wp","href":"https:\/\/api.w.org\/{rel}","templated":true}]}}