{"id":4108,"date":"2018-01-22T15:49:12","date_gmt":"2018-01-22T13:49:12","guid":{"rendered":"https:\/\/centers.ulbsibiu.ro\/ccsprise\/lact\/?p=4108"},"modified":"2018-01-22T15:49:12","modified_gmt":"2018-01-22T13:49:12","slug":"adevarul-ro-senatorii-rusi-avertizeaza-chisinaul-si-rusia-ar-putea-cere-sa-i-se-achite-pentru-ca-a-mentinut-pacea-in-transnistria","status":"publish","type":"post","link":"https:\/\/centers.ulbsibiu.ro\/ccsprise\/lact\/adevarul-ro-senatorii-rusi-avertizeaza-chisinaul-si-rusia-ar-putea-cere-sa-i-se-achite-pentru-ca-a-mentinut-pacea-in-transnistria\/","title":{"rendered":"Adevarul.ro &#8211; Senatorii ru\u015fi avertizeaz\u0103 Chi\u015fin\u0103ul: \u015ei Rusia ar putea cere s\u0103 i se achite pentru c\u0103 a men\u0163inut pacea \u00een Transnistria"},"content":{"rendered":"<div class=\"author\"><span class=\"desc\">de <\/span><span class=\"a-name\"><a href=\"http:\/\/adevarul.ro\/profil\/5_5736d6985ab6550cb8ed02ef\" rel=\"author\">Iurii Botnarenco<\/a><\/span><\/div>\n<div><\/div>\n<div>Senatorii ru\u015fi sunt revolta\u0163i de afirma\u0163iile pre\u015fedintelui Parlamentului, Andrian Candu, care a declarat c\u0103 Chi\u015fin\u0103ul va angaja o companie interna\u0163ional\u0103 de avocatur\u0103 pentru a estima prejudiciul adus Moldovei de \u201eocupa\u0163ia rus\u0103\u201d \u00een Transnistria. \u00cen replic\u0103, ace\u015ftia sus\u0163in c\u0103 \u015fi Moscova ar putea \u00eenainta o not\u0103 de plat\u0103 c\u0103tre Chi\u015fin\u0103u, pentru faptul c\u0103 Rusia a men\u0163inut \u00een to\u0163i ace\u015fti ani pacea \u00een regiunea transnistrean\u0103.<\/div>\n<div>\n<p>Senatorul rus Fran\u0163 Klin\u0163evici (membrul camerei superioare a Legislativului Rusiei) a avertizat Chi\u015fin\u0103ul cu referire la preten\u0163iile men\u0163ionate de c\u0103tre speakerul Andrian Candu.<\/p>\n<p>\u201eCred c\u0103 \u015fi Rusia e \u00een drept s\u0103 \u00eenainteze Republicii Moldova o not\u0103 de plat\u0103. Pacificatorii ru\u015fi \u00eendeplinesc \u00een regiune o func\u0163ie esen\u0163ial\u0103, evit\u00e2nd producerea unui conflict militar, care ar fi inevitabil \u00een cazul \u00een care ace\u015ftia nu s-ar afla acolo. Acest fapt este legat de cheltuieli financiare deloc mici\u201d, a declarat Fran\u0163 Klin\u0163evici pentru agen\u0163ia de pres\u0103 rus\u0103 <a href=\"https:\/\/regnum.ru\/news\/2370146.html\" target=\"_blank\" rel=\"noopener\">Regnum<\/a>.<\/p>\n<p>Senatorul rus a precizat c\u0103, din p\u0103cate, Moldova nu are cu ce pl\u0103ti, deoarece \u0163ara ar fi \u00een faliment.<\/p>\n<p>Potrivit <a href=\"https:\/\/regnum.ru\/news\/economy\/2370139.html\" target=\"_blank\" rel=\"noopener\">sursei<\/a> citate, un alt senator rus, Alexei Pushkov, a scris pe pagina sa de Twitter c\u0103, dac\u0103 se va ajunge la ideea ca Moldova s\u0103 solicite Rusiei bani \u00een contextul dat, atunci Chi\u015fin\u0103ul risc\u0103 s\u0103 piard\u0103 pia\u0163a de desfacere rus\u0103.<\/p>\n<p>\u201eMoldova vrea s\u0103 ob\u0163in\u0103 miliarde de dolari de la Rusia pentru o \u201eocupa\u0163ie mitic\u0103\u201d a Transnistriei? Este o logic\u0103 tipic\u0103 a unor parazi\u0163i, care n\u0103scocesc un pretext \u015fi strig\u0103 \u201eda\u0163i-ne bani\u201d. Nici s\u0103 nu s\u0103 se g\u00e2ndeasc\u0103 la asta. \u00cen a\u015fa caz, ei pot fi l\u0103sa\u0163i \u00een general f\u0103r\u0103 pia\u0163a rus\u0103 \u015fi s\u0103 r\u0103m\u00e2n\u0103 cu nimic\u201d, a subliniat Pushkov.<\/p>\n<p>Pre\u015fedintele Parlamentului de la Chi\u015fin\u0103u, Andrian Candu, a declarat vineri, 19 ianuarie, <a href=\"http:\/\/adevarul.ro\/moldova\/politica\/andrian-candu-rusia-incalcat-dreptul-international-vom-angaja-firma-avocatura-calculeze-pierderile-provocate-rusia-transnistria-1_5a6201f4df52022f75ac720c\/index.html\" target=\"_blank\" rel=\"noopener\">\u00een cadrul unui interviu pentru presa <\/a>din Letonia, c\u0103 Federa\u0163ia Rus\u0103 a \u00eenc\u0103lcat dreptul interna\u0163ional atunci c\u00e2nd a decis s\u0103-\u015fi men\u0163in\u0103 trupele militare \u00een Transnistria. \u00cen acest context, speakerul a anun\u0163at c\u0103 Moldova va angaja o firm\u0103 de avocatur\u0103 din afara \u0163\u0103rii, care va trebui s\u0103 estimeze pagubele provocate de prezen\u0163a militar\u0103 rus\u0103 \u00een st\u00e2nga Nistrului.<\/p>\n<p>Sursa:<\/p>\n<p><a href=\"http:\/\/adevarul.ro\/moldova\/politica\/senatorii-rusi-avertizeaza-chisinaul-Si-rusia-putea-cere-i-achite-mentinut-pacea-transnistria-1_5a65c14edf52022f75c160e5\/index.html\">http:\/\/adevarul.ro\/moldova\/politica\/senatorii-rusi-avertizeaza-chisinaul-Si-rusia-putea-cere-i-achite-mentinut-pacea-transnistria-1_5a65c14edf52022f75c160e5\/index.html<\/a><\/p>\n<\/div>\n","protected":false},"excerpt":{"rendered":"<p>de Iurii Botnarenco Senatorii ru\u015fi sunt revolta\u0163i de afirma\u0163iile pre\u015fedintelui Parlamentului, Andrian Candu, care a declarat c\u0103 Chi\u015fin\u0103ul va angaja o companie interna\u0163ional\u0103 de avocatur\u0103 pentru a estima prejudiciul adus Moldovei de \u201eocupa\u0163ia rus\u0103\u201d \u00een Transnistria. \u00cen replic\u0103, ace\u015ftia sus\u0163in c\u0103 \u015fi Moscova ar putea \u00eenainta o not\u0103 de plat\u0103 c\u0103tre Chi\u015fin\u0103u, pentru faptul c\u0103&#8230;<\/p>\n","protected":false},"author":2,"featured_media":0,"comment_status":"closed","ping_status":"open","sticky":false,"template":"","format":"standard","meta":[],"categories":[1],"tags":[],"_links":{"self":[{"href":"https:\/\/centers.ulbsibiu.ro\/ccsprise\/lact\/wp-json\/wp\/v2\/posts\/4108"}],"collection":[{"href":"https:\/\/centers.ulbsibiu.ro\/ccsprise\/lact\/wp-json\/wp\/v2\/posts"}],"about":[{"href":"https:\/\/centers.ulbsibiu.ro\/ccsprise\/lact\/wp-json\/wp\/v2\/types\/post"}],"author":[{"embeddable":true,"href":"https:\/\/centers.ulbsibiu.ro\/ccsprise\/lact\/wp-json\/wp\/v2\/users\/2"}],"replies":[{"embeddable":true,"href":"https:\/\/centers.ulbsibiu.ro\/ccsprise\/lact\/wp-json\/wp\/v2\/comments?post=4108"}],"version-history":[{"count":1,"href":"https:\/\/centers.ulbsibiu.ro\/ccsprise\/lact\/wp-json\/wp\/v2\/posts\/4108\/revisions"}],"predecessor-version":[{"id":4109,"href":"https:\/\/centers.ulbsibiu.ro\/ccsprise\/lact\/wp-json\/wp\/v2\/posts\/4108\/revisions\/4109"}],"wp:attachment":[{"href":"https:\/\/centers.ulbsibiu.ro\/ccsprise\/lact\/wp-json\/wp\/v2\/media?parent=4108"}],"wp:term":[{"taxonomy":"category","embeddable":true,"href":"https:\/\/centers.ulbsibiu.ro\/ccsprise\/lact\/wp-json\/wp\/v2\/categories?post=4108"},{"taxonomy":"post_tag","embeddable":true,"href":"https:\/\/centers.ulbsibiu.ro\/ccsprise\/lact\/wp-json\/wp\/v2\/tags?post=4108"}],"curies":[{"name":"wp","href":"https:\/\/api.w.org\/{rel}","templated":true}]}}