{"id":4097,"date":"2018-01-20T18:21:37","date_gmt":"2018-01-20T16:21:37","guid":{"rendered":"https:\/\/centers.ulbsibiu.ro\/ccsprise\/lact\/?p=4097"},"modified":"2018-01-20T18:21:37","modified_gmt":"2018-01-20T16:21:37","slug":"infotag-md-ambasadorul-rus-l-a-laudat-pe-liderul-de-la-tiraspol-pentru-primul-an-de-presedintie","status":"publish","type":"post","link":"https:\/\/centers.ulbsibiu.ro\/ccsprise\/lact\/infotag-md-ambasadorul-rus-l-a-laudat-pe-liderul-de-la-tiraspol-pentru-primul-an-de-presedintie\/","title":{"rendered":"Infotag.md &#8211; AMBASADORUL RUS L-A L\u0102UDAT PE LIDERUL DE LA TIRASPOL PENTRU PRIMUL AN DE PRE\u015eEDIN\u0162IE"},"content":{"rendered":"<p>Primul an al pre\u015fedin\u0163iei lui Vadim Krasnoselski a fost unul fructuos, marcat pentru Transnistria prin schimb\u0103ri serioase at\u00e2t \u00een domeniul politicii economice, c\u00e2t \u0219i al politicii externe. Aceast\u0103 opinie a fost exprimat\u0103 de Ambasadorul Rusiei \u00een Moldova, Farit Muhamet\u015fin, \u00een cadrul unei \u00eentrevederi la Tiraspol cu pre\u0219edintele autoproclamatei RMN.<\/p>\n<p>Potrivit agen\u0163iei INFOTAG cu referire la site-ul liderului de la Tiraspol, diplomatul rus s-a referit la \u201ecre\u0219terea semnificativ\u0103 a industriei \u0219i agriculturii republicii, precum \u0219i a activit\u0103\u021bii comer\u021bului exterior\u201d. El a men\u0163ionat \u015fi importan\u0163a faptului c\u0103, \u201emen\u021bin\u00e2nd \u00een acela\u0219i timp contactele economice cu \u021b\u0103rile Uniunii Europene, Transnistria stabile\u015fte intens rela\u021bii comerciale cu Rusia: \u00eentr-un an exporturile c\u0103tre Rusia au crescut cu 44%\u201d.<\/p>\n<p>Farit Muhamet\u015fin a remarcat \u201einteresul tot mai mare al \u0163\u0103rilor europene fa\u0163\u0103 de republic\u0103\u201d \u015fi consider\u0103 c\u0103 acest lucru \u201eeste un merit al conducerii transnistrene, ale c\u0103rei ini\u0163iative au urnit din loc procesul de negocieri\u201d.<\/p>\n<p>La r\u00e2ndul s\u0103u, liderul transnistrean a apreciat \u00eenalt rolul Rusiei ca garant, mediator \u0219i pacificator. \u00cen acela\u0219i timp, el a spus c\u0103 \u201ediscu\u0163iile despre ajutorul material exclusiv pe care \u00eel ofer\u0103 Rusia Transnistriei sunt o minciun\u0103\u201d<\/p>\n<p>\u201e\u00cen primul r\u00e2nd, a\u0219 eviden\u0163ia sprijinul politic \u0219i diplomatic. \u00cen al doilea r\u00e2nd, sprijinul militar-strategic (este vorba de pacificatori \u0219i GOTR, care sunt garan\u021bi ai p\u0103cii pe teritoriul transnistrean). Important\u0103 este \u015fi asisten\u021ba cultural\u0103 \u0219i umanitar\u0103, \u00een special, pe linia educa\u021bional\u0103. \u015ei abia apoi putem vorbi de asisten\u021b\u0103 financiar\u0103, care, lucru deosebit de important, nu este doar un flux financiar, ci vine sub form\u0103 de \u00eemprumuturi pentru \u00eentreprinderile transnistrene. Este o practic\u0103 obi\u0219nuit\u0103 atunci c\u00e2nd statul \u0219i economia sa se dezvolt\u0103, atr\u0103g\u00e2nd resursele creditare. Moldova \u0219i Ucraina atrag resurse occidentale de creditare. Noi atragem ajutorul rusesc, deoarece ne orient\u0103m spre Rusia. Vrem s\u0103 avem autonomie, dar pentru aceasta este necesar s\u0103 ridic\u0103m economia la un anumit nivel\u201d, a spus el.<\/p>\n<p>Interlocutorii au subliniat principalele direc\u021bii de cooperare ulterioar\u0103, au definit planurile \u0219i sarcinile pentru viitorul apropiat. Printre problemele cele mai actuale se num\u0103r\u0103 \u201edob\u00e2ndirea cet\u0103\u021beniei ruse de c\u0103tre transnistreni\u201d, de\u0219i ast\u0103zi fiecare al doilea locuitor al regiunii are aceast\u0103 cet\u0103\u0163enie.<\/p>\n<p>Sursa:<\/p>\n<p><a href=\"http:\/\/www.infotag.md\/rebelion-ro\/258277\/\">http:\/\/www.infotag.md\/rebelion-ro\/258277\/<\/a><\/p>\n","protected":false},"excerpt":{"rendered":"<p>Primul an al pre\u015fedin\u0163iei lui Vadim Krasnoselski a fost unul fructuos, marcat pentru Transnistria prin schimb\u0103ri serioase at\u00e2t \u00een domeniul politicii economice, c\u00e2t \u0219i al politicii externe. Aceast\u0103 opinie a fost exprimat\u0103 de Ambasadorul Rusiei \u00een Moldova, Farit Muhamet\u015fin, \u00een cadrul unei \u00eentrevederi la Tiraspol cu pre\u0219edintele autoproclamatei RMN. Potrivit agen\u0163iei INFOTAG cu referire la&#8230;<\/p>\n","protected":false},"author":2,"featured_media":0,"comment_status":"closed","ping_status":"open","sticky":false,"template":"","format":"standard","meta":[],"categories":[1],"tags":[],"_links":{"self":[{"href":"https:\/\/centers.ulbsibiu.ro\/ccsprise\/lact\/wp-json\/wp\/v2\/posts\/4097"}],"collection":[{"href":"https:\/\/centers.ulbsibiu.ro\/ccsprise\/lact\/wp-json\/wp\/v2\/posts"}],"about":[{"href":"https:\/\/centers.ulbsibiu.ro\/ccsprise\/lact\/wp-json\/wp\/v2\/types\/post"}],"author":[{"embeddable":true,"href":"https:\/\/centers.ulbsibiu.ro\/ccsprise\/lact\/wp-json\/wp\/v2\/users\/2"}],"replies":[{"embeddable":true,"href":"https:\/\/centers.ulbsibiu.ro\/ccsprise\/lact\/wp-json\/wp\/v2\/comments?post=4097"}],"version-history":[{"count":1,"href":"https:\/\/centers.ulbsibiu.ro\/ccsprise\/lact\/wp-json\/wp\/v2\/posts\/4097\/revisions"}],"predecessor-version":[{"id":4098,"href":"https:\/\/centers.ulbsibiu.ro\/ccsprise\/lact\/wp-json\/wp\/v2\/posts\/4097\/revisions\/4098"}],"wp:attachment":[{"href":"https:\/\/centers.ulbsibiu.ro\/ccsprise\/lact\/wp-json\/wp\/v2\/media?parent=4097"}],"wp:term":[{"taxonomy":"category","embeddable":true,"href":"https:\/\/centers.ulbsibiu.ro\/ccsprise\/lact\/wp-json\/wp\/v2\/categories?post=4097"},{"taxonomy":"post_tag","embeddable":true,"href":"https:\/\/centers.ulbsibiu.ro\/ccsprise\/lact\/wp-json\/wp\/v2\/tags?post=4097"}],"curies":[{"name":"wp","href":"https:\/\/api.w.org\/{rel}","templated":true}]}}