{"id":4095,"date":"2018-01-19T18:19:04","date_gmt":"2018-01-19T16:19:04","guid":{"rendered":"https:\/\/centers.ulbsibiu.ro\/ccsprise\/lact\/?p=4095"},"modified":"2018-01-19T18:19:04","modified_gmt":"2018-01-19T16:19:04","slug":"gov-md-intrevederea-viceprim-ministrului-cristina-lesnic-cu-seful-misiunii-osce-in-republica-moldova-michael-scanlan","status":"publish","type":"post","link":"https:\/\/centers.ulbsibiu.ro\/ccsprise\/lact\/gov-md-intrevederea-viceprim-ministrului-cristina-lesnic-cu-seful-misiunii-osce-in-republica-moldova-michael-scanlan\/","title":{"rendered":"Gov.md &#8211; \u00centrevederea Viceprim-ministrului Cristina Lesnic cu \u0219eful Misiunii OSCE \u00een Republica Moldova Michael Scanlan"},"content":{"rendered":"<p>Ast\u0103zi, 19 ianuarie curent, Viceprim-ministrul Cristina Lesnic a avut o \u00eentrevedere cu \u0219eful Misiunii OSCE \u00een Republica Moldova Michael Scanlan.<\/p>\n<p>E.S. Michael Scanlan a adresat sincere felicit\u0103ri dnei Cristina Lesnic cu ocazia numirii \u00een pozi\u021bia de Viceprim-ministru responsabil de realizarea politicilor pentru reintegrare punct\u00e2nd importan\u021ba men\u021binerii unei colabor\u0103ri temeinice, direc\u021bionate spre atingerea unor rezultate tangibile \u00een m\u0103sur\u0103 s\u0103 avanseze procesul de reglementare.<\/p>\n<p>Viceprim-ministrul Cristina Lesnic a reiterat importan\u021ba OSCE-ului ca mediator \u00een procesul de reglementare \u0219i a salutat desemnarea dlui Franco Frattini \u00een calitate de Reprezentant special pentru reglementarea conflictului transnistrean pe durata mandatului Pre\u0219edin\u021biei Italiei \u00een OSCE, men\u021bion\u00e2nd necesitatea concentr\u0103rii actorilor implica\u021bi pe un dialog constructiv, responsabil, de bun\u0103-credin\u021b\u0103 \u0219i axat pe identificarea unor solu\u021bii durabile.<\/p>\n<p>De asemenea, Vicepremierul Cristina Lesnic a precizat c\u0103 \u00een anul 2018 agenda de lucru urmeaz\u0103 s\u0103 fie focusat\u0103 pe faza de implementare a deciziilor protocolare semnate \u00een anul 2017 \u0219i a \u00een\u021belegerilor convenite \u00een cadrul formatului de negocieri \u201e5+2\u201d, intensificarea activit\u0103\u021bilor \u00een platformele de dialog existente, implementarea proiectelor de promovare a m\u0103surilor de consolidare a \u00eencrederii \u0219i pe fortificarea capacit\u0103\u021bilor Biroului politici de reintegrare al Cancelariei de Stat.<\/p>\n<p>Totodat\u0103, Vicepremierul a specificat importan\u021ba avans\u0103rii graduale \u00een procesul de negocieri, cu asumarea unor angajamente comune \u0219i identificarea unor\u00a0 solu\u021bii comprehensive la toate problemele actuale, fapt ce a fost agreat de c\u0103tre Ambasadorul Michael Scanlan, care a dat asigur\u0103ri c\u0103 va facilita procesul \u0219i va contribui \u00eentr-o manier\u0103 productiv\u0103 la apropierea Chi\u0219in\u0103ului \u0219i Tiraspolului.<\/p>\n<p>Sursa:<\/p>\n<p><a href=\"http:\/\/gov.md\/ro\/content\/intrevederea-viceprim-ministrului-cristina-lesnic-cu-seful-misiunii-osce-republica-moldova\">http:\/\/gov.md\/ro\/content\/intrevederea-viceprim-ministrului-cristina-lesnic-cu-seful-misiunii-osce-republica-moldova<\/a><\/p>\n","protected":false},"excerpt":{"rendered":"<p>Ast\u0103zi, 19 ianuarie curent, Viceprim-ministrul Cristina Lesnic a avut o \u00eentrevedere cu \u0219eful Misiunii OSCE \u00een Republica Moldova Michael Scanlan. E.S. Michael Scanlan a adresat sincere felicit\u0103ri dnei Cristina Lesnic cu ocazia numirii \u00een pozi\u021bia de Viceprim-ministru responsabil de realizarea politicilor pentru reintegrare punct\u00e2nd importan\u021ba men\u021binerii unei colabor\u0103ri temeinice, direc\u021bionate spre atingerea unor rezultate tangibile&#8230;<\/p>\n","protected":false},"author":2,"featured_media":0,"comment_status":"closed","ping_status":"open","sticky":false,"template":"","format":"standard","meta":[],"categories":[1],"tags":[],"_links":{"self":[{"href":"https:\/\/centers.ulbsibiu.ro\/ccsprise\/lact\/wp-json\/wp\/v2\/posts\/4095"}],"collection":[{"href":"https:\/\/centers.ulbsibiu.ro\/ccsprise\/lact\/wp-json\/wp\/v2\/posts"}],"about":[{"href":"https:\/\/centers.ulbsibiu.ro\/ccsprise\/lact\/wp-json\/wp\/v2\/types\/post"}],"author":[{"embeddable":true,"href":"https:\/\/centers.ulbsibiu.ro\/ccsprise\/lact\/wp-json\/wp\/v2\/users\/2"}],"replies":[{"embeddable":true,"href":"https:\/\/centers.ulbsibiu.ro\/ccsprise\/lact\/wp-json\/wp\/v2\/comments?post=4095"}],"version-history":[{"count":1,"href":"https:\/\/centers.ulbsibiu.ro\/ccsprise\/lact\/wp-json\/wp\/v2\/posts\/4095\/revisions"}],"predecessor-version":[{"id":4096,"href":"https:\/\/centers.ulbsibiu.ro\/ccsprise\/lact\/wp-json\/wp\/v2\/posts\/4095\/revisions\/4096"}],"wp:attachment":[{"href":"https:\/\/centers.ulbsibiu.ro\/ccsprise\/lact\/wp-json\/wp\/v2\/media?parent=4095"}],"wp:term":[{"taxonomy":"category","embeddable":true,"href":"https:\/\/centers.ulbsibiu.ro\/ccsprise\/lact\/wp-json\/wp\/v2\/categories?post=4095"},{"taxonomy":"post_tag","embeddable":true,"href":"https:\/\/centers.ulbsibiu.ro\/ccsprise\/lact\/wp-json\/wp\/v2\/tags?post=4095"}],"curies":[{"name":"wp","href":"https:\/\/api.w.org\/{rel}","templated":true}]}}