{"id":4092,"date":"2018-01-19T18:15:47","date_gmt":"2018-01-19T16:15:47","guid":{"rendered":"https:\/\/centers.ulbsibiu.ro\/ccsprise\/lact\/?p=4092"},"modified":"2018-01-19T18:17:04","modified_gmt":"2018-01-19T16:17:04","slug":"mfa-gov-md-mae-ie-saluta-apelul-secretarului-general-al-onu-antonio-gutteres-privind-reinnoirea-eforturilor-in-reglementarea-conflictelor-inghetate","status":"publish","type":"post","link":"https:\/\/centers.ulbsibiu.ro\/ccsprise\/lact\/mfa-gov-md-mae-ie-saluta-apelul-secretarului-general-al-onu-antonio-gutteres-privind-reinnoirea-eforturilor-in-reglementarea-conflictelor-inghetate\/","title":{"rendered":"Mfa.gov.md &#8211; MAE IE salut\u0103 apelul Secretarului General al ONU Antonio Gutteres privind re\u00eennoirea eforturilor \u00een reglementarea conflictelor \u00eenghe\u021bate"},"content":{"rendered":"<p>Republica Moldova \u00eemp\u0103rt\u0103\u0219e\u0219te \u00een totalitate preocuparea \u0219i apelul Secretarului General al ONU adresat statelor membre ale Organiza\u021biei Na\u021biunilor Unite, la data de 16 ianuarie 2018, de a re\u00eennoi eforturile legate de prevenirea \u0219i solu\u021bionarea conflictelor care submineaz\u0103 pacea \u0219i securitatea interna\u021bional\u0103.<\/p>\n<p>Ministerul Afacerilor Externe \u0219i Integr\u0103rii Europene salut\u0103, \u00een particular, apelul adresat liderilor europeni de Secretarul General, Antonio Gutteres, de a ac\u021biona mai ferm \u00een scopul reglement\u0103rii \u201cconflictelor \u00eenghe\u021bate\u201d, prin revitalizarea mecanismelor de negociere existente, inclusiv formatul 5+2.<\/p>\n<p>Ministerul Afacerilor Externe \u0219i Integr\u0103rii Europene reitereaz\u0103 importan\u021ba reglement\u0103rii acestor conflicte, inclusiv conflictul transnistrean, \u00een conformitate cu Carta ONU \u0219i normele fundamentale ale dreptului interna\u021bional, cu respectarea deplin\u0103 a principiilor suveranit\u0103\u021bii \u0219i integrit\u0103\u021bii teritoriale.<\/p>\n<p>Sursa:<\/p>\n<p><a href=\"http:\/\/www.mfa.gov.md\/comunicate-presa-md\/510447\/\">http:\/\/www.mfa.gov.md\/comunicate-presa-md\/510447\/<\/a><\/p>\n<p>&nbsp;<\/p>\n","protected":false},"excerpt":{"rendered":"<p>Republica Moldova \u00eemp\u0103rt\u0103\u0219e\u0219te \u00een totalitate preocuparea \u0219i apelul Secretarului General al ONU adresat statelor membre ale Organiza\u021biei Na\u021biunilor Unite, la data de 16 ianuarie 2018, de a re\u00eennoi eforturile legate de prevenirea \u0219i solu\u021bionarea conflictelor care submineaz\u0103 pacea \u0219i securitatea interna\u021bional\u0103. Ministerul Afacerilor Externe \u0219i Integr\u0103rii Europene salut\u0103, \u00een particular, apelul adresat liderilor europeni de&#8230;<\/p>\n","protected":false},"author":2,"featured_media":0,"comment_status":"closed","ping_status":"open","sticky":false,"template":"","format":"standard","meta":[],"categories":[1],"tags":[],"_links":{"self":[{"href":"https:\/\/centers.ulbsibiu.ro\/ccsprise\/lact\/wp-json\/wp\/v2\/posts\/4092"}],"collection":[{"href":"https:\/\/centers.ulbsibiu.ro\/ccsprise\/lact\/wp-json\/wp\/v2\/posts"}],"about":[{"href":"https:\/\/centers.ulbsibiu.ro\/ccsprise\/lact\/wp-json\/wp\/v2\/types\/post"}],"author":[{"embeddable":true,"href":"https:\/\/centers.ulbsibiu.ro\/ccsprise\/lact\/wp-json\/wp\/v2\/users\/2"}],"replies":[{"embeddable":true,"href":"https:\/\/centers.ulbsibiu.ro\/ccsprise\/lact\/wp-json\/wp\/v2\/comments?post=4092"}],"version-history":[{"count":2,"href":"https:\/\/centers.ulbsibiu.ro\/ccsprise\/lact\/wp-json\/wp\/v2\/posts\/4092\/revisions"}],"predecessor-version":[{"id":4094,"href":"https:\/\/centers.ulbsibiu.ro\/ccsprise\/lact\/wp-json\/wp\/v2\/posts\/4092\/revisions\/4094"}],"wp:attachment":[{"href":"https:\/\/centers.ulbsibiu.ro\/ccsprise\/lact\/wp-json\/wp\/v2\/media?parent=4092"}],"wp:term":[{"taxonomy":"category","embeddable":true,"href":"https:\/\/centers.ulbsibiu.ro\/ccsprise\/lact\/wp-json\/wp\/v2\/categories?post=4092"},{"taxonomy":"post_tag","embeddable":true,"href":"https:\/\/centers.ulbsibiu.ro\/ccsprise\/lact\/wp-json\/wp\/v2\/tags?post=4092"}],"curies":[{"name":"wp","href":"https:\/\/api.w.org\/{rel}","templated":true}]}}