{"id":4089,"date":"2018-01-19T18:12:34","date_gmt":"2018-01-19T16:12:34","guid":{"rendered":"https:\/\/centers.ulbsibiu.ro\/ccsprise\/lact\/?p=4089"},"modified":"2018-01-19T18:14:15","modified_gmt":"2018-01-19T16:14:15","slug":"allmoldova-com-candu-intentionam-sa-angajam-o-companie-care-sa-estimeze-pagubele-ocupatiei-ruse-in-transnistria","status":"publish","type":"post","link":"https:\/\/centers.ulbsibiu.ro\/ccsprise\/lact\/allmoldova-com-candu-intentionam-sa-angajam-o-companie-care-sa-estimeze-pagubele-ocupatiei-ruse-in-transnistria\/","title":{"rendered":"Allmoldova.com &#8211; Candu: Inten\u021bion\u0103m s\u0103 angaj\u0103m o companie care s\u0103 estimeze pagubele ocupa\u021biei ruse \u00een Transnistria"},"content":{"rendered":"<p>Federa\u021bia Rus\u0103 a \u00eenc\u0103lcat dreptul interna\u021bional prin prezen\u021ba militar\u0103 \u00een Transnistria. Ca urmare, inten\u021bion\u0103m s\u0103 angaj\u0103m o companie juridic\u0103 interna\u021bional\u0103 care s\u0103 estimeze valoarea pagubelor de pe urma prezen\u021bei Rusie \u00een raioanele din st\u00e2nga Nistrului pe parcursul a 25 de ani, a declarat pre\u0219edintele parlamentului Republicii Moldova, Andrian Candu, \u00eentr-un interviu acordat publica\u021biei din Lituania \u201eLatvijas Avize\u201d.<\/p>\n<div class=\"content-container\">\n<p>Candu a subliniat c\u0103, la nivel interna\u021bional, inclusiv la ONU,, autorit\u0103\u021bile moldovene\u0219ti aduc \u00een discu\u021bie ilegalitatea sta\u021bion\u0103rii celor circa 2000 de militari ru\u0219i pe teritoriul raionelor din estul \u021b\u0103rii, trupe care constituie o \u201efor\u021b\u0103 de ocupa\u021bie\u201d.<\/p>\n<p>\u201eRusia a \u00eenc\u0103lcat dreptul interna\u021bional. Noi inten\u021bion\u0103m s\u0103 angaj\u0103m o companie juridic\u0103 interna\u021bional\u0103 care s\u0103 estimeze costurile aduse de prezen\u021ba Rusiei \u00een Transnistria. Suma va fi de ordinul miliardelor de dolari. Contingentul militar rus reprezint\u0103 o amenin\u021bare la adresa securit\u0103\u021bii Republicii Moldova, deoarece este o prezen\u021b\u0103 militar\u0103 ilegal\u0103, la fel ca cea din Abhazia, Osetia de Nord \u0219i \u00een Estul Ucrainei\u201d, a declarat Candu.<\/p>\n<p>De asemenea, Candu a vorbit cu jurnali\u0219tii de la Vilnius despre implicarea tot mai evident\u0103 a Rusiei \u00een treburile interne ale R.Moldova, \u00een special prin presa propagandist\u0103, furnizoare de fake news-uri, scrie <a href=\"https:\/\/deschide.md\/ro\/stiri\/politic\/24938\/Candu-Inten%C8%9Bion%C4%83m-s%C4%83-angaj%C4%83m-o-companie-care-s%C4%83-estimeze-pagubele-ocupa%C8%9Biei-ruse-%C3%AEn-Transnistria.htm\" target=\"_blank\" rel=\"noopener\">deschide<\/a>.<\/p>\n<p>\u201eNoi deja putem observa semne ale implic\u0103rii (n.red \u2013 Federa\u021biei Ruse), de exemplu prin mass-media. Practic, \u00een fiecare zi, canalele ruse arat\u0103 scene \u00eendreptate \u00eempotriva guvern\u0103rii noastre, precum\u00a0 \u0219i \u00eempotriva SUA \u0219i a Occidentului\u201d, a spus Candu.<\/p>\n<p>Candu s-a referit la un caz recent, deschiderea Oficiului de leg\u0103tur\u0103 NATO, care va \u00eembun\u0103t\u0103\u0163i dialogul dintre R. Moldova \u015fi Alian\u0163a Nord-Atlantic\u0103. Potrivit pre\u015fedintelui Parlamentului, posturile TV din Rusia au dezinformat publicul, l\u0103s\u00e2nd s\u0103 se \u00een\u021beleag\u0103 c\u0103 R. Moldova va fi membr\u0103 NATO.<\/p>\n<p>De asemenea, \u0219eful legislativului a mai men\u0163ionat c\u0103, \u00een ultima perioad\u0103, \u00een \u0163ara noastr\u0103 \u015fi-au intensificat activitatea organiza\u0163iilor nonguvernamentale din Rusia \u015fi a serviciilor de informa\u0163ii.<\/p>\n<p>Despre orientare Republicii Moldova spre apropierea de Uniunea Euroasiatic\u0103 la care ne \u00eendeamn\u0103 Dodon, pre\u0219edintele Parlamentului a declarat c\u0103 aceasta \u201enu are putere juridic\u0103 \u0219i este lipsit\u0103 de con\u021binut\u201d.<\/p>\n<\/div>\n<p>Sursa:<\/p>\n<p><a href=\"http:\/\/www.allmoldova.com\/ro\/news\/candu-intentionam-sa-angajam-o-companie-care-sa-estimeze-pagubele-ocupatiei-ruse-in-transnistria\">http:\/\/www.allmoldova.com\/ro\/news\/candu-intentionam-sa-angajam-o-companie-care-sa-estimeze-pagubele-ocupatiei-ruse-in-transnistria<\/a><\/p>\n","protected":false},"excerpt":{"rendered":"<p>Federa\u021bia Rus\u0103 a \u00eenc\u0103lcat dreptul interna\u021bional prin prezen\u021ba militar\u0103 \u00een Transnistria. Ca urmare, inten\u021bion\u0103m s\u0103 angaj\u0103m o companie juridic\u0103 interna\u021bional\u0103 care s\u0103 estimeze valoarea pagubelor de pe urma prezen\u021bei Rusie \u00een raioanele din st\u00e2nga Nistrului pe parcursul a 25 de ani, a declarat pre\u0219edintele parlamentului Republicii Moldova, Andrian Candu, \u00eentr-un interviu acordat publica\u021biei din Lituania&#8230;<\/p>\n","protected":false},"author":2,"featured_media":0,"comment_status":"closed","ping_status":"open","sticky":false,"template":"","format":"standard","meta":[],"categories":[1],"tags":[],"_links":{"self":[{"href":"https:\/\/centers.ulbsibiu.ro\/ccsprise\/lact\/wp-json\/wp\/v2\/posts\/4089"}],"collection":[{"href":"https:\/\/centers.ulbsibiu.ro\/ccsprise\/lact\/wp-json\/wp\/v2\/posts"}],"about":[{"href":"https:\/\/centers.ulbsibiu.ro\/ccsprise\/lact\/wp-json\/wp\/v2\/types\/post"}],"author":[{"embeddable":true,"href":"https:\/\/centers.ulbsibiu.ro\/ccsprise\/lact\/wp-json\/wp\/v2\/users\/2"}],"replies":[{"embeddable":true,"href":"https:\/\/centers.ulbsibiu.ro\/ccsprise\/lact\/wp-json\/wp\/v2\/comments?post=4089"}],"version-history":[{"count":2,"href":"https:\/\/centers.ulbsibiu.ro\/ccsprise\/lact\/wp-json\/wp\/v2\/posts\/4089\/revisions"}],"predecessor-version":[{"id":4091,"href":"https:\/\/centers.ulbsibiu.ro\/ccsprise\/lact\/wp-json\/wp\/v2\/posts\/4089\/revisions\/4091"}],"wp:attachment":[{"href":"https:\/\/centers.ulbsibiu.ro\/ccsprise\/lact\/wp-json\/wp\/v2\/media?parent=4089"}],"wp:term":[{"taxonomy":"category","embeddable":true,"href":"https:\/\/centers.ulbsibiu.ro\/ccsprise\/lact\/wp-json\/wp\/v2\/categories?post=4089"},{"taxonomy":"post_tag","embeddable":true,"href":"https:\/\/centers.ulbsibiu.ro\/ccsprise\/lact\/wp-json\/wp\/v2\/tags?post=4089"}],"curies":[{"name":"wp","href":"https:\/\/api.w.org\/{rel}","templated":true}]}}