{"id":4087,"date":"2018-01-19T18:10:54","date_gmt":"2018-01-19T16:10:54","guid":{"rendered":"https:\/\/centers.ulbsibiu.ro\/ccsprise\/lact\/?p=4087"},"modified":"2018-01-19T18:10:54","modified_gmt":"2018-01-19T16:10:54","slug":"gov-md-un-pas-pozitiv-in-activitatea-comisiei-unificate-de-control","status":"publish","type":"post","link":"https:\/\/centers.ulbsibiu.ro\/ccsprise\/lact\/gov-md-un-pas-pozitiv-in-activitatea-comisiei-unificate-de-control\/","title":{"rendered":"Gov.md &#8211; Un pas pozitiv \u00een activitatea Comisiei Unificate de Control"},"content":{"rendered":"<p>Pe data de 18 ianuarie a.c., \u00een or. Bender a avut loc \u015fedin\u0163a Comisiei Unificate de Control, \u00een cadrul c\u0103reia au continuat discu\u0163iile \u00eencepute la 21 decembrie 2017. \u015eedin\u021ba a fost prezidat\u0103 de delega\u0163ia Federa\u021biei Ruse.<\/p>\n<p>La \u015fedin\u0163\u0103 Comandamentul Militar \u00centrunit a prezentat Comisiei raportul despre situa\u0163ia \u00een Zona de Securitate \u00een perioada s\u0103rb\u0103torilor de iarn\u0103. Au fost dezb\u0103tute de asemenea problemele privind instalarea ilegal\u0103 a posturilor a.n. structuri de for\u0163\u0103 ale Tiraspolului \u015fi extinderea infrastructurii lor \u00een Zona de Securitate. \u00cen rezultatul unor discu\u0163ii dificile, Comisia Unificat\u0103 de Control a reu\u015fit s\u0103 aprobe 2 rapoarte s\u0103pt\u0103m\u00e2nale ale Comandamentului Militar \u00centrunit, inclusiv pentru perioada 13 \u2013 19 decembrie 2017, care, de altfel, a fost audiat \u0219i la \u0219edin\u021ba din 21 decembrie anul trecut.<\/p>\n<p>Gra\u0163ie eforturilor sus\u0163inute ale delega\u0163iei Republicii Moldova \u015fi argumentelor invocate, reprezentan\u0163ii delega\u0163iilor transnistrene \u015fi ruse \u00een CUC au acceptat propunerile consensuale ale p\u0103r\u021bii moldovene\u0219ti privind necesitatea dep\u0103\u0219irii blocajului \u00een activitatea Comisiei \u015fi au acceptat s\u0103 aprobe rapoartele despre situa\u0163ia din Zona de Securitate, prezentate anterior \u00een \u015fedin\u0163ele CUC.<\/p>\n<p>Urm\u0103toarea \u0219edin\u021b\u0103 a CUC va \u00a0avea loc la 25 ianuarie 2018.<\/p>\n<p>&nbsp;<\/p>\n<p><strong>Delega\u021bia Republicii Moldova \u00een CUC\u00a0<\/strong><\/p>\n<p>&nbsp;<\/p>\n<p>Sursa:<\/p>\n<p><a href=\"http:\/\/gov.md\/ro\/content\/un-pas-pozitiv-activitatea-comisiei-unificate-de-control\">http:\/\/gov.md\/ro\/content\/un-pas-pozitiv-activitatea-comisiei-unificate-de-control<\/a><\/p>\n","protected":false},"excerpt":{"rendered":"<p>Pe data de 18 ianuarie a.c., \u00een or. Bender a avut loc \u015fedin\u0163a Comisiei Unificate de Control, \u00een cadrul c\u0103reia au continuat discu\u0163iile \u00eencepute la 21 decembrie 2017. \u015eedin\u021ba a fost prezidat\u0103 de delega\u0163ia Federa\u021biei Ruse. La \u015fedin\u0163\u0103 Comandamentul Militar \u00centrunit a prezentat Comisiei raportul despre situa\u0163ia \u00een Zona de Securitate \u00een perioada s\u0103rb\u0103torilor de&#8230;<\/p>\n","protected":false},"author":2,"featured_media":0,"comment_status":"closed","ping_status":"open","sticky":false,"template":"","format":"standard","meta":[],"categories":[1],"tags":[],"_links":{"self":[{"href":"https:\/\/centers.ulbsibiu.ro\/ccsprise\/lact\/wp-json\/wp\/v2\/posts\/4087"}],"collection":[{"href":"https:\/\/centers.ulbsibiu.ro\/ccsprise\/lact\/wp-json\/wp\/v2\/posts"}],"about":[{"href":"https:\/\/centers.ulbsibiu.ro\/ccsprise\/lact\/wp-json\/wp\/v2\/types\/post"}],"author":[{"embeddable":true,"href":"https:\/\/centers.ulbsibiu.ro\/ccsprise\/lact\/wp-json\/wp\/v2\/users\/2"}],"replies":[{"embeddable":true,"href":"https:\/\/centers.ulbsibiu.ro\/ccsprise\/lact\/wp-json\/wp\/v2\/comments?post=4087"}],"version-history":[{"count":1,"href":"https:\/\/centers.ulbsibiu.ro\/ccsprise\/lact\/wp-json\/wp\/v2\/posts\/4087\/revisions"}],"predecessor-version":[{"id":4088,"href":"https:\/\/centers.ulbsibiu.ro\/ccsprise\/lact\/wp-json\/wp\/v2\/posts\/4087\/revisions\/4088"}],"wp:attachment":[{"href":"https:\/\/centers.ulbsibiu.ro\/ccsprise\/lact\/wp-json\/wp\/v2\/media?parent=4087"}],"wp:term":[{"taxonomy":"category","embeddable":true,"href":"https:\/\/centers.ulbsibiu.ro\/ccsprise\/lact\/wp-json\/wp\/v2\/categories?post=4087"},{"taxonomy":"post_tag","embeddable":true,"href":"https:\/\/centers.ulbsibiu.ro\/ccsprise\/lact\/wp-json\/wp\/v2\/tags?post=4087"}],"curies":[{"name":"wp","href":"https:\/\/api.w.org\/{rel}","templated":true}]}}