{"id":4085,"date":"2018-01-19T08:58:13","date_gmt":"2018-01-19T06:58:13","guid":{"rendered":"https:\/\/centers.ulbsibiu.ro\/ccsprise\/lact\/?p=4085"},"modified":"2020-06-12T15:50:51","modified_gmt":"2020-06-12T13:50:51","slug":"europalibera-org-ion-leahu-intrunirea-in-cadrul-comitetului-pentru-problemele-conflictului-al-ce-este-inspirata-din-acelasi-centru-de-la-moscova-piata-smolensk-unde-sta-dl-serghei-lavr","status":"publish","type":"post","link":"https:\/\/centers.ulbsibiu.ro\/ccsprise\/lact\/europalibera-org-ion-leahu-intrunirea-in-cadrul-comitetului-pentru-problemele-conflictului-al-ce-este-inspirata-din-acelasi-centru-de-la-moscova-piata-smolensk-unde-sta-dl-serghei-lavr\/","title":{"rendered":"Europalibera.org &#8211; Ion Leahu: \u201e\u00centrunirea \u00een cadrul Comitetului pentru problemele conflictului al CE, este inspirat\u0103 din acela\u0219i centru, de la Moscova, pia\u021ba Smolensk, unde st\u0103 dl Serghei Lavrov\u201d"},"content":{"rendered":"<p>Un interviu cu fostul membru al Comisiei Unificate de Control despre negocierile de solu\u021bionare a conflictului transnistrean.<\/p>\n<div>\n<div class=\"wsw\">\n<p><em>La Paris a avut loc ieri o masa rotunda pe tema negocierilor \u00een legatur\u0103 cu solu\u021bionarea conflictului transnistrean. Masa rotund\u0103 a fost organizat\u0103 de un subcomitet al Adun\u0103rii Parlamentare a Consiliului Europene \u0219i la ea au participat reprezentan\u021bi ai Moldovei si ai Tiraspolului. Inainte de aceste convorbiri, care s-au purtat f\u0103r\u0103 prezen\u021ba presei, liderul autorit\u0103\u021bilor nerecunoscute transnistrene Vadim Krasnoselski spunea c\u0103 delega\u021bia Tiraspolului va folosi prilejul pentru a discuta din nou despre independen\u021ba regiunii. Un punct de vedere al evolu\u021biilor \u00een negocierile de reglementare a chestiunii transnistrene \u00eentr-un interviu cu expertul Ion Leahu, fost membru al Comisiei Unificate de Control<\/em>.<\/p>\n<p><strong>Europa Liber\u0103: Vorbim despre dosarul transnistrean \u0219i enigmele, misterul care mai planeaz\u0103 asupra acestui dosar. Actorii implica\u021bi \u00een solu\u021bionarea problemei transnistrene spun c\u0103 nu pierd speran\u021ba c\u0103 aceast\u0103 reglementare transnistrean\u0103 odat\u0103 \u0219i odat\u0103 va avea \u0219i final. \u00cenceputul acesta de an ce nout\u0103\u021bi aduce?<\/strong><\/p>\n<p><strong>Ion Leahu:<\/strong> \u201eMie \u00eemi pare c\u0103 \u00een structurile europene a ap\u0103rut aceast\u0103 idee, \u00eenc\u0103 nu convingere, nici pe departe nu convingere, dar o viziune care nu este deloc favorabil\u0103 Chi\u0219in\u0103ului. Probabil c\u0103 \u0219i \u00een Consiliul Europei, \u0219i \u00een Uniunea European\u0103 se coace o idee c\u0103, cu aportul Rusiei, s-ar putea ajunge la o solu\u021bionare a acestui conflict, ca el s\u0103 fie scos de pe agenda institu\u021biilor europene.\u201d<\/p>\n<p><strong>Europa Liber\u0103: Iar solu\u021bionarea, \u00een primul r\u00e2nd, \u00eenseamn\u0103 un statut pentru aceast\u0103 regiune din st\u00e2nga Nistrului?<\/strong><\/p>\n<p><strong>Ion Leahu:<\/strong> \u201eProbabil, da. Eu g\u00e2ndesc c\u0103 este vorba de ceva g\u00e2ndit \u00eentre Moscova \u0219i capitalele europene de tipul proceselor de la Mezenberg, numai c\u0103 atunci doamna Merkel cu Medvedev totu\u0219i vedeau o variant\u0103 \u2013 reintegrarea Republicii Moldova\u2026\u201d<\/p>\n<p><strong>Europa Liber\u0103: \u00cen baza unei confedera\u021bii, a\u0219a s-a zvonit atunci c\u0103 ar fi solu\u021bia cea mai potrivit\u0103 care ar \u00eemp\u0103ca spiritele de pe ambele maluri?<\/strong><\/p>\n<p><strong>Ion Leahu:<\/strong> \u201e\u0218ti\u021bi, acum aceasta e\u2026 Fie \u0219i confedera\u021bie. Important e faptul c\u0103 \u0219i Medvedev, dar \u00een special doamna Merkel, ei vedeau solu\u021bionarea prin integrarea Republicii Moldova, prin crearea unui caz juridic, politic, economic etc. ca republica s\u0103 fie integr\u0103. La momentul de fa\u021b\u0103, analiz\u00e2nd toate evenimentele care se produc, mie mi se pare c\u0103 Europa a decis c\u0103 fie oricum o fi, important e s\u0103 primeasc\u0103 o garan\u021bie serioas\u0103 c\u0103 \u00een regiunea respectiv\u0103, \u00een punctul acesta de pe harta european\u0103, nu vor fi evenimente care ar putea s\u0103 provoace conflicte mai mari, conflicte regionale. \u0218i, drept dovad\u0103\u2026\u201d<\/p>\n<p><strong>Europa Liber\u0103: Deci, a\u021bi l\u0103sat s\u0103 se \u00een\u021beleag\u0103 c\u0103, indiferent de interesul na\u021bional pe care l-ar avea autorit\u0103\u021bile Republicii Moldova, problema trebuie cu orice pre\u021b solu\u021bionat\u0103?<\/strong><\/p>\n<p><strong>Ion Leahu:<\/strong> \u201eDa. \u0218i eu o s\u0103 \u00eencerc s\u0103 argumentez lucrul acesta. Dac\u0103 a\u021bi observat, totul s-a pornit de la ultimele luni ale anului 2017, c\u00e2nd Chi\u0219in\u0103ul pe nea\u0219teptate a acceptat mai multe ced\u0103ri. Mai mult ca at\u00e2t, la conferin\u021ba final\u0103 de la Viena s-a decis c\u0103 \u0219i \u00een 2018 s\u0103 fie continuat\u0103 solu\u021bionarea a\u0219a-numitelor probleme social-economice care vizeaz\u0103 interesele popula\u021biei simple. Adic\u0103 \u2013 pl\u0103cu\u021bele, circula\u021bia trenurilor prin sta\u021bia Slobodca; adic\u0103, solu\u021bionarea problemei cu libertatea circula\u021biei \u0219i, ceea ce e foarte important pentru Transnistria, identificarea unui mecanism de implementare a deciziilor abordare, care s\u0103 exclud\u0103 pentru Moldova posibilitatea de a se eschiva de la realizarea acestor decizii.<\/p>\n<p>Deci, vede\u021bi, \u00eens\u0103\u0219i logica acestor hot\u0103r\u00e2ri, acestor abord\u0103ri indic\u0103 faptul c\u0103 actorii implica\u021bi \u00een problema vizat\u0103 str\u00e2ng Moldova cu spatele la gard. O pun tot mai mult \u0219i mai mult \u00een situa\u021bia \u00een care de Moldova pu\u021bin ce depinde. \u0218i iat\u0103 dac\u0103 avem \u00een 2017 implicarea numai a actorilor tradi\u021bionali, ianuarie 2018 a \u00eenceput cu un pas absolut nea\u0219teptat \u2013 pentru prima dat\u0103, \u00een ultimii 15 ani, Consiliul Europei a manifestat \u0219i el interes fa\u021b\u0103 de problema respectiv\u0103. Mai mult ca at\u00e2t, a invitat la Paris reprezentan\u021bii p\u0103r\u021bilor implicate \u00een conflict, ceea ce \u00een genere nu a fost niciodat\u0103 pentru Consiliul Europei. Transnistria, \u00een calitate de parte egal\u0103 cu Chi\u0219in\u0103ul, a participat la aceast\u0103 \u00eentrunire.\u201d<\/p>\n<p><strong>Europa Liber\u0103: Dvs. \u0219ti\u021bi prea bine c\u0103 at\u00e2t Estul, c\u00e2t \u0219i Vestul deseori au sugerat guvern\u0103rii de la Chi\u0219in\u0103u c\u0103, \u00een primul r\u00e2nd, trebuie s\u0103 existe un consens \u00eentre cele dou\u0103 p\u0103r\u021bi \u2013 Chi\u0219in\u0103u \u0219i Tiraspol. Negociatorii-\u0219efi, dar \u0219i puterea politic\u0103 trebuie s\u0103 cad\u0103 de acord asupra solu\u021bion\u0103rii mai multor probleme. De ce nu se deschide co\u0219ul politic, cel care prevede elaborarea \u0219i oferirea unui statut regiunii transnistrene? <\/strong><\/p>\n<p><strong>Ion Leahu:<\/strong> \u201ePartenerii no\u0219tri europeni a\u0219teapt\u0103 de la noi pa\u0219ii decisivi. \u0218i \u00een momentul \u00een care Chi\u0219in\u0103ul ar fi spus \u00een mod categoric c\u0103, ori discut\u0103m problemele incluse \u00een co\u0219ul trei, problemele politice, problemele ce vizeaz\u0103 statutul Transnistriei \u00een cadrul Republicii Moldova, ori \u00een genere nu discut\u0103m nimic, probabil c\u0103 atitudinea ar fi fost alta.<\/p>\n<p>Din moment ce Chi\u0219in\u0103ul a acceptat patinarea pe calea aceasta de solu\u021bionare a unor probleme mici, mai pu\u021bin importante, a\u0219a-numi\u021bii pa\u0219i mici care \u00een fond, de zeci de ori probabil am spus, inclusiv \u0219i aici, la microfonul acesta, ele nu au nimic cu reglementarea, cu identificarea solu\u021biilor pentru g\u0103sirea acestui statut al Transnistriei. To\u021bi au acceptat. Vre\u021bi voi a\u0219a, \u0219i nou\u0103 ni-i foarte bine, mergem treptat, cu pa\u0219i mici, important este c\u0103 la finele anului avem ce pune \u00een co\u0219ul nostru, c\u0103 noi am rezolvat, \u00eencep\u00e2nd cu funicularul de la R\u00e2bni\u021ba \u0219i termin\u00e2nd cu alte lucruri foarte \u0219i foarte m\u0103runte. \u0218i a\u021bi observat, 2016-2017, c\u00e2nd Chi\u0219in\u0103ul a refuzat, totu\u0219i, s\u0103 se \u00eent\u00e2lneasc\u0103 \u00een formatul \u201e5+2\u201d, asta foarte mult a deranjat \u0219i Bruxelles-ul, \u0219i alte structuri, \u00een afar\u0103 de Viena.\u201d<\/p>\n<p><strong>Europa Liber\u0103: Ce trebuie s\u0103 fac\u0103, \u00een aceste condi\u021bii, Chi\u0219in\u0103ul? Exist\u0103 \u0219i un nou negociator din partea Chi\u0219in\u0103ului \u00een cadrul procesului de negocieri. Ce \u00eei st\u0103 \u00een puteri \u0219i ce ar trebui s\u0103 \u00eentreprind\u0103 guvernarea?<\/strong><\/p>\n<p><strong>Ion Leahu:<\/strong> \u201eChi\u0219in\u0103ului \u00eei st\u0103 foarte pu\u021bin \u00een puteri \u0219i cu c\u00e2t mai mult timp trece, cu at\u00e2t se \u00eengusteaz\u0103 aceste posibilit\u0103\u021bi. Eu sunt ferm convins c\u0103 \u0219i evenimentele de la sf\u00e2r\u0219itul anului 2017, \u0219i evenimentul de ieri de la Paris, \u00eentrunirea \u00een cadrul Comitetului pentru problemele conflictului al Consiliului Europei, ele sunt inspirate din acela\u0219i centru, de la Moscova, de pe pia\u021ba Smolensk, unde st\u0103 dl Serghei Lavrov. Ei au foarte \u0219i foarte buni prieteni \u00een toat\u0103 Europa. Nu a reu\u0219it Italia s\u0103 ob\u021bin\u0103 pre\u0219edin\u021bia \u00een OSCE, c\u00e2nd Frattini a fost numit\u2026\u201d<\/p>\n<p><strong>Europa Liber\u0103: Franco Frattini, fostul ministru de Externe al Italiei.<\/strong><\/p>\n<p><strong>Ion Leahu:<\/strong> \u201eFranco Frattini, da, fostul ministru de Externe al Italiei, un prieten foarte bun al lui Serghei Lavrov , a fost numit \u00een func\u021bia de reprezentant al OSCE\u2026\u201d<\/p>\n<p><strong>Europa Liber\u0103: Al pre\u0219edin\u021biei OSCE pentru reglementarea transnistrean\u0103.<\/strong><\/p>\n<p><strong>Ion Leahu:<\/strong> \u201eDa. La \u0219edin\u021ba de ieri, nu \u0219tiu ocazional sau nu, dar a fost invitat \u0219i reprezentantul Vienei, reprezentantul fostului pre\u0219edinte al OSCE, care \u0219i-a manifestat interesul.\u201d<\/p>\n<p><strong>Europa Liber\u0103: Austria, care a de\u021binut pre\u0219edin\u021bia p\u00e2n\u0103 la finele lui 2017 \u00een OSCE.<\/strong><\/p>\n<p><strong>Ion Leahu:<\/strong> \u201eCare \u0219i acum declar\u0103 oficial c\u0103, f\u0103r\u0103 implicarea masiv\u0103 a Federa\u021biei Ruse, reglementarea transnistrean\u0103 nu este posibil\u0103.\u201d<\/p>\n<p><strong>Europa Liber\u0103: \u0218i aceasta se \u00eent\u00e2mpl\u0103 pe fundalul unor rela\u021bii neprietenoase \u00eentre Chi\u0219in\u0103u \u0219i Moscova?<\/strong><\/p>\n<p><strong>Ion Leahu:<\/strong> \u201eEle au atins cel mai jos nivel de rela\u021bii posibile \u00eentre dou\u0103 state.\u201d<\/p>\n<p><strong>Europa Liber\u0103: \u0218i cum ar fi posibil s\u0103 propui o solu\u021bie pentru reglementarea transnistrean\u0103, dac\u0103 cooperarea moldo-rus\u0103 e la cel mai jos nivel? <\/strong><\/p>\n<p><strong>Ion Leahu:<\/strong> \u201ePropui o solu\u021bie care \u00ee\u021bi e convenabil\u0103 \u021bie. Rusia este unicul stat din cele 47 membre ale Consiliului Europei care este monitorizat\u0103.\u201d<\/p>\n<p><strong>Europa Liber\u0103: De c\u0103tre Adunarea Parlamentar\u0103 a Consiliului Europei.<\/strong><\/p>\n<p><strong>Ion Leahu:<\/strong> \u201e\u0218i evident c\u0103 n-o aranjeaz\u0103 acest statut, \u00een special \u00een ajunul alegerilor preziden\u021biale din Rusia. Plus la aceasta, sanc\u021biunile care sunt \u0219i care neap\u0103rat vor mai fi la fel afecteaz\u0103 acest stat. \u0218i repet: de ce s\u0103 nu revin\u0103 la o alt\u0103 variant\u0103 a procesului de la Mezenberg, c\u00e2nd Rusia propune o solu\u021bie de rezolvare? Rezolv\u0103 aceast\u0103 problem\u0103 \u0219i, \u00een acela\u0219i timp, Uniunea European\u0103, fiind satisf\u0103cut\u0103 de acest pas \u0219i mul\u021bumitoare fa\u021b\u0103 de Rusia, ridic\u0103 sanc\u021biunile, ridic\u0103 monitorizarea.\u201d<\/p>\n<p><strong>Europa Liber\u0103: Dle Leahu, dar \u0219ti\u021bi c\u0103 de mult timp se discut\u0103, ce ar face Republica Moldova, dac\u0103 Moscova \u0219i Occidentul propun rezolvarea problemei transnistrene? C\u00e2t de preg\u0103tit\u0103 este puterea de la Chi\u0219in\u0103u pentru reintegrarea celor dou\u0103 maluri ale Nistrului?<\/strong><\/p>\n<p><strong>Ion Leahu:<\/strong> \u201eAnaliz\u00e2nd ceea ce se \u00eent\u00e2mpl\u0103 \u00een procesul respectiv, eu m\u0103 tem c\u0103 Moldova degrab\u0103 n-o s\u0103 fie \u00eentrebat\u0103. Ce propune Tiraspolul ca solu\u021bie pentru implementarea neap\u0103rat\u0103 a deciziilor care vor fi adoptate \u00een procesul de reglementare? Ca Moldova nici s\u0103 nu fie \u00eentrebat\u0103 \u2013 odat\u0103 ce decizia este adoptat\u0103, ea se realizeaz\u0103 \u00een mod automat. Deci, repet \u00eenc\u0103 o dat\u0103: Moldova cam este \u00eenl\u0103turat\u0103 din procesul de luare a deciziilor. \u0218i iat\u0103 situa\u021bia de ieri. Eu nu \u0219tiu ce discurs a avut doamna Lesnic, nu \u0219tiu, sper c\u0103 a fost\u2026\u201d<\/p>\n<p><strong>Europa Liber\u0103: Noua negociatoare a Republicii Moldova?<\/strong><\/p>\n<p><strong>Ion Leahu:<\/strong> \u201eNoua negociatoare, noua viceprim-ministru \u00een problemele reglement\u0103rii transnistrene. Nu \u0219tiu, dar a\u0219 vrea s\u0103 cunosc. Sper c\u0103 a fost unul echilibrat \u0219i unul serios, care ar fi demonstrat \u00eentr-o m\u0103sur\u0103 oarecare cine totu\u0219i este principalul \u00een procesul de negocieri. \u00cens\u0103 faptul c\u0103 reprezentan\u021bilor Tiraspolului le-au permis s\u0103 se pronun\u021be referitor la istoricul conflictului, la modul pe care \u00eel v\u0103d ei de reglementare \u0219i n-am v\u0103zut \u00eenc\u0103 nicio replic\u0103 la vreo agen\u021bie de \u0219tiri, \u00eenseamn\u0103 c\u0103 totu\u0219i cineva e dispus s\u0103 \u021bin\u0103 cont de aceast\u0103 pozi\u021bie.\u201d<\/p>\n<p><strong>Europa Liber\u0103: Dar Dvs. v\u0103 este clar cum vede Tiraspolul reglementarea transnistrean\u0103?<\/strong><\/p>\n<p><strong>Ion Leahu:<\/strong> \u201eDa, evident \u2013 divor\u021bul civilizat. \u0218i toate evenimentele care se produc, inclusiv aceste cinci pozi\u021bii protocolare care au fost semnate, mie \u00eemi pare c\u0103 se aranjeaz\u0103 \u00een urm\u0103toarea schem\u0103 \u2013 divor\u021bul de obicei se produce \u00een felul urm\u0103tor: mai \u00eent\u00e2i la organele de justi\u021bie are loc actul juridic de divor\u021b, apoi se \u00eemparte averea. La noi o s\u0103 fie pu\u021bin altfel \u2013 mai \u00eent\u00e2i o s\u0103 se \u00eempart\u0103 averea \u0219i c\u00e2nd de acum n-o s\u0103 aib\u0103 ce \u00eemp\u0103r\u021bi, c\u00e2nd o s\u0103 fie clar c\u0103 teritoriile acestea sunt separate, o s\u0103 aib\u0103 loc actul juridic de separare.\u201d<\/p>\n<p><strong>Europa Liber\u0103: \u0218i dac\u0103 se produce acest divor\u021b despre care vorbi\u021bi Dvs., divor\u021bul \u00eentre cele dou\u0103 maluri ale Nistrului, care e soarta regiunii transnistrene?<\/strong><\/p>\n<p><strong>Ion Leahu:<\/strong> \u201eCare e soarta regiunii transnistrene? Aceea pe care o are \u0219i ast\u0103zi. Practic, situa\u021bia <em>de facto<\/em> o s\u0103 fie <em>de jure<\/em>. Este stat aparte, trebuie s\u0103 deschidem ochii\u2026\u201d<\/p>\n<p><strong>Europa Liber\u0103: Nimeni n-o s\u0103-l recunoasc\u0103, a\u0219a cum n-au f\u0103cut-o pe parcursul celor 26 de ani.<\/strong><\/p>\n<p><strong>Ion Leahu:<\/strong> \u201eDoamn\u0103 Valentina, nimeni nu era preg\u0103tit \u0219i nici dispus s\u0103 recunoasc\u0103 suveranitatea regiunii Kosovo, \u00eens\u0103 au recunoscut-o, p\u00e2n\u0103 la urm\u0103, au recunoscut-o. Dar Transnistria, spre deosebire de Kosovo, este \u00eentr-o situa\u021bie cu mult mai avantajoas\u0103 din moment ce propriu-zis de la Transnistria nimeni nu a\u0219teapt\u0103 izbucnirea unui conflict armat.\u201d<\/p>\n<p><strong>Europa Liber\u0103: \u0218i chiar crede\u021bi c\u0103 Ucraina o s\u0103 tac\u0103, nu o s\u0103 intervin\u0103, nu are un cuv\u00e2nt de spus?<\/strong><\/p>\n<p><strong>Ion Leahu:<\/strong> \u201eUcraina e \u00eentr-at\u00e2t de \u00eenglodat\u0103 \u00een problema regiunilor Done\u021bk, Crimeea, c\u0103 ea foarte bine \u00ee\u0219i d\u0103 seama c\u0103, din moment ce Rusia va da garan\u021bii Europei c\u0103 aici o s\u0103 fie pace, asta o s\u0103 fie garan\u021bie \u0219i pentru Ucraina. \u0218i Ucraina n-o s\u0103 intervin\u0103.\u201d<\/p>\n<p><strong>Europa Liber\u0103: Dar Rusia va da garan\u021bii\u2026<\/strong><\/p>\n<p><strong>Ion Leahu:<\/strong> \u201eEu g\u00e2ndesc c\u0103 da.\u201d<\/p>\n<p><strong>Europa Liber\u0103: \u2026c\u0103 aici, \u00een zon\u0103, unde e \u0219i regiunea transnistrean\u0103, separatist\u0103, unde e Republica Moldova, Rusia poate garanta securitate, stabilitate?<\/strong><\/p>\n<p><strong>Ion Leahu:<\/strong> \u201eEu g\u00e2ndesc c\u0103 acesta este punctul principal al t\u00e2rgului care are loc \u00een culise \u00een jurul acestei probleme.\u201d<\/p>\n<p><strong>Europa Liber\u0103: Ce le sugera\u021bi guvernan\u021bilor Republicii Moldova?<\/strong><\/p>\n<p><strong>Ion Leahu:<\/strong> \u201eGuvernan\u021bii nu prea au nevoie de opinia mea. \u00cen mod con\u0219tient, ei fac ceea ce fac \u0219i eu numai le doresc\u2026\u201d<\/p>\n<p><strong>Europa Liber\u0103: \u00cen ce scop fac ceea ce fac?<\/strong><\/p>\n<p><strong>Ion Leahu:<\/strong> \u201eDoamn\u0103 Valentina, eu sper mult ca cet\u0103\u021bean al Republicii Moldova c\u0103 totu\u0219i ceea ce se face se face \u00eenspre binele Republicii Moldova, \u00eenspre realizarea planului de integrarea european\u0103 care este semnat, care este \u00een vigoare. Dl Iurie Leanc\u0103 este numit viceprim-ministru pentru integrarea european\u0103 \u0219i eu sper c\u0103 ac\u021biunile despre care vorbim noi ast\u0103zi fac parte din acest plan. Sper.\u201d<\/p>\n<p><strong>Europa Liber\u0103: Adic\u0103, Moldova, pe calea integr\u0103rii europene f\u0103r\u0103 Transnistria? <\/strong><\/p>\n<p><strong>Ion Leahu:<\/strong> \u201eSunt dou\u0103 variante. Poate s\u0103 fie \u0219i f\u0103r\u0103 Transnistria, dar poate s\u0103 fie \u0219i cu Transnistria. Cel pu\u021bin, ea poate s\u0103 mearg\u0103 \u00eempreun\u0103 cu Moldova, dar ca parte separat\u0103. Faptul c\u0103 \u0219i \u00een 2018 Bruxelles-ul n-a ridicat preferin\u021bele individuale pentru Tiraspol \u00een rela\u021biile comerciale\u2026\u201d<\/p>\n<p><strong>Europa Liber\u0103: Da, prevederile Acordului de Asociere care include \u0219i Acordul de Liber Schimb r\u0103m\u00e2n valabile pentru regiunea transnistrean\u0103, pentru agen\u021bii economici de acolo.<\/strong><\/p>\n<p><strong>Ion Leahu:<\/strong> \u201e\u0218i nu i-a impus schimbarea sau modificarea legisla\u021biei economice spune despre aceea c\u0103 totu\u0219i ei sunt gata s\u0103 \u00eenchid\u0103 \u0219i mai departe ochii la multe lucruri.\u201d<\/p>\n<p>Sursa:<\/p>\n<p><a href=\"https:\/\/www.europalibera.org\/a\/conflictul-transnistrean-ion-leahu-interviu-valentina-ursu\/28981229.html\">https:\/\/www.europalibera.org\/a\/conflictul-transnistrean-ion-leahu-interviu-valentina-ursu\/28981229.html<\/a><\/p>\n<\/div>\n<\/div>\n","protected":false},"excerpt":{"rendered":"<p>Un interviu cu fostul membru al Comisiei Unificate de Control despre negocierile de solu\u021bionare a conflictului transnistrean. La Paris a avut loc ieri o masa rotunda pe tema negocierilor \u00een legatur\u0103 cu solu\u021bionarea conflictului transnistrean. Masa rotund\u0103 a fost organizat\u0103 de un subcomitet al Adun\u0103rii Parlamentare a Consiliului Europene \u0219i la ea au participat reprezentan\u021bi&#8230;<\/p>\n","protected":false},"author":2,"featured_media":0,"comment_status":"closed","ping_status":"open","sticky":false,"template":"","format":"standard","meta":[],"categories":[1],"tags":[],"_links":{"self":[{"href":"https:\/\/centers.ulbsibiu.ro\/ccsprise\/lact\/wp-json\/wp\/v2\/posts\/4085"}],"collection":[{"href":"https:\/\/centers.ulbsibiu.ro\/ccsprise\/lact\/wp-json\/wp\/v2\/posts"}],"about":[{"href":"https:\/\/centers.ulbsibiu.ro\/ccsprise\/lact\/wp-json\/wp\/v2\/types\/post"}],"author":[{"embeddable":true,"href":"https:\/\/centers.ulbsibiu.ro\/ccsprise\/lact\/wp-json\/wp\/v2\/users\/2"}],"replies":[{"embeddable":true,"href":"https:\/\/centers.ulbsibiu.ro\/ccsprise\/lact\/wp-json\/wp\/v2\/comments?post=4085"}],"version-history":[{"count":1,"href":"https:\/\/centers.ulbsibiu.ro\/ccsprise\/lact\/wp-json\/wp\/v2\/posts\/4085\/revisions"}],"predecessor-version":[{"id":4086,"href":"https:\/\/centers.ulbsibiu.ro\/ccsprise\/lact\/wp-json\/wp\/v2\/posts\/4085\/revisions\/4086"}],"wp:attachment":[{"href":"https:\/\/centers.ulbsibiu.ro\/ccsprise\/lact\/wp-json\/wp\/v2\/media?parent=4085"}],"wp:term":[{"taxonomy":"category","embeddable":true,"href":"https:\/\/centers.ulbsibiu.ro\/ccsprise\/lact\/wp-json\/wp\/v2\/categories?post=4085"},{"taxonomy":"post_tag","embeddable":true,"href":"https:\/\/centers.ulbsibiu.ro\/ccsprise\/lact\/wp-json\/wp\/v2\/tags?post=4085"}],"curies":[{"name":"wp","href":"https:\/\/api.w.org\/{rel}","templated":true}]}}