{"id":4083,"date":"2018-01-19T08:55:25","date_gmt":"2018-01-19T06:55:25","guid":{"rendered":"https:\/\/centers.ulbsibiu.ro\/ccsprise\/lact\/?p=4083"},"modified":"2018-01-19T08:55:25","modified_gmt":"2018-01-19T06:55:25","slug":"infotag-md-transnistria-spera-sa-participe-la-apce-in-calitate-de-observator","status":"publish","type":"post","link":"https:\/\/centers.ulbsibiu.ro\/ccsprise\/lact\/infotag-md-transnistria-spera-sa-participe-la-apce-in-calitate-de-observator\/","title":{"rendered":"Infotag.md &#8211; TRANSNISTRIA SPER\u0102 S\u0102 PARTICIPE LA APCE \u00ceN CALITATE DE OBSERVATOR"},"content":{"rendered":"<p>Sovietul Suprem este dispus s\u0103 asigure participarea unei delega\u021bii transnistrene la activitatea Adun\u0103rii Parlamentare a Consiliului Europei (APCE) \u00een calitate de observator pentru a transmite direct pozi\u021bia referitor la \u00eentreaga gam\u0103 de probleme care afecteaz\u0103 interesele Transnistriei. O declara\u0163ie \u00een acest sens a f\u0103cut \u00een ajun, la Paris, \u0219eful legislativului de la Tiraspol, Alexandr \u0218cerba, la reuniunea Subcomisiei APCE pentru conflicte.<\/p>\n<p>Potrivit agen\u021biei INFOTAG cu referire la site-ul Ministerului de Externe al Transnistriei, reuniunea a fost consacrat\u0103 \u201ereglement\u0103rii rela\u021biilor dintre Moldova \u0219i Transnistria\u201d, iar \u0218cerba a prezentat pozi\u021bia Transnistriei.<\/p>\n<p>El \u015fi-a exprimat convingerea c\u0103 independen\u021ba Transnistriei \u201ese bazeaz\u0103 obiectiv pe un \u0219ir de premise istorice \u0219i juridice\u201d. El a enumerat principale motive ale conflictului, inclusiv faptul c\u0103 \u201eMoldova a renun\u021bat juridic la Transnistria \u00een 1990, agresiunea militar\u0103 din 1992, ignorarea de c\u0103tre Chi\u0219in\u0103u a realit\u0103\u021bilor istorico-juridice, precum \u015fi \u00eencercarea de a crea for\u0163at fantoma fostei RSSM\u201d.<\/p>\n<p>Speakerul a exprimatul regretul pentru faptul c\u0103, deseori, mass-media str\u0103in\u0103 \u201ecreeaz\u0103 o imagine distorsionat\u0103 a Transnistriei, iar comunitatea interna\u021bional\u0103 nu observ\u0103 existen\u021ba obiectiv\u0103 a RMN ca cel mai nou stat din Europa\u201d.<\/p>\n<p>Al doilea reprezentant al regiunii, ministrul de Externe, Vitalii Ignatiev, a men\u021bionat \u00een raportul s\u0103u c\u0103 la sf\u00e2r\u0219itul anului 2017, \u00een dialogul p\u0103r\u021bilor \u201ea fost atins\u0103 o logic\u0103 pragmatic\u0103 de c\u0103utare a unor solu\u021bii reciproc avantajoase, direc\u021bionate spre \u00eembun\u0103t\u0103\u021birea vie\u021bii oamenilor\u201d.<\/p>\n<p>El consider\u0103 c\u0103 \u00een\u0163elegerile atinse \u00een noiembrie au fost realizate \u201edatorit\u0103 unui impuls pozitiv din partea Transnistriei\u201d \u0219i \u015fi-a exprimat speran\u021ba c\u0103 negocierile vor avea succes \u00een perioada Pre\u0219edin\u021biei Italiei \u00een OSCE.<\/p>\n<p>Ignatiev a \u00eendemnat APCE s\u0103 acorde o aten\u021bie deosebit\u0103 problemelor care, \u00een viitor, ar putea \u00eenl\u0103tura eforturile depuse pentru intensificarea dialogului \u00een 2017. Printre acestea el a numit stabilirea controlului comun moldo-ucrainean la frontiera comun\u0103, pe care diplomatul o consider\u0103 transnistrean\u0103, subliniind c\u0103 aceasta poate \u201eafecta extrem de mult nivelul de trai a zeci de mii de oameni, precum \u0219i poate duce la escaladarea tensiunii \u0219i la trecerea conflictului \u00eentr-o faz\u0103 necontrolat\u0103\u201d.<\/p>\n<p>Vorbind despre reglementarea rela\u021biilor cu Moldova, ministrul transnistrean a remarcat c\u0103 \u201eexperien\u021ba reglement\u0103rii rela\u021biilor interstatale dintre Cehia \u0219i Slovacia confirm\u0103 faptul c\u0103 renun\u0163area la men\u0163inerea for\u0163at\u0103 a or\u00e2nduirilor artificiale poate da un impuls semnificativ cooper\u0103rii reciproc avantajoase pe baz\u0103 de egalitate\u201d.<\/p>\n<p>La discu\u021bii a participat \u015fi o delega\u021bie a Moldovei, condus\u0103 de noul vicepremier pentru Reintegrare, Cristina Lesnic, Reprezentantul Special al Pre\u015fedintelui \u00een exerci\u0163iu al OSCE din partea Austriei pentru procesul de reglementare transnistrean\u0103, Wolf Dietrich Heim, precum \u0219i negociatorul principal al UE pentru Acordul de Liber Schimb cu Moldova, Luc Devigne.<\/p>\n<p>Biroul pentru Reintegrare, al c\u0103rei \u015fef a devenit s\u0103pt\u0103m\u00e2na trecut\u0103 noul vicepremier Cristina Lesnic, nu a oferit nicio informa\u021bie despre reuniunea de la Paris.<\/p>\n<p>Sursa:<\/p>\n<p><a href=\"http:\/\/www.infotag.md\/rebelion-ro\/258175\/\">http:\/\/www.infotag.md\/rebelion-ro\/258175\/<\/a><\/p>\n","protected":false},"excerpt":{"rendered":"<p>Sovietul Suprem este dispus s\u0103 asigure participarea unei delega\u021bii transnistrene la activitatea Adun\u0103rii Parlamentare a Consiliului Europei (APCE) \u00een calitate de observator pentru a transmite direct pozi\u021bia referitor la \u00eentreaga gam\u0103 de probleme care afecteaz\u0103 interesele Transnistriei. O declara\u0163ie \u00een acest sens a f\u0103cut \u00een ajun, la Paris, \u0219eful legislativului de la Tiraspol, Alexandr \u0218cerba,&#8230;<\/p>\n","protected":false},"author":2,"featured_media":0,"comment_status":"closed","ping_status":"open","sticky":false,"template":"","format":"standard","meta":[],"categories":[1],"tags":[],"_links":{"self":[{"href":"https:\/\/centers.ulbsibiu.ro\/ccsprise\/lact\/wp-json\/wp\/v2\/posts\/4083"}],"collection":[{"href":"https:\/\/centers.ulbsibiu.ro\/ccsprise\/lact\/wp-json\/wp\/v2\/posts"}],"about":[{"href":"https:\/\/centers.ulbsibiu.ro\/ccsprise\/lact\/wp-json\/wp\/v2\/types\/post"}],"author":[{"embeddable":true,"href":"https:\/\/centers.ulbsibiu.ro\/ccsprise\/lact\/wp-json\/wp\/v2\/users\/2"}],"replies":[{"embeddable":true,"href":"https:\/\/centers.ulbsibiu.ro\/ccsprise\/lact\/wp-json\/wp\/v2\/comments?post=4083"}],"version-history":[{"count":1,"href":"https:\/\/centers.ulbsibiu.ro\/ccsprise\/lact\/wp-json\/wp\/v2\/posts\/4083\/revisions"}],"predecessor-version":[{"id":4084,"href":"https:\/\/centers.ulbsibiu.ro\/ccsprise\/lact\/wp-json\/wp\/v2\/posts\/4083\/revisions\/4084"}],"wp:attachment":[{"href":"https:\/\/centers.ulbsibiu.ro\/ccsprise\/lact\/wp-json\/wp\/v2\/media?parent=4083"}],"wp:term":[{"taxonomy":"category","embeddable":true,"href":"https:\/\/centers.ulbsibiu.ro\/ccsprise\/lact\/wp-json\/wp\/v2\/categories?post=4083"},{"taxonomy":"post_tag","embeddable":true,"href":"https:\/\/centers.ulbsibiu.ro\/ccsprise\/lact\/wp-json\/wp\/v2\/tags?post=4083"}],"curies":[{"name":"wp","href":"https:\/\/api.w.org\/{rel}","templated":true}]}}