{"id":4081,"date":"2018-01-19T08:51:29","date_gmt":"2018-01-19T06:51:29","guid":{"rendered":"https:\/\/centers.ulbsibiu.ro\/ccsprise\/lact\/?p=4081"},"modified":"2020-06-12T18:30:33","modified_gmt":"2020-06-12T16:30:33","slug":"europalibera-org-marian-lupu-problema-transnistreana-este-un-subiect-care-atinge-interesele-de-securitate-si-de-stabilitate-in-intreaga-regiune","status":"publish","type":"post","link":"https:\/\/centers.ulbsibiu.ro\/ccsprise\/lact\/europalibera-org-marian-lupu-problema-transnistreana-este-un-subiect-care-atinge-interesele-de-securitate-si-de-stabilitate-in-intreaga-regiune\/","title":{"rendered":"Europalibera.org &#8211; Marian Lupu: \u201eProblema transnistrean\u0103 este un subiect care atinge interesele de securitate \u0219i de stabilitate \u00een \u00eentreaga regiune\u201d"},"content":{"rendered":"<p>Un interviu cu \u0219eful frac\u021biunii parlamentare PD despre recenta reuniune informativ\u0103 de la Paris pe tema procesului de reglementare transnistrean\u0103.<\/p>\n<div>\n<div class=\"wsw\">\n<p><em>Subcomisia pentru conflictele \u00eentre statele membre ale Consiliului Europei, care este parte a Comisiei de Monitorizare a APCE s-a \u00eentrunit ieri cu u\u015file \u00eenchise, la Paris. Unicul subiect pe agend\u0103 a fost \u201eDimensiunea politic\u0103 a procesului de reglementare transnistrean\u0103\u201d. Mandatul subcomisiei este unul consultativ \u015fi nu face parte din procesul oficial de negocieri. \u0218eful fractiunii parlamentare PD, Marian Lupu, vorbe\u015fte despre perspectivele avans\u0103rii dialogului dintre Chi\u015fin\u0103u \u015fi Tiraspol.<\/em><\/p>\n<p><strong>Europa Liber\u0103: S\u0103 ne spune\u021bi, totu\u0219i, ce s-a discutat concret la Paris, pentru c\u0103 scopul acestei reuniuni este informarea, din c\u00e2te \u00een\u021beleg, a Consiliului Europei \u0219i a Adun\u0103rii Parlamentare a Consiliului Europei despre ceea ce se \u00eent\u00e2mpl\u0103 \u00een procesul de reglementare a conflictului transnistrean \u0219i dac\u0103 exist\u0103 perspective pentru a avansa dialogul dintre cele dou\u0103 p\u0103r\u021bi \u2013 Chi\u0219in\u0103u \u0219i Tiraspol?<\/strong><\/p>\n<p><strong>Marian Lupu: <\/strong>\u201eEste o foarte bun\u0103 platform\u0103 pentru a informa reprezentan\u021bii \u00een cadrul acestui subcomitet care vin din diferite \u021b\u0103ri membre ale Consiliului Europei, \u00een special pe dimensiunea parlamentar\u0103, despre mersul procesului de negocieri. Lucru pe care l-am \u0219i \u00eendeplinit \u00een cadrul delega\u021biei Republicii Moldova, din care am f\u0103cut parte eu, din partea opozi\u021bie parlamentare \u2013 doamna \u0218upac, frac\u021biunea PCRM \u0219i, respectiv, domnul George Balan, ex-viceprim-ministru, pentru moment, \u0219eful Biroului de reintegrare.<\/p>\n<p>Reprezentan\u021bii mai multor \u021b\u0103ri din Consiliul Europei, precum Marea Britanie, Lituania, Fran\u021ba, Austria, Rom\u00e2nia, Ucraina, Armenia, respectiv Republica Moldova au avut posibilitatea s\u0103 aud\u0103 informa\u021bii de ultim\u0103 or\u0103, care sunt realiz\u0103rile, \u00een special, \u00een lumina acelor acorduri care au fost semnate pe sf\u00e2r\u0219itul anului trecut \u00een calitate de m\u0103suri de \u00eencredere \u0219i m\u0103suri care vor veni cu efecte practice pentru cet\u0103\u021benii Republicii Moldova, care locuiesc pe ambele maluri ale r\u00e2ului Nistru.\u201d<\/p>\n<p><strong>Europa Liber\u0103: Exper\u021bii, cei care cunosc bine dosarul transnistrean, avanseaz\u0103 idei c\u0103 guvernarea de la Chi\u0219in\u0103u ar fi for\u021bat\u0103 s\u0103 fac\u0103 anumite ced\u0103ri pentru ca cu orice pre\u021b s\u0103 fie g\u0103sit\u0103 o solu\u021bie pentru acest conflict transnistrean. A\u0219a s\u0103 fie?<\/strong><\/p>\n<p><strong>Marian Lupu: <\/strong>\u201eNiciodat\u0103. Cel pu\u021bin, pe acele platforme pe care am muncit \u00een cadrul acelor \u00eentrevederi, conferin\u021be, \u0219edin\u021be de comitete, precum a fost \u0219i ultima \u0219edin\u021b\u0103 la Paris, nu am sim\u021bit aceste lucruri \u0219i nu am acest sentiment. Adev\u0103rul este c\u0103 problema transnistrean\u0103 nu a fost, nu este \u0219i nu va fi niciodat\u0103 o problem\u0103 pur intern\u0103 a Republicii Moldova, a\u0219a cum de altfel unii a\u0219a-numi\u021bi prieteni ai no\u0219tri ar dori s\u0103 prezinte acest caz. Este un subiect care atinge interesele de securitate, interesele de stabilitate \u00een \u00eentreaga regiune \u0219i \u00een \u00eentreaga Europ\u0103.<\/p>\n<p>\u00cen mod evident, toat\u0103 lumea este interesat\u0103 mai pu\u021bin dec\u00e2t autorit\u0103\u021bile oficiale de la Chi\u0219in\u0103u \u00een g\u0103sirea unei solu\u021bii pentru problema transnistrean\u0103 pe cale pa\u0219nic\u0103, pe cale de negocieri, \u00een condi\u021biile suveranit\u0103\u021bii \u0219i independen\u021bei statului Republica Moldova, neutralit\u0103\u021bii \u021b\u0103rii noastre; o \u021bar\u0103 cu perspectiv\u0103 european\u0103, \u00een condi\u021biile de demilitarizare a zonei de securitate. De altfel, sunt acelea\u0219i principii la fel de importante pentru Chi\u0219in\u0103u, pentru Republica Moldova.<\/p>\n<p>Este un subiect delicat, deloc u\u0219or; calea de negocieri nu este una simpl\u0103, este una de durat\u0103 \u0219i eu, personal, mai mult am sim\u021bit o coparticipare, o dorin\u021b\u0103 sincer\u0103 a multor parteneri, \u00een special partenerii europeni, pentru ca o asemenea solu\u021bie s\u0103 fie g\u0103sit\u0103, dar s\u0103 fie o solu\u021bie durabil\u0103, care s\u0103 asigure consolidarea statului Republica Moldova prin reintegrarea sa teritorial\u0103 \u0219i s\u0103 se evite tot felul de specula\u021bii \u0219i jocuri politice pe care de cele mai dese ori administra\u021bia de la Tiraspol le aplic\u0103.\u201d<\/p>\n<p><strong>Europa Liber\u0103: Ar fi preg\u0103tit\u0103 Moldova s\u0103 gestioneze treburile pe \u00eentreg teritoriul s\u0103u, eventual dac\u0103 se reunific\u0103 cele dou\u0103 maluri ale Nistrului, dar dac\u0103 aceast\u0103 solu\u021bie vine din partea Rusiei \u0219i a Occidentului?<\/strong><\/p>\n<p><strong>Marian Lupu: <\/strong>\u201eExist\u0103 un format, care a fost creat special pentru procesul de negocieri. Unul f\u0103r\u0103 de alternativ\u0103. Este binecunoscutul format \u201e5+2\u201d, care \u00eencorporeaz\u0103 de altfel cei mai importan\u021bi juc\u0103tori, s\u0103 spun a\u0219a, geopolitici pe plan mondial, inclusiv Uniunea European\u0103, Statele Unite, Federa\u021bia Rus\u0103, Ucraina, OSCE. Deci, de altfel, sunt acele for\u021be de care \u00eentr-o m\u0103sur\u0103 poate chiar mai mare dec\u00e2t m\u0103sura \u00een care ar putea s\u0103 contribuie la solu\u021bionarea acestei probleme Chi\u0219in\u0103ul \u0219i Tiraspolul au influen\u021b\u0103 direct\u0103 \u0219i o pondere foarte important\u0103, o pondere mare.<\/p>\n<p>F\u0103r\u0103 implicarea \u0219i f\u0103r\u0103 cuv\u00e2ntul p\u0103r\u021bilor prezente \u00een formatul \u201e5+2\u201d, rezolvarea acestei probleme se arat\u0103 a fi imposibil\u0103. Eu nu a\u0219 pune accente pe o \u021bar\u0103 sau pe alt\u0103 \u021bar\u0103, \u00een\u021beleg\u00e2nd foarte bine c\u0103 doar o conjugare de eforturi \u0219i atingerea unui numitor comun at\u00e2t pe axa dialogului dintre Chi\u0219in\u0103u \u0219i Tiraspol, c\u00e2t \u0219i pe axa dialogului dintre marile for\u021be prezente \u00een formatul \u201e5+2\u201d, asta de fapt ar fi originea \u0219i geneza posibilit\u0103\u021bii solu\u021bion\u0103rii problemei care poate fi solu\u021bionat\u0103.\u201d<\/p>\n<p><strong>Europa Liber\u0103: Dar care a fost pozi\u021bia Tiraspolului ieri, la Paris, de exemplu?<\/strong><\/p>\n<p><strong>Marian Lupu: <\/strong>\u201eNu o s\u0103-mi permit s\u0103 v\u0103 relatez toate detaliile din simplul motiv c\u0103 \u0219edin\u021ba acestui comitet ca de obicei se desf\u0103\u0219oar\u0103 \u00een regim <em>in camera<\/em>\u2026\u201d<\/p>\n<p><strong>Europa Liber\u0103: Cu u\u0219ile \u00eenchise?<\/strong><\/p>\n<p><strong>Marian Lupu: <\/strong>\u201eCu u\u0219ile \u00eenchise, f\u0103r\u0103 pres\u0103 \u0219i exist\u0103 un angajament tacit c\u0103 aceste discu\u021bii urmeaz\u0103 s\u0103 r\u0103m\u00e2n\u0103 \u00eentr-un fel \u00een cadrul \u00een care s-a desf\u0103\u0219urat aceast\u0103 \u0219edin\u021b\u0103. \u00cens\u0103, la modul general, pot s\u0103 v\u0103 spun c\u0103 pe alocuri reprezentan\u021bii administra\u021biei de la Tiraspol nerecunoscute au exprimat \u0219i idei destul de calme, viziuni destul de clare, \u00eens\u0103 pe alocuri, trebuie s\u0103 recunosc c\u0103 totu\u0219i r\u0103m\u00e2n \u00eenc\u0103 \u00een mreaja trecutului, prezent\u00e2nd mai multe viziuni pe care nu a\u0219 putea s\u0103 le calific drept constructive sau poate chiar lips\u0103 de viziuni concrete, plas\u00e2nd accentul pe interese foarte \u0219i foarte \u00eenguste, dar \u00een asta \u0219i const\u0103, de fapt, procesul de negocieri. El dureaz\u0103 de mul\u021bi ani, nimeni nu a spus c\u0103 a fost \u0219i va fi u\u0219or. Repet, este ferma mea convingere: Republica Moldova trebuie s\u0103 rezolve aceast\u0103 problem\u0103 \u2013 una din cele mai importante \u0219i strategice pentru existen\u021ba sa, pentru viitorul s\u0103u \u2013 \u0219i aici m\u0103 refer la reintegrarea teritorial\u0103 a statului.\u201d<\/p>\n<p><strong>Europa Liber\u0103: Dar asta trebuie s-o vrea \u0219i Tiraspolul, iar liderul de acolo, Krasnoselski, insist\u0103, de c\u00e2nd a ajuns \u00een fotoliul de \u0219ef al regiunii secesioniste, doar pe un divor\u021b civilizat \u00eentre Republica Moldova \u0219i regiunea transnistrean\u0103?<\/strong><\/p>\n<p><strong>Marian Lupu: <\/strong>\u201eEvident, nu este nimic nou \u00een ceea ce a\u021bi spus Dvs. \u0219i \u00een faptul c\u0103 accept aceast\u0103 tez\u0103. Putem urm\u0103ri an de an, lun\u0103 de lun\u0103 tot felul de declara\u021bii mai mult sau mai pu\u021bin r\u0103zboinice, care plaseaz\u0103 accentul pe lipsa total\u0103 de interes \u0219i lipsa total\u0103 de angajament \u00een procesul de reglementare propriu-zis\u0103 a acestei probleme. Putem vedea c\u0103 pe platforma nr. 3\u2026\u201d<\/p>\n<p><strong>Europa Liber\u0103: Co\u0219ul politic\u2026<\/strong><\/p>\n<p><strong>Marian Lupu: <\/strong>\u201eCo\u0219ul 3, co\u0219ul politic, aici lucrurile nu s-au mi\u0219cat deloc, dar revin, pentru asta \u0219i nu s-au l\u0103sat discu\u021biile \u0219i negocierile doar pe axa direct\u0103 Chi\u0219in\u0103u-Tiraspol. Dac\u0103 erau s\u0103 fie \u00een format \u201e1+1\u201d, \u00een mod evident, nici nu puteam s\u0103 ne permitem s\u0103 vorbim serios despre o eventual\u0103, posibil\u0103 g\u0103sire de solu\u021bii \u0219i avansare \u00een procesul de negocieri.<\/p>\n<p>Formatul \u201e5+2\u201d este un format mult mai larg, mult mai reprezentativ, care, de fapt, implic\u0103 \u0219i marile puteri geopolitice, marile for\u021be geopolitice, care au interes \u00een aceast\u0103 regiune \u0219i au, da, admitem, fiecare interesul s\u0103u, viziunea sa \u00een un model sau alt model de solu\u021bionare a acestei probleme.<\/p>\n<p>Cert este c\u0103 at\u00e2t UE, c\u00e2t \u0219i SUA, c\u00e2t \u0219i \u021b\u0103rile din regiune, \u021b\u0103rile vecine \u2013 Ucraina, Rom\u00e2nia \u2013 au mare interes de rezolvarea acestei probleme, fiindc\u0103, repet, nu e vorba de o problem\u0103 care \u021bine de resurse umane sau resurse economice, sau naturale, este o problem\u0103 care atinge securitatea, aspectul de securitate \u00een regiune. Este o problem\u0103 care, dac\u0103 r\u0103m\u00e2ne a fi nesolu\u021bionat\u0103, are premise \u0219i, haide\u021bi s\u0103 recunoa\u0219tem acest lucru, anumite condi\u021bii politice s\u0103 genereze mari probleme de securitate \u0219i instabilitate pentru \u00eentreaga regiune \u0219i de ce nu?, pentru \u00eentreaga Europ\u0103, fiindc\u0103 vorbim de o zon\u0103 \u00een preajma grani\u021bei Uniunii Europene. Pe acest motiv, faptul c\u0103 reprezentan\u021bii \u0219i Federa\u021biei Ruse, \u0219i SUA, \u0219i Uniunii Europene, \u0219i altor p\u0103r\u021bi implicate \u00een acest format sunt la masa de negocieri este un lucru absolut firesc, unul absolut necesar \u0219i unul benefic.\u201d<\/p>\n<p><strong>Europa Liber\u0103: Dac\u0103 Rusia garanteaz\u0103 aceast\u0103 securitate \u00een regiune, asta \u00eenseamn\u0103 c\u0103 se rezolv\u0103 u\u0219or problema transnistrean\u0103?<\/strong><\/p>\n<p><strong>Marian Lupu: <\/strong>\u201eNu, noi nu putem s\u0103 vorbim despre garan\u021bii unilaterale \u0219i orice analiz\u0103, oric\u00e2t de serioas\u0103 ar fi, ea nici nu poate s\u0103 admit\u0103, categoric nu poate s\u0103 admit\u0103 situa\u021bia c\u0103 noi, \u00een procesul de identificare a modelului de solu\u021bionare a problemei transnistrene, putem s\u0103 ne permitem s\u0103 ne baz\u0103m doar pe modelul viziunilor \u0219i garan\u021biile unei singure p\u0103r\u021bi.<\/p>\n<p>Problema are un caracter mult mai amplu \u0219i atinge interesele de securitate ale mai multor \u021b\u0103ri \u0219i ale mai multor regiuni. Iat\u0103 de ce miza noastr\u0103, \u0219i eu g\u00e2ndesc c\u0103 este unica solu\u021bie logic\u0103 \u0219i una de durat\u0103, una viabil\u0103, aceast\u0103 solu\u021bie este posibil\u0103 \u0219i poate fi atins\u0103 \u00een cazul problemei transnistrene, spre deosebire de multe alte conflicte nesolu\u021bionate cu caracter religios, cu caracter etnic, cu caracter de alt\u0103 natur\u0103. Ele sunt mult mai dificile. Problema transnistrean\u0103 poate fi rezolvat\u0103 \u00eentr-un context larg, cu garan\u021bii multilaterale ce sunt reprezentate \u00een formatul \u201e5+2\u201d.\u201d<\/p>\n<p>Sursa:<\/p>\n<p><a href=\"https:\/\/www.europalibera.org\/a\/28981309.html\">https:\/\/www.europalibera.org\/a\/28981309.html<\/a><\/p>\n<\/div>\n<\/div>\n","protected":false},"excerpt":{"rendered":"<p>Un interviu cu \u0219eful frac\u021biunii parlamentare PD despre recenta reuniune informativ\u0103 de la Paris pe tema procesului de reglementare transnistrean\u0103. Subcomisia pentru conflictele \u00eentre statele membre ale Consiliului Europei, care este parte a Comisiei de Monitorizare a APCE s-a \u00eentrunit ieri cu u\u015file \u00eenchise, la Paris. Unicul subiect pe agend\u0103 a fost \u201eDimensiunea politic\u0103 a&#8230;<\/p>\n","protected":false},"author":2,"featured_media":0,"comment_status":"closed","ping_status":"open","sticky":false,"template":"","format":"standard","meta":[],"categories":[1],"tags":[],"_links":{"self":[{"href":"https:\/\/centers.ulbsibiu.ro\/ccsprise\/lact\/wp-json\/wp\/v2\/posts\/4081"}],"collection":[{"href":"https:\/\/centers.ulbsibiu.ro\/ccsprise\/lact\/wp-json\/wp\/v2\/posts"}],"about":[{"href":"https:\/\/centers.ulbsibiu.ro\/ccsprise\/lact\/wp-json\/wp\/v2\/types\/post"}],"author":[{"embeddable":true,"href":"https:\/\/centers.ulbsibiu.ro\/ccsprise\/lact\/wp-json\/wp\/v2\/users\/2"}],"replies":[{"embeddable":true,"href":"https:\/\/centers.ulbsibiu.ro\/ccsprise\/lact\/wp-json\/wp\/v2\/comments?post=4081"}],"version-history":[{"count":1,"href":"https:\/\/centers.ulbsibiu.ro\/ccsprise\/lact\/wp-json\/wp\/v2\/posts\/4081\/revisions"}],"predecessor-version":[{"id":4082,"href":"https:\/\/centers.ulbsibiu.ro\/ccsprise\/lact\/wp-json\/wp\/v2\/posts\/4081\/revisions\/4082"}],"wp:attachment":[{"href":"https:\/\/centers.ulbsibiu.ro\/ccsprise\/lact\/wp-json\/wp\/v2\/media?parent=4081"}],"wp:term":[{"taxonomy":"category","embeddable":true,"href":"https:\/\/centers.ulbsibiu.ro\/ccsprise\/lact\/wp-json\/wp\/v2\/categories?post=4081"},{"taxonomy":"post_tag","embeddable":true,"href":"https:\/\/centers.ulbsibiu.ro\/ccsprise\/lact\/wp-json\/wp\/v2\/tags?post=4081"}],"curies":[{"name":"wp","href":"https:\/\/api.w.org\/{rel}","templated":true}]}}