{"id":4079,"date":"2018-01-19T08:48:15","date_gmt":"2018-01-19T06:48:15","guid":{"rendered":"https:\/\/centers.ulbsibiu.ro\/ccsprise\/lact\/?p=4079"},"modified":"2018-01-19T08:48:15","modified_gmt":"2018-01-19T06:48:15","slug":"gov-md-intrevederea-viceprim-ministrului-cristina-lesnic-cu-ambasadorul-sua-in-republica-moldova-james-pettit","status":"publish","type":"post","link":"https:\/\/centers.ulbsibiu.ro\/ccsprise\/lact\/gov-md-intrevederea-viceprim-ministrului-cristina-lesnic-cu-ambasadorul-sua-in-republica-moldova-james-pettit\/","title":{"rendered":"Gov.md &#8211; \u00centrevederea Viceprim-ministrului Cristina Lesnic cu Ambasadorul SUA \u00een Republica Moldova James Pettit"},"content":{"rendered":"<p>Ast\u0103zi, 18 ianuarie curent, Viceprim-ministrul Cristina Lesnic a avut o \u00eentrevedere cu Ambasadorul SUA \u00een Republica Moldova, James Pettit.<\/p>\n<p>Ambasadorul a adresat felicit\u0103ri dnei Cristina Lesnic cu ocazia numirii \u00een pozi\u021bia de Viceprim-ministru responsabil de realizarea politicilor pentru reintegrare \u0219i a exprimat speran\u021ba realiz\u0103rii cu succes a obiectivelor trasate.<\/p>\n<p>Viceprim-ministrul a\u00a0 mul\u021bumit pentru activitatea pe care o desf\u0103\u0219oar\u0103 Ambasada SUA pe teritoriul RM, precum \u0219i pentru sprijinul acordat \u00een procesul de reglementare transnistrean\u0103.<\/p>\n<p>\u00cen cadrul \u00eentrevederii Vicepremierul a men\u021bionat priorit\u0103\u021bile propuse pentru anul 2018 \u0219i m\u0103surile ce vor fi \u00eentreprinse \u00een acest sens de c\u0103tre partea moldoveneasc\u0103, printre acestea reg\u0103sindu-se: implementarea \u00een\u021belegerilor convenite pe parcursul anului 2017, dinamizarea activit\u0103\u021bii \u00een platformele de dialog pentru reglementarea transnistrean\u0103, \u00een special a grupurilor de lucru sectoriale, aplicarea prevederilor DCFTA \u00een regiunea transnistrean\u0103, promovarea proiectelor favorabile intereselor popula\u021biei de pe ambele maluri ale Nistrului, asigurarea protec\u021biei drepturilor omului \u00een regiune \u0219i consolidarea capacit\u0103\u021bilor institu\u021bionale ale autorit\u0103\u021bilor responsabile de realizarea dezideratului de reintegrare a \u021b\u0103rii.<\/p>\n<p>Oficialii au f\u0103cut un schimb de opinii vizavi de posibilit\u0103\u021bile consolid\u0103rii cooper\u0103rii \u0219i sprijinirii procesului de reglementare \u0219i impulsion\u0103rii dialogului Chi\u0219in\u0103u \u2013 Tiraspol, fiind eviden\u021biat rolul primordial al SUA \u00een sus\u021binerea procesului de promovare a reformelor structurale de c\u0103tre autorit\u0103\u021bile RM \u0219i \u00een realizarea unor proiecte de interes comun.<\/p>\n<p>Sursa:<\/p>\n<p><a href=\"http:\/\/gov.md\/ro\/content\/intrevederea-viceprim-ministrului-cristina-lesnic-cu-ambasadorul-sua-republica-moldova-james\">http:\/\/gov.md\/ro\/content\/intrevederea-viceprim-ministrului-cristina-lesnic-cu-ambasadorul-sua-republica-moldova-james<\/a><\/p>\n","protected":false},"excerpt":{"rendered":"<p>Ast\u0103zi, 18 ianuarie curent, Viceprim-ministrul Cristina Lesnic a avut o \u00eentrevedere cu Ambasadorul SUA \u00een Republica Moldova, James Pettit. Ambasadorul a adresat felicit\u0103ri dnei Cristina Lesnic cu ocazia numirii \u00een pozi\u021bia de Viceprim-ministru responsabil de realizarea politicilor pentru reintegrare \u0219i a exprimat speran\u021ba realiz\u0103rii cu succes a obiectivelor trasate. Viceprim-ministrul a\u00a0 mul\u021bumit pentru activitatea pe&#8230;<\/p>\n","protected":false},"author":2,"featured_media":0,"comment_status":"closed","ping_status":"open","sticky":false,"template":"","format":"standard","meta":[],"categories":[1],"tags":[],"_links":{"self":[{"href":"https:\/\/centers.ulbsibiu.ro\/ccsprise\/lact\/wp-json\/wp\/v2\/posts\/4079"}],"collection":[{"href":"https:\/\/centers.ulbsibiu.ro\/ccsprise\/lact\/wp-json\/wp\/v2\/posts"}],"about":[{"href":"https:\/\/centers.ulbsibiu.ro\/ccsprise\/lact\/wp-json\/wp\/v2\/types\/post"}],"author":[{"embeddable":true,"href":"https:\/\/centers.ulbsibiu.ro\/ccsprise\/lact\/wp-json\/wp\/v2\/users\/2"}],"replies":[{"embeddable":true,"href":"https:\/\/centers.ulbsibiu.ro\/ccsprise\/lact\/wp-json\/wp\/v2\/comments?post=4079"}],"version-history":[{"count":1,"href":"https:\/\/centers.ulbsibiu.ro\/ccsprise\/lact\/wp-json\/wp\/v2\/posts\/4079\/revisions"}],"predecessor-version":[{"id":4080,"href":"https:\/\/centers.ulbsibiu.ro\/ccsprise\/lact\/wp-json\/wp\/v2\/posts\/4079\/revisions\/4080"}],"wp:attachment":[{"href":"https:\/\/centers.ulbsibiu.ro\/ccsprise\/lact\/wp-json\/wp\/v2\/media?parent=4079"}],"wp:term":[{"taxonomy":"category","embeddable":true,"href":"https:\/\/centers.ulbsibiu.ro\/ccsprise\/lact\/wp-json\/wp\/v2\/categories?post=4079"},{"taxonomy":"post_tag","embeddable":true,"href":"https:\/\/centers.ulbsibiu.ro\/ccsprise\/lact\/wp-json\/wp\/v2\/tags?post=4079"}],"curies":[{"name":"wp","href":"https:\/\/api.w.org\/{rel}","templated":true}]}}