{"id":4077,"date":"2018-01-19T08:46:53","date_gmt":"2018-01-19T06:46:53","guid":{"rendered":"https:\/\/centers.ulbsibiu.ro\/ccsprise\/lact\/?p=4077"},"modified":"2018-01-19T08:46:53","modified_gmt":"2018-01-19T06:46:53","slug":"gov-md-intrevederea-viceprim-ministrului-cristina-lesnic-cu-reprezentantul-special-al-ucrainei-in-procesul-de-negocieri-pentru-reglementarea-transnistreana-viktor-krijanovski-si-ambasadorul-ucrainei","status":"publish","type":"post","link":"https:\/\/centers.ulbsibiu.ro\/ccsprise\/lact\/gov-md-intrevederea-viceprim-ministrului-cristina-lesnic-cu-reprezentantul-special-al-ucrainei-in-procesul-de-negocieri-pentru-reglementarea-transnistreana-viktor-krijanovski-si-ambasadorul-ucrainei\/","title":{"rendered":"Gov.md &#8211; \u00centrevederea Viceprim-ministrului Cristina Lesnic cu Reprezentantul Special al Ucrainei \u00een procesul de negocieri pentru reglementarea transnistrean\u0103 Viktor Krijanovski \u0219i Ambasadorul Ucrainei \u00een Republica Moldova, E.S. Ivan Gnat\u00e2\u0219in"},"content":{"rendered":"<p>Ast\u0103zi, 18 ianuarie curent, Viceprim-ministrul, Cristina Lesnic a avut o \u00eentrevedere oficial\u0103 cu Reprezentantul Special al Ucrainei\u00a0\u00een procesul de negocieri pentru reglementarea transnistrean\u0103\u00a0 Viktor Krijanovski \u0219i Ambasadorul Ucrainei \u00een Republica Moldova, E.S. Ivan Gnat\u00e2\u0219in.<\/p>\n<p>Viceprim-ministrul a salutat\u00a0 \u0219i a mul\u021bumit pentru ini\u021biativa p\u0103r\u021bii ucrainene de a avea o vizit\u0103 de lucru menit\u0103 s\u0103 asigure continuarea dialogului \u0219i un schimb de opinii at\u00e2t pe dimensiunea bilateral\u0103 c\u00e2t \u0219i pe cea a reglement\u0103rii transnistrene.<\/p>\n<p>Reprezentantul special al Ucrainei a adus felicit\u0103ri Doamnei Cristina Lesnic cu ocazia \u00eenvestirii \u00een noua pozi\u021bie \u0219i a urat mult succes pe perioada mandatului \u00eencredin\u021bat.<\/p>\n<p>Oficialii au f\u0103cut un schimb de opinii cu privire la rezultatele ob\u021binute \u00een anul 2017 \u00een procesul de negocieri \u0219i priorit\u0103\u021bile pentru perioada imediat urm\u0103toare.<\/p>\n<p>\u00cen cadrul discu\u021biilor purtate, Vicepremierul Cristina Lesnic a men\u021bionat c\u0103 agenda de lucru urmeaz\u0103 s\u0103 fie concentrat\u0103 pe faza de implementare a deciziilor protocolare semnate \u00een anul 2017, punerea \u00een aplicare a \u00een\u021belegerilor stabilite \u00een protocoalele \u0219edin\u021belor formatului de negocieri \u201e5+2\u201d \u0219i \u00een Declara\u021bia Consiliului Ministerial al OSCE cu privire la negocierile \u00een procesul de reglementare transnistrean\u0103 din 08.12.2017, inclusiv pe abord\u0103ri orientate spre interesul cet\u0103\u021benilor, protec\u021bia drepturilor omului, aplicarea legii \u0219i asigurarea respect\u0103rii statului de drept.<\/p>\n<p>O component\u0103 distinct\u0103, dar important\u0103 \u021bine de implementarea DCFTA, pe \u00eentreg teritoriul \u021b\u0103rii ca parte component\u0103 a procesului de integrare european\u0103 \u0219i ca premis\u0103 pentru crearea mediului propice \u00eentru ridicarea nivelului de trai al popula\u021biei. De asemenea prioritare r\u0103m\u00e2n a fi promovarea m\u0103surilor de consolidare a \u00eencrederii \u00eentre ambele maluri ale r\u00e2ului Nistru, acestea urmeaz\u0103 a fi bazate pe dialog, buna \u00een\u021belegere \u0219i interesele constitu\u021bionale.<\/p>\n<p>Totodat\u0103, Doamna Cristina Lesnic a subliniat necesitatea continu\u0103rii negocierilor \u00een cadrul tuturor platformelor existente, mobilizarea eforturilor participan\u021bilor la dialog, sporirea calit\u0103\u021bii activit\u0103\u021bilor grupurilor de lucru sectoriale \u0219i eficientizarea comunic\u0103rii, men\u0163ion\u00e2nd c\u0103 Republica Moldova mizeaz\u0103 pe sprijinul Ucrainei \u00een acest sens.<\/p>\n<p>Discu\u021biile au fost purtate \u00een cadrul unui dialog deschis \u0219i constructiv.<\/p>\n<p>Sursa:<\/p>\n<p><a href=\"http:\/\/gov.md\/ro\/content\/intrevederea-viceprim-ministrului-cristina-lesnic-cu-reprezentantul-special-al-ucrainei\">http:\/\/gov.md\/ro\/content\/intrevederea-viceprim-ministrului-cristina-lesnic-cu-reprezentantul-special-al-ucrainei<\/a><\/p>\n","protected":false},"excerpt":{"rendered":"<p>Ast\u0103zi, 18 ianuarie curent, Viceprim-ministrul, Cristina Lesnic a avut o \u00eentrevedere oficial\u0103 cu Reprezentantul Special al Ucrainei\u00a0\u00een procesul de negocieri pentru reglementarea transnistrean\u0103\u00a0 Viktor Krijanovski \u0219i Ambasadorul Ucrainei \u00een Republica Moldova, E.S. Ivan Gnat\u00e2\u0219in. Viceprim-ministrul a salutat\u00a0 \u0219i a mul\u021bumit pentru ini\u021biativa p\u0103r\u021bii ucrainene de a avea o vizit\u0103 de lucru menit\u0103 s\u0103 asigure continuarea&#8230;<\/p>\n","protected":false},"author":2,"featured_media":0,"comment_status":"closed","ping_status":"open","sticky":false,"template":"","format":"standard","meta":[],"categories":[1],"tags":[],"_links":{"self":[{"href":"https:\/\/centers.ulbsibiu.ro\/ccsprise\/lact\/wp-json\/wp\/v2\/posts\/4077"}],"collection":[{"href":"https:\/\/centers.ulbsibiu.ro\/ccsprise\/lact\/wp-json\/wp\/v2\/posts"}],"about":[{"href":"https:\/\/centers.ulbsibiu.ro\/ccsprise\/lact\/wp-json\/wp\/v2\/types\/post"}],"author":[{"embeddable":true,"href":"https:\/\/centers.ulbsibiu.ro\/ccsprise\/lact\/wp-json\/wp\/v2\/users\/2"}],"replies":[{"embeddable":true,"href":"https:\/\/centers.ulbsibiu.ro\/ccsprise\/lact\/wp-json\/wp\/v2\/comments?post=4077"}],"version-history":[{"count":1,"href":"https:\/\/centers.ulbsibiu.ro\/ccsprise\/lact\/wp-json\/wp\/v2\/posts\/4077\/revisions"}],"predecessor-version":[{"id":4078,"href":"https:\/\/centers.ulbsibiu.ro\/ccsprise\/lact\/wp-json\/wp\/v2\/posts\/4077\/revisions\/4078"}],"wp:attachment":[{"href":"https:\/\/centers.ulbsibiu.ro\/ccsprise\/lact\/wp-json\/wp\/v2\/media?parent=4077"}],"wp:term":[{"taxonomy":"category","embeddable":true,"href":"https:\/\/centers.ulbsibiu.ro\/ccsprise\/lact\/wp-json\/wp\/v2\/categories?post=4077"},{"taxonomy":"post_tag","embeddable":true,"href":"https:\/\/centers.ulbsibiu.ro\/ccsprise\/lact\/wp-json\/wp\/v2\/tags?post=4077"}],"curies":[{"name":"wp","href":"https:\/\/api.w.org\/{rel}","templated":true}]}}