{"id":4072,"date":"2018-01-17T18:52:11","date_gmt":"2018-01-17T16:52:11","guid":{"rendered":"https:\/\/centers.ulbsibiu.ro\/ccsprise\/lact\/?p=4072"},"modified":"2018-01-17T18:52:11","modified_gmt":"2018-01-17T16:52:11","slug":"infotag-md-deputat-ucrainean-declaratiile-kremlinului-despre-sustinerea-integritatii-moldovei-sunt-o-minciuna","status":"publish","type":"post","link":"https:\/\/centers.ulbsibiu.ro\/ccsprise\/lact\/infotag-md-deputat-ucrainean-declaratiile-kremlinului-despre-sustinerea-integritatii-moldovei-sunt-o-minciuna\/","title":{"rendered":"Infotag.md &#8211; DEPUTAT UCRAINEAN: DECLARA\u0162IILE KREMLINULUI DESPRE SUS\u0162INEREA INTEGRIT\u0102\u0162II MOLDOVEI SUNT O MINCIUN\u0102"},"content":{"rendered":"<p>Orice declara\u0163ii ale Kremlinului despre sus\u0163inerea integrit\u0103\u0163ii teritoriale a Ucrainei, Georgiei \u015fi Moldovei sunt o minciun\u0103. Aceast\u0103 opinie a fost exprimat\u0103 pe re\u0163elele sociale de deputatul Radei Suprem a Ucrainei din partea partidului \u201eBlocul Petro Poro\u015fenko\u201d, Irina Friz.<\/p>\n<p>Potrivit agen\u0163iei INFOTAG, ea consider\u0103 c\u0103 Rusia folose\u0219te Tratatul de pace privind reglementarea conflictului armat \u00een regiunea transnistrean\u0103 a Moldovei pentru men\u021binerea conflictului \u00eenghe\u021bat.<\/p>\n<p>\u201eAnume conflictul \u00eenghe\u021bat permite Kremlinului s\u0103 exercite influen\u021b\u0103 asupra \u021b\u0103rilor proeuropene din spa\u021biul postsovietic. Kremlinul sper\u0103 c\u0103 conducerea marionet\u0103 a forma\u0163iunilor statale autoproclamate va fi o piedic\u0103 pentru cursul european al \u0163\u0103rilor, le va transforma \u00eentr-o zon\u0103 buffer\u201d, scrie politicianul, men\u0163ion\u00e2nd c\u0103 \u201e\u00eencurajarea separatismului reprezint\u0103 o tendin\u021b\u0103 periculoas\u0103 care amenin\u021b\u0103 \u00eentreaga Europ\u0103\u201d.<\/p>\n<p>Potrivit ei, Rusia folose\u0219te Transnistria nerecunoscut\u0103 \u015fi pentru a evita sanc\u021biunile europene.<\/p>\n<p>\u201eTiraspolul a primit acces la zona de comer\u0163 liber cu UE ca parte a Moldovei. \u00cens\u0103 conducerea RMN continu\u0103 s\u0103 discute planuri de integrare \u00een Rusia sau de dezvoltare a unui stat independent. Marfa rus\u0103 ajunge \u00een RMN, unde prime\u0219te \u201eorigine transnistrean\u0103\u201d \u0219i se export\u0103 \u00een Uniunea European\u0103\u201d, a men\u0163ionat Friz.<\/p>\n<p>Ea sus\u0163ine c\u0103 \u201eabordarea \u00een solu\u0163ionarea problemei transnistrene trebuie examinat\u0103 la nivel interna\u0163ional\u201d.<\/p>\n<p>\u201e\u00cen timp ce RMN ofer\u0103 Rusiei posibilitatea s\u0103 se foloseasc\u0103 de avantajele accesului pe pia\u0163a UE, Tiraspolul nu face nici un pas pentru demilitarizarea \u015fi retragerea contingentului rus de ocupa\u0163ie\u201d, a remarcat Friz, amintind c\u0103 \u201eTiraspolului i s-au propus de numeroase ori formate ale for\u021belor interna\u021bionale de men\u021binere a p\u0103cii sub mandat ONU, dar au fost respinse de marionetele transnistrene \u0219i de Kremlin\u201d.<\/p>\n<p>Sursa:<\/p>\n<p><a href=\"http:\/\/www.infotag.md\/politics-ro\/258208\/\">http:\/\/www.infotag.md\/politics-ro\/258208\/<\/a><\/p>\n","protected":false},"excerpt":{"rendered":"<p>Orice declara\u0163ii ale Kremlinului despre sus\u0163inerea integrit\u0103\u0163ii teritoriale a Ucrainei, Georgiei \u015fi Moldovei sunt o minciun\u0103. Aceast\u0103 opinie a fost exprimat\u0103 pe re\u0163elele sociale de deputatul Radei Suprem a Ucrainei din partea partidului \u201eBlocul Petro Poro\u015fenko\u201d, Irina Friz. Potrivit agen\u0163iei INFOTAG, ea consider\u0103 c\u0103 Rusia folose\u0219te Tratatul de pace privind reglementarea conflictului armat \u00een regiunea&#8230;<\/p>\n","protected":false},"author":2,"featured_media":0,"comment_status":"closed","ping_status":"open","sticky":false,"template":"","format":"standard","meta":[],"categories":[1],"tags":[],"_links":{"self":[{"href":"https:\/\/centers.ulbsibiu.ro\/ccsprise\/lact\/wp-json\/wp\/v2\/posts\/4072"}],"collection":[{"href":"https:\/\/centers.ulbsibiu.ro\/ccsprise\/lact\/wp-json\/wp\/v2\/posts"}],"about":[{"href":"https:\/\/centers.ulbsibiu.ro\/ccsprise\/lact\/wp-json\/wp\/v2\/types\/post"}],"author":[{"embeddable":true,"href":"https:\/\/centers.ulbsibiu.ro\/ccsprise\/lact\/wp-json\/wp\/v2\/users\/2"}],"replies":[{"embeddable":true,"href":"https:\/\/centers.ulbsibiu.ro\/ccsprise\/lact\/wp-json\/wp\/v2\/comments?post=4072"}],"version-history":[{"count":1,"href":"https:\/\/centers.ulbsibiu.ro\/ccsprise\/lact\/wp-json\/wp\/v2\/posts\/4072\/revisions"}],"predecessor-version":[{"id":4073,"href":"https:\/\/centers.ulbsibiu.ro\/ccsprise\/lact\/wp-json\/wp\/v2\/posts\/4072\/revisions\/4073"}],"wp:attachment":[{"href":"https:\/\/centers.ulbsibiu.ro\/ccsprise\/lact\/wp-json\/wp\/v2\/media?parent=4072"}],"wp:term":[{"taxonomy":"category","embeddable":true,"href":"https:\/\/centers.ulbsibiu.ro\/ccsprise\/lact\/wp-json\/wp\/v2\/categories?post=4072"},{"taxonomy":"post_tag","embeddable":true,"href":"https:\/\/centers.ulbsibiu.ro\/ccsprise\/lact\/wp-json\/wp\/v2\/tags?post=4072"}],"curies":[{"name":"wp","href":"https:\/\/api.w.org\/{rel}","templated":true}]}}