{"id":4068,"date":"2018-01-17T18:10:47","date_gmt":"2018-01-17T16:10:47","guid":{"rendered":"https:\/\/centers.ulbsibiu.ro\/ccsprise\/lact\/?p=4068"},"modified":"2018-01-17T18:10:47","modified_gmt":"2018-01-17T16:10:47","slug":"gov-md-o-delegatie-a-republicii-moldova-a-participat-la-o-reuniune-a-sub-comitetului-specializat-pe-conflicte-a-adunarii-parlamentare-a-consiliului-europei","status":"publish","type":"post","link":"https:\/\/centers.ulbsibiu.ro\/ccsprise\/lact\/gov-md-o-delegatie-a-republicii-moldova-a-participat-la-o-reuniune-a-sub-comitetului-specializat-pe-conflicte-a-adunarii-parlamentare-a-consiliului-europei\/","title":{"rendered":"Gov.md &#8211; O delega\u021bie a Republicii Moldova a participat la o reuniune a Sub-comitetului specializat pe conflicte a Adun\u0103rii Parlamentare a Consiliului Europei"},"content":{"rendered":"<p>O delega\u021bie a Republicii Moldova condus\u0103 de c\u0103tre Pre\u0219edintele frac\u021biunii parlamentare a Partidului Democrat Marian Lupu, compus\u0103 din Pre\u0219edintele frac\u021biunii parlamentare a Partidului comuni\u0219tilor Inna \u0218upac \u0219i \u0218eful Biroului politici de reintegrare Gheorghe B\u0103lan, a participat pe data de 16 ianuarie 2018, \u00een ora\u0219ul Paris, Fran\u021ba, la reuniunea Sub-comitetului din cadrul Comitetului de Monitorizare al Adun\u0103rii parlamentare a Consiliului Europei (APCE) privind conflictele dintre statele membre ale Consiliului Europei (CE).<\/p>\n<p>Lucr\u0103rile reuniunii \u00een cauz\u0103 au fost conduse de c\u0103tre pre\u0219edintele Sub-comitetului Stefan Schennach \u0219i au fost axate pe abordarea dimensiunii politice a procesului de reglementare transnistrean\u0103, cu implicarea \u00een procesul de discu\u021bii a ex-Reprezentantului Special al Pre\u0219edin\u021biei \u00een exerci\u021biu a OSCE pentru reglementarea conflictului transnistrean Wolf Dietrich Heim, Directorului general adjunct al Serviciului european de ac\u021biune extern\u0103 pentru Rusia, Parteneriatul Estic, Asia Central\u0103 \u0219i OSCE Luc Devigne, reprezentantului politic \u00een procesul de negocieri pentru reglementarea transnistrean\u0103 din partea Tiraspolului Vitalii Ignatiev, conduc\u0103torului a\u0219a-numitului soviet suprem din regiunea transnistrean\u0103 Alexandr \u0218cerba \u0219i a reprezentan\u021bilor societ\u0103\u021bii civile de pe ambele maluri ale Nistrului.<\/p>\n<p>Este de men\u021bionat faptul c\u0103, o ini\u021biativ\u0103 similar\u0103 a CE, cu inten\u021bia de a asigura \u0219i prezen\u021ba reprezentan\u021bilor Tiraspolului la lucr\u0103rile Sub-comitetului nominalizat din 21 septembrie 2015, nu a fost realizat\u0103 \u00een formatul preconizat.<\/p>\n<p>\u00cen cadrul evenimentului au fost trecute \u00een revist\u0103 evolu\u021biile recent \u00eenregistrate \u00een procesul de negocieri pentru reglementarea transnistrean\u0103, eforturile depuse de c\u0103tre Chi\u0219in\u0103u \u0219i Tiraspol pentru a avansa dialogul, ac\u021biunile pozitive \u00eentreprinse de c\u0103tre autorit\u0103\u021bile Republicii Moldova pentru a solu\u021biona cele mai stringente probleme cu care se confrunt\u0103 popula\u021bia din raioanele de est ale \u021b\u0103rii, precum \u0219i s-a efectuat un schimb de opinii \u0219i idei vis-a-vis de posibilitatea dinamiz\u0103rii procesului de reglementare, impulsion\u0103rii activit\u0103\u021bilor \u00een toate platformele de dialog existente \u0219i sporirii randamentului negocierilor.<\/p>\n<p>\u00cen procesul discu\u021biilor au fost prezentate priorit\u0103\u021bile Chi\u0219in\u0103ului \u0219i Tiraspolului pentru anul 2018 \u0219i ac\u021biunile ce urmeaz\u0103 a fi \u00eentreprinse \u00een acest sens. Delega\u021bia moldoveneasc\u0103 a men\u021bionat c\u0103 \u00een perioada urm\u0103toare vor fi depuse eforturi \u00een vederea men\u021binerii tuturor canalelor de dialog deschise \u0219i func\u021bionale, cu concentrarea pe procesul de implementare a \u00een\u021belegerilor agreate anterior \u0219i convenirea unor solu\u021bii pragmatice la celelalte subiecte actuale de pe agenda negocierilor, mobilizarea partenerilor externi \u00een vederea sprijinirii procesului de reglementare, ini\u021bierea unor noi m\u0103suri pozitive \u00een raport cu popula\u021bia de pe ambele maluri ale Nistrului, realizarea ac\u021biunilor menite s\u0103 asigure protec\u021bia drepturilor omului \u00een regiunea transnistrean\u0103.<\/p>\n<p>Amintim c\u0103 potrivit Deciziei de \u00eenfiin\u021bare a Sub-comitetului privind conflictele, reuniunile vizate constituie o platform\u0103 de discu\u021bie prin care sunt explorate principiile \u0219i standardele CE privind democra\u021bia, aplicarea legii \u0219i salvgardarea drepturilor omului. Sub-comitetul are drept ca scop s\u0103 faciliteze coordonarea \u0219i armonizarea abord\u0103rilor \u0219i nu s\u0103 livreze solu\u021bii alternative mecanismelor deja stabilite de solu\u021bionare a conflictului. De asemenea, Sub-comitetul are menirea de a sus\u021bine lucrul actorilor implica\u021bi \u00een proces \u00een vederea promov\u0103rii mecanismelor convenite.<\/p>\n<p>Sursa:<\/p>\n<p><a href=\"http:\/\/gov.md\/ro\/content\/o-delegatie-republicii-moldova-participat-la-o-reuniune-sub-comitetului-specializat-pe\">http:\/\/gov.md\/ro\/content\/o-delegatie-republicii-moldova-participat-la-o-reuniune-sub-comitetului-specializat-pe<\/a><\/p>\n","protected":false},"excerpt":{"rendered":"<p>O delega\u021bie a Republicii Moldova condus\u0103 de c\u0103tre Pre\u0219edintele frac\u021biunii parlamentare a Partidului Democrat Marian Lupu, compus\u0103 din Pre\u0219edintele frac\u021biunii parlamentare a Partidului comuni\u0219tilor Inna \u0218upac \u0219i \u0218eful Biroului politici de reintegrare Gheorghe B\u0103lan, a participat pe data de 16 ianuarie 2018, \u00een ora\u0219ul Paris, Fran\u021ba, la reuniunea Sub-comitetului din cadrul Comitetului de Monitorizare al&#8230;<\/p>\n","protected":false},"author":2,"featured_media":0,"comment_status":"closed","ping_status":"open","sticky":false,"template":"","format":"standard","meta":[],"categories":[1],"tags":[],"_links":{"self":[{"href":"https:\/\/centers.ulbsibiu.ro\/ccsprise\/lact\/wp-json\/wp\/v2\/posts\/4068"}],"collection":[{"href":"https:\/\/centers.ulbsibiu.ro\/ccsprise\/lact\/wp-json\/wp\/v2\/posts"}],"about":[{"href":"https:\/\/centers.ulbsibiu.ro\/ccsprise\/lact\/wp-json\/wp\/v2\/types\/post"}],"author":[{"embeddable":true,"href":"https:\/\/centers.ulbsibiu.ro\/ccsprise\/lact\/wp-json\/wp\/v2\/users\/2"}],"replies":[{"embeddable":true,"href":"https:\/\/centers.ulbsibiu.ro\/ccsprise\/lact\/wp-json\/wp\/v2\/comments?post=4068"}],"version-history":[{"count":1,"href":"https:\/\/centers.ulbsibiu.ro\/ccsprise\/lact\/wp-json\/wp\/v2\/posts\/4068\/revisions"}],"predecessor-version":[{"id":4069,"href":"https:\/\/centers.ulbsibiu.ro\/ccsprise\/lact\/wp-json\/wp\/v2\/posts\/4068\/revisions\/4069"}],"wp:attachment":[{"href":"https:\/\/centers.ulbsibiu.ro\/ccsprise\/lact\/wp-json\/wp\/v2\/media?parent=4068"}],"wp:term":[{"taxonomy":"category","embeddable":true,"href":"https:\/\/centers.ulbsibiu.ro\/ccsprise\/lact\/wp-json\/wp\/v2\/categories?post=4068"},{"taxonomy":"post_tag","embeddable":true,"href":"https:\/\/centers.ulbsibiu.ro\/ccsprise\/lact\/wp-json\/wp\/v2\/tags?post=4068"}],"curies":[{"name":"wp","href":"https:\/\/api.w.org\/{rel}","templated":true}]}}