{"id":4058,"date":"2018-01-14T18:05:59","date_gmt":"2018-01-14T16:05:59","guid":{"rendered":"https:\/\/centers.ulbsibiu.ro\/ccsprise\/lact\/?p=4058"},"modified":"2020-06-12T18:31:39","modified_gmt":"2020-06-12T16:31:39","slug":"europalibera-org-ion-tabarta-nu-avem-de-gand-sa-cedam-din-teritoriul-nostru-si-nici-din-suveranitatea-statului-r-moldova","status":"publish","type":"post","link":"https:\/\/centers.ulbsibiu.ro\/ccsprise\/lact\/europalibera-org-ion-tabarta-nu-avem-de-gand-sa-cedam-din-teritoriul-nostru-si-nici-din-suveranitatea-statului-r-moldova\/","title":{"rendered":"Europalibera.org &#8211; Ion T\u0103b\u00e2r\u021b\u0103: \u201eNu avem de g\u00e2nd s\u0103 ced\u0103m din teritoriul nostru \u0219i nici din suveranitatea statului R. Moldova\u201d"},"content":{"rendered":"<p>Interviu cu expertul de la Institutul pentru Dezvoltare \u0219i Ini\u021biative Sociale Viitorul.<\/p>\n<div>\n<div class=\"wsw\">\n<p><em>O subcomisie a Adun\u0103rii Parlamentare a Consiliului Europei va organiza la Paris mar<\/em><em>\u021b<\/em><em>i 16 ianuarie o mas\u0103 rotund\u0103 privind aspectele politice ale solu<\/em><em>\u021b<\/em><em>ion\u0103rii conflictului transnistrean, anun<\/em><em>\u021b<\/em><em>\u0103 site-un oficial al APCE. <\/em><em>Discu<\/em><em>\u021b<\/em><em>ia e organizat\u0103 de subcomisia pentru examinarea conflictelor dintre statele membre \u00een Consiliul Europei, <\/em><em>\u0219<\/em><em>i ea va fi purtat\u0103 \u00een absen<\/em><em>\u021b<\/em><em>a presei. \u201eAPCE este o platform\u0103 interna<\/em><em>\u021b<\/em><em>ional\u0103 important\u0103 <\/em><em>\u0219<\/em><em>i vreau ca acolo s\u0103 fie \u00eenc\u0103 o dat\u0103 auzite principiile independen<\/em><em>\u021b<\/em><em>ei noastre\u201d, a afirmat liderul administra<\/em><em>\u021b<\/em><em>iei separatiste de la Tiraspol Vadim Krasnoselski. \u00cen contextul evenimentului care va avea loc la Paris i-am solicitat o opinie lui Ion T\u0103b\u00e2r<\/em><em>\u021b<\/em><em>\u0103, expert al Institutului pentru Dezvoltare <\/em><em>\u0219<\/em><em>i Ini<\/em><em>\u021b<\/em><em>iative Sociale Viitorul.<\/em><\/p>\n<p><strong>Europa Liber\u0103: Cum aprecia<\/strong><strong>\u021b<\/strong><strong>i acest eveniment <\/strong><strong>\u0219<\/strong><strong>i cum v\u0103 explica<\/strong><strong>\u021b<\/strong><strong>i interesul manifestat de Adunarea Parlamentar\u0103 a Consiliului Europei?<\/strong><\/p>\n<p><strong>Ion T\u0103b\u00e2r<\/strong><strong>\u021b<\/strong><strong>\u0103: <\/strong>\u201eEste un eveniment destul de controversat. Practic, este un fel de deschidere pentru autorit\u0103\u021bile nerecunoscute de la Tiraspol, este o deschidere spre exterior. De fapt, anumite semnale de a\u0219a gen au fost \u0219i anul trecut. Ne aducem aminte de acea vizit\u0103 a autorit\u0103\u021bilor de acolo la Londra. Adic\u0103 este clar c\u0103, la nivel de diploma\u021bie informal\u0103, se lucreaz\u0103 pentru ca regiunea transnistrean\u0103 s\u0103 fie deschis\u0103 spre exterior \u0219i s\u0103 primeasc\u0103, cumva, un fel de reprezentare pe cont propriu \u00een anumite structuri interna\u021bionale. Ne aducem aminte \u0219i de acele eforturi ale diploma\u021biei Federa\u021biei Ruse de a ob\u021bine ca regiunea transnistrean\u0103 s\u0103 aib\u0103 statutul de observator \u00een cadrul Organiza\u021biilor Na\u021biunilor Unite. Dac\u0103 s\u0103 ne uit\u0103m la ambalajul acestei \u00eent\u00e2lniri, atunci participarea p\u0103r\u021bii transnistrene la acest eveniment este legat de semnarea acelor protocoale de la sf\u00e2r\u0219itul anului 2017, care au fost considerate un succes de propor\u021bii din ultima perioad\u0103. Iar acest lucru ar \u00eensemna, de fapt, o evolu\u021bie pozitiv\u0103 pentru Republica Moldova, pentru evolu\u021biile \u00een reglementarea conflictului transnistrean. Dar, de fapt, Republica Moldova trebuie s\u0103 fie foarte, foarte atent\u0103, pentru c\u0103 de multe ori,observatorii, partenerii externi au avut interesele lor \u00een reglementarea transnistrean\u0103, care nu au fost neap\u0103rat \u00een concordan\u021b\u0103 cu interesele Chi\u0219in\u0103ului. Partenerii externi au nevoie de evolu\u021bii pozitive \u0219i au nevoie ca acest conflict s\u0103 fie solu\u021bionat, nu neap\u0103rat cu respectarea intereselor Republicii Moldova. De aceea eu sper c\u0103 diploma\u021bia noastr\u0103 este preg\u0103tit\u0103, va fi capabil\u0103 s\u0103 fac\u0103 fa\u021b\u0103. Fostul negociator-\u0219ef, domnul B\u0103lan, \u00een anumite situa\u021bii a reu\u0219it s\u0103 spun\u0103 un \u201enu\u201d categoric unor presiuni venite din partea partenerilor de negocieri. Dar vom vedea pe c\u00e2t este preg\u0103tit\u0103 de aceste negocieri, de aceste discu\u021bii actualul, sau noul, negociator-\u0219ef din partea Chi\u0219in\u0103ului \u00een problematica transnistrean\u0103. Din ce am v\u0103zut, partea transnistrean\u0103, reprezentan\u021bii autorit\u0103\u021bilor nerecunoscute de acolo vor s\u0103 vin\u0103 cu serioase argumente care s\u0103 fortifice pozi\u021bia Tiraspolului privind a\u0219a-numita independen\u021b\u0103 a regiunii. \u00cen special, se vorbe\u0219te despre faptul c\u0103 va fi o argumentare istoric\u0103 foarte \u0219i foarte solid\u0103, pe care trebuie s\u0103 o prezinte domnul Scerba. Dar noi ne aducem aminte de anumite acroba\u021bii de ordin istoric anul trecut, prin care regiunea transnistrean\u0103 a \u00eencercat s\u0103-\u0219i argumenteze independen\u021ba prin faptul c\u0103, odat\u0103 ce Chi\u0219in\u0103ul a adoptat Declara\u021bia de Suveranitate din 23 iunie 1990, \u00een a\u0219a mod s-au anulat acele prevederi din 2 august 1940, c\u00e2nd a fost creat\u0103 Republica Sovietic\u0103 Socialist\u0103 Moldoveneasc\u0103. Adic\u0103 vor fi argumente istorice aberante de a\u0219a gen. Iar eu sper c\u0103 Chi\u0219in\u0103ul va \u0219ti ce s\u0103 argumenteze pentru a combate aceste falsuri, inclusiv istorice, care vor veni din partea Tiraspolului.\u201d<\/p>\n<p><strong>Europa Liber\u0103: Exact asta vroiam s\u0103 v\u0103 \u00eentreb: cum apar autorit\u0103<\/strong><strong>\u021b<\/strong><strong>ile de la Chi<\/strong><strong>\u0219<\/strong><strong>in\u0103u \u00een contextul unor asemenea discu<\/strong><strong>\u021b<\/strong><strong>ii, mai ales acum, dup\u0103 aceast\u0103 schimbare despre care a<\/strong><strong>\u021b<\/strong><strong>i amintit <\/strong><strong>\u0219<\/strong><strong>i dumneavoastr\u0103, c\u00e2nd domnul Gheorghe B\u0103lan, care avea o experien<\/strong><strong>\u021b<\/strong><strong>\u0103 foarte bun\u0103 \u00een domeniu, a fost \u00eenlocuit cu doamna Lesnic, de la Ministerul de Interne, care are ceva experien<\/strong><strong>\u021b<\/strong><strong>\u0103 \u00een domeniul rela<\/strong><strong>\u021b<\/strong><strong>iilor cu Uniunea European\u0103 <\/strong><strong>\u0219<\/strong><strong>i al regimului de vize, dar mai pu<\/strong><strong>\u021b<\/strong><strong>in \u00een problematica transnistrean\u0103. Exist\u0103 preg\u0103tirea necesar\u0103 pentru a face fa<\/strong><strong>\u021b<\/strong><strong>\u0103 unor specula<\/strong><strong>\u021b<\/strong><strong>ii destul de abile la care se preteaz\u0103 Tiraspolul de obicei?<\/strong><\/p>\n<p><strong>Ion T\u0103b\u00e2r<\/strong><strong>\u021b<\/strong><strong>\u0103: <\/strong>\u201eDa, dac\u0103 s\u0103 ne referim la procesul de negociere, orice persoan\u0103 care trebuie s\u0103 aib\u0103 dou\u0103 calit\u0103\u021bi pentru a face fa\u021b\u0103 unei astfel de situa\u021bii: prima este s\u0103 cunoasc\u0103 foarte bine dosarul, \u00een cazul dat &#8211; dosarul transnistrean desigur, \u0219i a doua &#8211; s\u0103 aib\u0103 experien\u021b\u0103 de negociator. Domnul B\u0103lan avea \u0219i una, \u0219i alta: cuno\u0219tea \u00een mici detalii din dosarul transnistrean, plus, nu o singur\u0103 dat\u0103, p\u00e2n\u0103 chiar a deveni negociator-\u0219ef, a participat la negocieri. Referitor la doamna Lesnic, nu \u0219tim deocamdat\u0103 c\u00e2t de bine cunoa\u0219te dumneaei dosarul transnistrean. Vreau s\u0103 cred c\u0103, \u00eentre timp, l-a studiat foarte \u0219i foarte bine. \u00cens\u0103 referitor la a doua component\u0103 este cert c\u0103 dumneaei nu are niciun fel de experien\u021b\u0103 \u00een a negocia dosarul transnistrean. Ori aici \u00eentr-adev\u0103r, cumva, face \u0219i Chi\u0219in\u0103ul, cel pu\u021bin \u00een aparen\u021b\u0103, s\u0103 par\u0103 vulnerabil. Dar bine, acestea sunt doar anumite precondi\u021bii. Deja anumite rezultate mai concrete le vom vedea dup\u0103 ce se va desf\u0103\u0219ura acest eveniment.\u201d<\/p>\n<p><strong>Europa Liber\u0103: Domnule T\u0103b\u00e2r<\/strong><strong>\u021b<\/strong><strong>\u0103, de ce crede<\/strong><strong>\u021b<\/strong><strong>i dumneavoastr\u0103 c\u0103 ar avea nevoie Tiraspolul de aceast\u0103 deschidere c\u0103tre Occident <\/strong><strong>\u0219<\/strong><strong>i Uniunea European\u0103 \u2013 vedem c\u0103 \u00eencearc\u0103 s\u0103 fie tot mai prezent pe agenda discu<\/strong><strong>\u021b<\/strong><strong>iilor <\/strong><strong>\u0219<\/strong><strong>i are <\/strong><strong>\u0219<\/strong><strong>i \u00eent\u00e2lniri tot mai ales cu ambasadori ai statelor occidentale \u2013 dac\u0103 declar\u0103 mereu c\u0103 se orienteaz\u0103 c\u0103tre Federa<\/strong><strong>\u021b<\/strong><strong>ia Rus\u0103?<\/strong><\/p>\n<p><strong>Ion T\u0103b\u00e2r\u021b<\/strong><strong>\u0103: <\/strong>\u201eAici, de fapt, trebuie s\u0103 lu\u0103m \u00een calcul schimb\u0103rile geopolitice care au intervenit dup\u0103 criza ucrainean\u0103 din 2014, ceea ce a limitat foarte mult contactele directe dintre Tiraspol \u0219i Moscova. \u00cen plus, dup\u0103 aceast\u0103 criz\u0103 din Ucraina, Federa\u021bia Rus\u0103 are probleme economice pentru a sus\u021bine \u0219i a alimenta \u00een continuare regimul neconstitu\u021bional de la Tiraspol. \u0218i de aici deriv\u0103 importan\u021ba major\u0103 a substratului economic al acestor discu\u021bii. Cunoa\u0219tem foarte bine c\u0103 regiunea transnistrean\u0103, dup\u0103 2014, se afl\u0103 \u00eentr-o criz\u0103 economic\u0103 profund\u0103, iar DCFTA, rela\u021biile cu Uniunea European\u0103 ar fi acel colac de salvare \u0219i ie\u0219ire din aceast\u0103 situa\u021bie pentru a putea face fa\u021b\u0103 problemelor economice. Ori, dac\u0103 s\u0103 ne uit\u0103m la condi\u021biile privind aplicabilitatea DCFTA pe \u00eentreg teritoriul Republicii Moldova, inclusiv \u00een regiunea transnistrean\u0103, de la finele anului 2015 Tiraspolul trebuie s\u0103 se deschid\u0103 economic c\u0103tre Chi\u0219in\u0103u. Ori autorit\u0103\u021bile neconstitu\u021bionale de acolo nu doresc acest lucru. De aici acest activism al lor, de a juca c\u00e2t mai mult pe cont propriu \u0219i de a ocoli Chi\u0219in\u0103ul.\u201d<\/p>\n<p><strong>Europa Liber\u0103: <\/strong><strong>\u0218<\/strong><strong>i sugestia dumneavoastr\u0103 care ar fi pentru partenerii occidentali ai Republicii Moldova, care, probabil, au un interes firesc de a \u00een<\/strong><strong>\u021b<\/strong><strong>elege ce se \u00eent\u00e2mpl\u0103 \u00een reglementarea transnistrean\u0103? Cum ar trebui s\u0103 ac<\/strong><strong>\u021b<\/strong><strong>ioneze ace<\/strong><strong>\u0219<\/strong><strong>tia \u00een a<\/strong><strong>\u0219<\/strong><strong>a fel \u00eenc\u00e2t s\u0103 nu accentueze <\/strong><strong>\u0219<\/strong><strong>i mai mult tendin<\/strong><strong>\u021b<\/strong><strong>ele separatiste de pe malul st\u00e2ng al Nistrului?<\/strong><\/p>\n<p><strong>Ion T\u0103b\u00e2r<\/strong><strong>\u021b<\/strong><strong>\u0103: <\/strong>\u201eChi\u0219in\u0103ul trebuie s\u0103 spun\u0103 partenerilor occidentali c\u0103, de fapt, Tiraspolul sau regiunea transnistrean\u0103 este parte component\u0103 a Republicii Moldova, iar orice contacte interna\u021bionale ale Tiraspolului trebuie s\u0103 mearg\u0103 via Chi\u0219in\u0103u. Dar \u0219i faptul c\u0103 orice ocoliri a Chi\u0219in\u0103ului \u00een rela\u021biile regiunii transnistrene cu exteriorul de fapt este o \u00eenc\u0103lcare a normelor constitu\u021bionale ale Republicii Moldova \u0219i nu respect\u0103 interesele ei na\u021bionale.\u201d<\/p>\n<p><strong>Europa Liber\u0103: <\/strong><strong>\u0218<\/strong><strong>i partenerii interna<\/strong><strong>\u021b<\/strong><strong>ionali cum ar trebui s\u0103 reac<\/strong><strong>\u021b<\/strong><strong>ioneze la aceste demersuri?<\/strong><\/p>\n<p><strong>Ion T\u0103b\u00e2r<\/strong><strong>\u021b<\/strong><strong>\u0103: <\/strong>\u201ePartenerii externi au de fapt interesele lor, acest lucru s-a v\u0103zut foarte clar legat de subiectul pl\u0103cu\u021belor, spre exemplu. \u00cens\u0103 noi trebuie s\u0103 ne argument\u0103m foarte clar pozi\u021bia noastr\u0103 \u0219i s\u0103 spunem foarte clar c\u0103 noi nu avem de g\u00e2nd s\u0103 ced\u0103m din teritoriul nostru \u0219i din normele constitu\u021bionale sau din &#8211; poate suna destul de patetic &#8211; din suveranitatea statului Republica Moldova. Dac\u0103 nu de facto, cel pu\u021bin de jure.\u201d<\/p>\n<p>Sursa:<\/p>\n<p><a href=\"https:\/\/www.europalibera.org\/a\/interviu-cu-ion-tabarata-lina-grau\/28974584.html\">https:\/\/www.europalibera.org\/a\/interviu-cu-ion-tabarata-lina-grau\/28974584.html<\/a><\/p>\n<\/div>\n<\/div>\n","protected":false},"excerpt":{"rendered":"<p>Interviu cu expertul de la Institutul pentru Dezvoltare \u0219i Ini\u021biative Sociale Viitorul. O subcomisie a Adun\u0103rii Parlamentare a Consiliului Europei va organiza la Paris mar\u021bi 16 ianuarie o mas\u0103 rotund\u0103 privind aspectele politice ale solu\u021bion\u0103rii conflictului transnistrean, anun\u021b\u0103 site-un oficial al APCE. Discu\u021bia e organizat\u0103 de subcomisia pentru examinarea conflictelor dintre statele membre \u00een Consiliul&#8230;<\/p>\n","protected":false},"author":2,"featured_media":0,"comment_status":"closed","ping_status":"open","sticky":false,"template":"","format":"standard","meta":[],"categories":[1],"tags":[],"_links":{"self":[{"href":"https:\/\/centers.ulbsibiu.ro\/ccsprise\/lact\/wp-json\/wp\/v2\/posts\/4058"}],"collection":[{"href":"https:\/\/centers.ulbsibiu.ro\/ccsprise\/lact\/wp-json\/wp\/v2\/posts"}],"about":[{"href":"https:\/\/centers.ulbsibiu.ro\/ccsprise\/lact\/wp-json\/wp\/v2\/types\/post"}],"author":[{"embeddable":true,"href":"https:\/\/centers.ulbsibiu.ro\/ccsprise\/lact\/wp-json\/wp\/v2\/users\/2"}],"replies":[{"embeddable":true,"href":"https:\/\/centers.ulbsibiu.ro\/ccsprise\/lact\/wp-json\/wp\/v2\/comments?post=4058"}],"version-history":[{"count":1,"href":"https:\/\/centers.ulbsibiu.ro\/ccsprise\/lact\/wp-json\/wp\/v2\/posts\/4058\/revisions"}],"predecessor-version":[{"id":4059,"href":"https:\/\/centers.ulbsibiu.ro\/ccsprise\/lact\/wp-json\/wp\/v2\/posts\/4058\/revisions\/4059"}],"wp:attachment":[{"href":"https:\/\/centers.ulbsibiu.ro\/ccsprise\/lact\/wp-json\/wp\/v2\/media?parent=4058"}],"wp:term":[{"taxonomy":"category","embeddable":true,"href":"https:\/\/centers.ulbsibiu.ro\/ccsprise\/lact\/wp-json\/wp\/v2\/categories?post=4058"},{"taxonomy":"post_tag","embeddable":true,"href":"https:\/\/centers.ulbsibiu.ro\/ccsprise\/lact\/wp-json\/wp\/v2\/tags?post=4058"}],"curies":[{"name":"wp","href":"https:\/\/api.w.org\/{rel}","templated":true}]}}