{"id":4052,"date":"2018-01-12T20:22:44","date_gmt":"2018-01-12T18:22:44","guid":{"rendered":"https:\/\/centers.ulbsibiu.ro\/ccsprise\/lact\/?p=4052"},"modified":"2018-01-12T20:22:44","modified_gmt":"2018-01-12T18:22:44","slug":"tvrmoldova-md-tiraspolul-va-continua-exportul-spre-ue-pana-la-sfarsitul-anului-2018","status":"publish","type":"post","link":"https:\/\/centers.ulbsibiu.ro\/ccsprise\/lact\/tvrmoldova-md-tiraspolul-va-continua-exportul-spre-ue-pana-la-sfarsitul-anului-2018\/","title":{"rendered":"Tvrmoldova.md &#8211; Tiraspolul va continua exportul spre UE p\u00e2n\u0103 la sf\u00e2r\u015fitul anului 2018"},"content":{"rendered":"<p class=\"digest\">Rela\u0163iile str\u00e2nse cu Uniunea European\u0103 sporesc \u015fi interesul investitorilor ru\u015fi pentru Transnistria. Declara\u0163ia apar\u0163ine a\u015fa numitului ministru al Dezvolt\u0103rii Economice din regiune, Serghei Obolonik. Potrivit lui, acordul Tiraspolului cu partenerii europeni, privind regimul preferen\u0163ial de comer\u0163 cu UE, a fost prelungit p\u00e2n\u0103 la sf\u00e2r\u015fitul anului 2018.<\/p>\n<div class=\"content\">Oficialul a declarat, \u00een cadrul unei emisiuni, c\u0103 pia\u0163a european\u0103 este important\u0103 pentru industriile metalurgic\u0103, textil\u0103, a \u00eenc\u0103l\u0163\u0103mintei, dar \u015fi pentru domeniul vinicol din regiunea separatist\u0103.<\/p>\n<p>Serghei Obolinik a men\u0163ionat c\u0103 pe pia\u0163a UE ajung &#8220;aproximativ 40% din totalul exporturilor din regiune&#8221;, de aceea se caut\u0103 oportunit\u0103\u0163i de participare la DCFTA, f\u0103r\u0103 a intra \u00een conflict cu interesele Tiraspolului.<br \/>\nAcesta mai admite c\u0103, pentru a men\u0163ine regimul preferen\u0163ial, regiunea transnistrean\u0103 a trebuit s\u0103 \u00eendeplineasc\u0103 o serie de condi\u0163ii, precum reducerea la zero a taxelor vamale la importul anumitor m\u0103rfuri din UE \u015fi reglementarea problemelor de control fitosanitar.<\/p><\/div>\n<div><\/div>\n<div>Sursa:<\/div>\n<div><a href=\"http:\/\/tvrmoldova.md\/politic\/video-tiraspolul-va-continua-exportul-spre-ue-pana-la-sfarsitul-anului-2018\/\">http:\/\/tvrmoldova.md\/politic\/video-tiraspolul-va-continua-exportul-spre-ue-pana-la-sfarsitul-anului-2018\/<\/a><\/div>\n","protected":false},"excerpt":{"rendered":"<p>Rela\u0163iile str\u00e2nse cu Uniunea European\u0103 sporesc \u015fi interesul investitorilor ru\u015fi pentru Transnistria. Declara\u0163ia apar\u0163ine a\u015fa numitului ministru al Dezvolt\u0103rii Economice din regiune, Serghei Obolonik. Potrivit lui, acordul Tiraspolului cu partenerii europeni, privind regimul preferen\u0163ial de comer\u0163 cu UE, a fost prelungit p\u00e2n\u0103 la sf\u00e2r\u015fitul anului 2018. Oficialul a declarat, \u00een cadrul unei emisiuni, c\u0103 pia\u0163a&#8230;<\/p>\n","protected":false},"author":2,"featured_media":0,"comment_status":"closed","ping_status":"open","sticky":false,"template":"","format":"standard","meta":[],"categories":[1],"tags":[],"_links":{"self":[{"href":"https:\/\/centers.ulbsibiu.ro\/ccsprise\/lact\/wp-json\/wp\/v2\/posts\/4052"}],"collection":[{"href":"https:\/\/centers.ulbsibiu.ro\/ccsprise\/lact\/wp-json\/wp\/v2\/posts"}],"about":[{"href":"https:\/\/centers.ulbsibiu.ro\/ccsprise\/lact\/wp-json\/wp\/v2\/types\/post"}],"author":[{"embeddable":true,"href":"https:\/\/centers.ulbsibiu.ro\/ccsprise\/lact\/wp-json\/wp\/v2\/users\/2"}],"replies":[{"embeddable":true,"href":"https:\/\/centers.ulbsibiu.ro\/ccsprise\/lact\/wp-json\/wp\/v2\/comments?post=4052"}],"version-history":[{"count":1,"href":"https:\/\/centers.ulbsibiu.ro\/ccsprise\/lact\/wp-json\/wp\/v2\/posts\/4052\/revisions"}],"predecessor-version":[{"id":4053,"href":"https:\/\/centers.ulbsibiu.ro\/ccsprise\/lact\/wp-json\/wp\/v2\/posts\/4052\/revisions\/4053"}],"wp:attachment":[{"href":"https:\/\/centers.ulbsibiu.ro\/ccsprise\/lact\/wp-json\/wp\/v2\/media?parent=4052"}],"wp:term":[{"taxonomy":"category","embeddable":true,"href":"https:\/\/centers.ulbsibiu.ro\/ccsprise\/lact\/wp-json\/wp\/v2\/categories?post=4052"},{"taxonomy":"post_tag","embeddable":true,"href":"https:\/\/centers.ulbsibiu.ro\/ccsprise\/lact\/wp-json\/wp\/v2\/tags?post=4052"}],"curies":[{"name":"wp","href":"https:\/\/api.w.org\/{rel}","templated":true}]}}