{"id":4044,"date":"2018-01-12T19:07:17","date_gmt":"2018-01-12T17:07:17","guid":{"rendered":"https:\/\/centers.ulbsibiu.ro\/ccsprise\/lact\/?p=4044"},"modified":"2018-01-12T19:07:17","modified_gmt":"2018-01-12T17:07:17","slug":"europalibera-org-franco-frattini-este-noul-reprezentant-special-al-presedintiei-in-exercitiu-a-osce-pentru-reglementarea-transnistreana","status":"publish","type":"post","link":"https:\/\/centers.ulbsibiu.ro\/ccsprise\/lact\/europalibera-org-franco-frattini-este-noul-reprezentant-special-al-presedintiei-in-exercitiu-a-osce-pentru-reglementarea-transnistreana\/","title":{"rendered":"Europalibera.org &#8211; Franco Frattini este noul reprezentant special al pre\u0219edin\u021biei \u00een exerci\u021biu a OSCE pentru reglementarea transnistrean\u0103"},"content":{"rendered":"<p>Noul reprezentant special pentru reglementarea transnistrean\u0103 al pre\u0219edin\u021biei \u00een exerci\u021biu a OSCE este fostul ministru italian de Externe, Franco Frattini, fost vicepre\u0219edinte al Comisiei Europene. Acesta a declarat dup\u0103 numirea sa \u00een func\u021bie c\u0103 mizeaz\u0103 pe un rol pozitiv al Rusiei \u00een reglementarea transnistrean\u0103 \u0219i pe o bun\u0103 cooperare cu Moscova \u0219i cu ministrul rus de Externe, Serghei Lavrov, subliniind c\u0103 acesta este un bun prieten de-al s\u0103u.<\/p>\n<p>\u00centr-un interviu acordat agen\u021biei ruse de \u0219tiri <em>Ria Novosti<\/em>, Frattini a spus c\u0103 \u00een viitorul apropiat va vorbi la telefon cu oficialii de la Moscova pentru a coordona priorit\u0103\u021bile pre\u0219edin\u021biei OSCE, pe care Italia o de\u021bine \u00een 2018. \u201eAutorit\u0103\u021bile ruse joac\u0103, indiscutabil, un rol primordial \u00een reglementarea transnistrean\u0103\u201d, a spus Frattini.<\/p>\n<p>\u00cen opinia sa, \u00een viitorul apropiat se poate ajunge la solu\u021bii \u00een cel pu\u021bin dou\u0103 chestiuni sensibile de pe masa de negocieri \u2013 pl\u0103cu\u021bele de \u00eenmatriculare pentru ma\u0219inile transnistrene \u0219i libertatea de circula\u021bie. Pentru prima problem\u0103 Frattini propune modelul italian, aplicat provinciei autonome Bolzano. \u201eSimbolul acestei regiuni apare pe pl\u0103cu\u021bele ma\u0219inilor \u00eenmatriculate \u00een provincia respectiv\u0103. Un astfel de simbol al Transnistriei ar putea ap\u0103rea pe ma\u0219inile moldovene\u0219ti \u0219i \u00een felul acesta ar fi recognoscibile pentru cet\u0103\u021beni\u201d, a declarat Frattini pentru <em>Ria Novosti<\/em>.<\/p>\n<p>Anul trecut, pre\u0219edin\u021bia \u00een exerci\u021biu a OSCE a fost de\u021binut\u0103 de Austria. La sf\u00e2r\u0219itul anului au fost semnate \u00een\u021belegeri \u00een cinci dintre problemele care au tensionat rela\u021bia dintre Chi\u015fin\u0103u \u0219i Tiraspol \u00een ultimele decenii \u2013 deschiderea podului de la Gura-B\u00eecului, reglementarea situa\u021biei fermierilor moldoveni care au terenuri \u00een regiunea transnistrean\u0103, activitatea \u0219colilor cu predare \u00een grafia latin\u0103, apostilarea diplomelor de studii transnistrene \u0219i asigurarea leg\u0103turilor telefonice fixe \u0219i mobile \u00eentre cele dou\u0103 maluri ale Nistrului. Mai mul\u021bi exper\u021bi de la Chi\u0219in\u0103u au apreciat atunci c\u0103 aceste \u00een\u021belegeri au fost posibile \u00een urma unor \u00een\u021belegeri din culise a oligarhilor de la Chi\u015fin\u0103u \u0219i Tiraspol \u2013 liderul PD, Vladimir Plahotniuc \u0219i \u0219eful holdingului Sheriff, Victor Gu\u0219an.<\/p>\n<p>Sursa:<\/p>\n<p>https:\/\/www.europalibera.org\/a\/28971218.html<\/p>\n","protected":false},"excerpt":{"rendered":"<p>Noul reprezentant special pentru reglementarea transnistrean\u0103 al pre\u0219edin\u021biei \u00een exerci\u021biu a OSCE este fostul ministru italian de Externe, Franco Frattini, fost vicepre\u0219edinte al Comisiei Europene. Acesta a declarat dup\u0103 numirea sa \u00een func\u021bie c\u0103 mizeaz\u0103 pe un rol pozitiv al Rusiei \u00een reglementarea transnistrean\u0103 \u0219i pe o bun\u0103 cooperare cu Moscova \u0219i cu ministrul rus&#8230;<\/p>\n","protected":false},"author":2,"featured_media":0,"comment_status":"closed","ping_status":"open","sticky":false,"template":"","format":"standard","meta":[],"categories":[1],"tags":[],"_links":{"self":[{"href":"https:\/\/centers.ulbsibiu.ro\/ccsprise\/lact\/wp-json\/wp\/v2\/posts\/4044"}],"collection":[{"href":"https:\/\/centers.ulbsibiu.ro\/ccsprise\/lact\/wp-json\/wp\/v2\/posts"}],"about":[{"href":"https:\/\/centers.ulbsibiu.ro\/ccsprise\/lact\/wp-json\/wp\/v2\/types\/post"}],"author":[{"embeddable":true,"href":"https:\/\/centers.ulbsibiu.ro\/ccsprise\/lact\/wp-json\/wp\/v2\/users\/2"}],"replies":[{"embeddable":true,"href":"https:\/\/centers.ulbsibiu.ro\/ccsprise\/lact\/wp-json\/wp\/v2\/comments?post=4044"}],"version-history":[{"count":1,"href":"https:\/\/centers.ulbsibiu.ro\/ccsprise\/lact\/wp-json\/wp\/v2\/posts\/4044\/revisions"}],"predecessor-version":[{"id":4045,"href":"https:\/\/centers.ulbsibiu.ro\/ccsprise\/lact\/wp-json\/wp\/v2\/posts\/4044\/revisions\/4045"}],"wp:attachment":[{"href":"https:\/\/centers.ulbsibiu.ro\/ccsprise\/lact\/wp-json\/wp\/v2\/media?parent=4044"}],"wp:term":[{"taxonomy":"category","embeddable":true,"href":"https:\/\/centers.ulbsibiu.ro\/ccsprise\/lact\/wp-json\/wp\/v2\/categories?post=4044"},{"taxonomy":"post_tag","embeddable":true,"href":"https:\/\/centers.ulbsibiu.ro\/ccsprise\/lact\/wp-json\/wp\/v2\/tags?post=4044"}],"curies":[{"name":"wp","href":"https:\/\/api.w.org\/{rel}","templated":true}]}}