{"id":4042,"date":"2018-01-12T19:02:31","date_gmt":"2018-01-12T17:02:31","guid":{"rendered":"https:\/\/centers.ulbsibiu.ro\/ccsprise\/lact\/?p=4042"},"modified":"2018-01-12T19:02:31","modified_gmt":"2018-01-12T17:02:31","slug":"adevarul-ro-vadim-krasnoselskii-despre-participarea-tiraspolului-la-apce-retorica-noastra-nu-s-a-schimbat-vom-vorbi-despre-independenta","status":"publish","type":"post","link":"https:\/\/centers.ulbsibiu.ro\/ccsprise\/lact\/adevarul-ro-vadim-krasnoselskii-despre-participarea-tiraspolului-la-apce-retorica-noastra-nu-s-a-schimbat-vom-vorbi-despre-independenta\/","title":{"rendered":"Adevarul.ro &#8211; Vadim Krasnoselskii, despre participarea Tiraspolului la APCE: Retorica noastr\u0103 nu s-a schimbat. Vom vorbi despre independen\u0163\u0103"},"content":{"rendered":"<p>Liderul de la Tiraspol, Vadim Krasnoselskii, a desf\u0103\u015furat o \u015fedin\u0163\u0103 de lucru joi, 11 ianuarie, cu delega\u0163ia din Transnistria care va participa pe 16 ianuarie, la Paris, la activitatea subcomitetului Adun\u0103rii Parlamentare a Consiliului Europei (APCE) pentru conflicte.<\/p>\n<p>Delega\u0163ia respectiv\u0103 va fi condus\u0103 de c\u0103tre a\u015fa-numitul ministru de Externe, Vitalie Ignatiev, \u015fi de c\u0103tre pre\u015fedintele Parlamentului nerecunoscut de la Tiraspol, Alexandr \u015eerba.<\/p>\n<p>Subiectul discu\u0163iilor de la Paris se va axa pe situa\u0163ia procesului de negocieri dintre Chi\u015fin\u0103u \u015fi Tiraspol. \u015eedin\u0163a va avea loc cu u\u015file \u00eenchise. Pe l\u00e2ng\u0103 reprezentan\u0163ii Transnistriei, la ea vor participa \u015fi cei ai Chi\u015fin\u0103ului, dar \u015fi reprezentan\u0163ii OSCE, informeaz\u0103 serviciul de pres\u0103 al \u201e<a href=\"http:\/\/president.gospmr.org\/press-sluzhba\/novosti\/glava-gosudarstva-provel-soveschanie-po-podgotovke-k-uchastiyu-pridnestrovskoy-delegatsii-v-zasedanii-odnogo-iz-rabochih-organov-pase.html\" target=\"_blank\" rel=\"noopener\">Pre\u015fedin\u0163iei<\/a>\u201d de la Tiraspol.<\/p>\n<p>Vadim Krasnoselskii a subliniat importan\u0163a prezent\u0103rii pozi\u0163iei administra\u0163iie din st\u00e2nga Nistrului pe toate platformele posibile, preciz\u00e2nd c\u0103 anul 2017 a fost unul destul de productiv \u00een acest sens. El a amintit c\u0103 reprezentan\u0163ii Trasnsnistriei au avut ocazia s\u0103 ia parte la diferite evenimente, organizate la Londra, Tel-Aviv, Moscova, Roma, Geneva \u015fi Bruxelles.<\/p>\n<p>\u201eDeschiderea sezonului politicii externe pe o platform\u0103 at\u00e2t de important\u0103 precum este APCE, spune despre actualitatea problemei reglement\u0103rii moldo-transnistrene \u015fi confirm\u0103 c\u0103 eforturile Transnistriei privind activizarea acestei probleme aduc roade reale\u201d, a men\u0163ionat Krasnoselskii.<\/p>\n<p>Vadim Krasnoselskii a spus c\u0103, indiferent de platforma de discu\u0163ii la care particip\u0103 reprezentan\u0163ii Transnistriei, retorica acestora nu se schimb\u0103: \u201eNoi \u00eentotdeauna vorbim despre independen\u0163\u0103\u201d, subliniind c\u0103 \u201edirec\u0163ia strategic\u0103 spre Federa\u0163ia Rus\u0103 nu a fost schimbat\u0103\u201d.<\/p>\n<p>\u201eEu vreau ca voi (Vitalie Ignatiev \u015fi Alexandr \u015eerba) \u00eenc\u0103 o dat\u0103 s\u0103 vocifera\u0163i principiile independen\u0163ei noastre. Ast\u0103zi nu e timpul potrivit pentru a vorbi despre dialog politic, pentru c\u0103 nici Moldova, nici Transnistria nu sunt preg\u0103tite pentru asta. Deocamdat\u0103, trebuie s\u0103 vorbim despre probleme concrete de care depinde via\u0163a oamenilor\u201d, a declarat \u201epre\u015fedintele\u201d din st\u00e2nga Nistrului.<\/p>\n<p>El \u015fi-a exprimat speran\u0163a c\u0103 participarea delega\u0163iei transnistrene la APCE se va solda cu un \u015fir de alte evenimente relevante \u00een procesul de solu\u0163ionare a problemelor dintre Chi\u015fin\u0103u \u015fi Tiraspol, \u00eendemn\u00e2ndu-i pe reprezentan\u0163ii Parlamentului \u015fi a diploma\u0163iei transnistrene s\u0103 conlucreze \u00een vederea realiz\u0103rii obiectivului de importan\u0163\u0103 \u201ena\u0163ional\u0103\u201d &#8211; recunoa\u015fterea independen\u0163ei Transnistriei.<\/p>\n<p>Sursa:<\/p>\n<p><a href=\"http:\/\/adevarul.ro\/moldova\/politica\/vadim-krasnoselskii-despre-participarea-delagatiei-tirapsol-apce-retorica-nu-s-a-schimbat-vom-vorbi-despre-independenta-video-1_5a587ff6df52022f756ea250\/index.html\">http:\/\/adevarul.ro\/moldova\/politica\/vadim-krasnoselskii-despre-participarea-delagatiei-tirapsol-apce-retorica-nu-s-a-schimbat-vom-vorbi-despre-independenta-video-1_5a587ff6df52022f756ea250\/index.html<\/a><\/p>\n","protected":false},"excerpt":{"rendered":"<p>Liderul de la Tiraspol, Vadim Krasnoselskii, a desf\u0103\u015furat o \u015fedin\u0163\u0103 de lucru joi, 11 ianuarie, cu delega\u0163ia din Transnistria care va participa pe 16 ianuarie, la Paris, la activitatea subcomitetului Adun\u0103rii Parlamentare a Consiliului Europei (APCE) pentru conflicte. Delega\u0163ia respectiv\u0103 va fi condus\u0103 de c\u0103tre a\u015fa-numitul ministru de Externe, Vitalie Ignatiev, \u015fi de c\u0103tre pre\u015fedintele&#8230;<\/p>\n","protected":false},"author":2,"featured_media":0,"comment_status":"closed","ping_status":"open","sticky":false,"template":"","format":"standard","meta":[],"categories":[1],"tags":[],"_links":{"self":[{"href":"https:\/\/centers.ulbsibiu.ro\/ccsprise\/lact\/wp-json\/wp\/v2\/posts\/4042"}],"collection":[{"href":"https:\/\/centers.ulbsibiu.ro\/ccsprise\/lact\/wp-json\/wp\/v2\/posts"}],"about":[{"href":"https:\/\/centers.ulbsibiu.ro\/ccsprise\/lact\/wp-json\/wp\/v2\/types\/post"}],"author":[{"embeddable":true,"href":"https:\/\/centers.ulbsibiu.ro\/ccsprise\/lact\/wp-json\/wp\/v2\/users\/2"}],"replies":[{"embeddable":true,"href":"https:\/\/centers.ulbsibiu.ro\/ccsprise\/lact\/wp-json\/wp\/v2\/comments?post=4042"}],"version-history":[{"count":1,"href":"https:\/\/centers.ulbsibiu.ro\/ccsprise\/lact\/wp-json\/wp\/v2\/posts\/4042\/revisions"}],"predecessor-version":[{"id":4043,"href":"https:\/\/centers.ulbsibiu.ro\/ccsprise\/lact\/wp-json\/wp\/v2\/posts\/4042\/revisions\/4043"}],"wp:attachment":[{"href":"https:\/\/centers.ulbsibiu.ro\/ccsprise\/lact\/wp-json\/wp\/v2\/media?parent=4042"}],"wp:term":[{"taxonomy":"category","embeddable":true,"href":"https:\/\/centers.ulbsibiu.ro\/ccsprise\/lact\/wp-json\/wp\/v2\/categories?post=4042"},{"taxonomy":"post_tag","embeddable":true,"href":"https:\/\/centers.ulbsibiu.ro\/ccsprise\/lact\/wp-json\/wp\/v2\/tags?post=4042"}],"curies":[{"name":"wp","href":"https:\/\/api.w.org\/{rel}","templated":true}]}}