{"id":4038,"date":"2018-01-10T19:48:27","date_gmt":"2018-01-10T17:48:27","guid":{"rendered":"https:\/\/centers.ulbsibiu.ro\/ccsprise\/lact\/?p=4038"},"modified":"2018-01-10T19:48:27","modified_gmt":"2018-01-10T17:48:27","slug":"infotag-md-reprezentantii-transnistriei-vor-participa-la-reuniunea-subcomitetului-apce","status":"publish","type":"post","link":"https:\/\/centers.ulbsibiu.ro\/ccsprise\/lact\/infotag-md-reprezentantii-transnistriei-vor-participa-la-reuniunea-subcomitetului-apce\/","title":{"rendered":"Infotag.md &#8211; REPREZENTAN\u0162II TRANSNISTRIEI VOR PARTICIPA LA REUNIUNEA SUBCOMITETULUI APCE"},"content":{"rendered":"<p>Reprezentan\u0163ii oficiali ai Transnistriei vor participa la reuniunea subcomitetului special al Adun\u0103rii Parlamentare a Consiliului Europei (APCE), dedicat situa\u0163iei \u00een procesul de negocieri pentru reglementarea moldo-transnistrene. Anun\u0163ul a fost f\u0103cut de pre\u015fedintele Sovietului Suprem (SS) al autoproclamatei RMN, Alexandr \u015ecerba.<\/p>\n<p>Potrivit agen\u0163iei INFOTAG cu referire la site-ul organului legislativ al regiunii, subiectul conflictelor \u00eenghe\u0163ate pe continentul european va fi examinat \u201edup\u0103 exemplul rela\u0163iilor dintre Moldova \u015fi Transnistria\u201d.<\/p>\n<p>\u201eEste pentru prima dat\u0103 \u00een ultimii 15 ani c\u00e2nd organul colegial a inclus subiectul transnistrean \u00een ordinea de zi oficial\u0103 a reuniunii\u201d, a men\u0163ionat speakerul.<\/p>\n<p>Potrivit lui, el \u015fi a ministrul de externe, Vitalii Ignatiev, au primit invita\u0163ii personale de la parlamentarii europeni.<\/p>\n<p>\u201eOficialii no\u015ftri vor vorbi \u00een calitate de parte egal\u0103 care reprezint\u0103 interesele locuitorilor republicii noastre. \u00cen prezent se preg\u0103te\u015fte un raport detaliat privind situa\u0163ia \u00een procesul de negocieri \u015fi \u00een Transnistria per ansamblu. Vom putea prezenta o imagine obiectiv\u0103 a rela\u0163iilor noastre cu Moldova. Exist\u0103 speran\u0163a c\u0103 aceasta va fi acceptat\u0103 nep\u0103rtinitor de parlamentarii \u0163\u0103rilor europene. C\u0103ci UE \u0163ine cont de specificul \u015fi particularit\u0103\u0163ile noastre \u00een organizarea comer\u0163ului liber al agen\u0163ilor economici transnistreni care export\u0103 produse pe continentul european\u201d, a spus \u015ecerba.<\/p>\n<p>El \u015fi-a exprimat speran\u0163a c\u0103 \u201evor urma avize pozitive dup\u0103 dezbaterea problemei transnistrene \u00een Parlamentul European\u201d.<\/p>\n<p>Sursa:<\/p>\n<p><a href=\"http:\/\/www.infotag.md\/rebelion-ro\/257778\/\">http:\/\/www.infotag.md\/rebelion-ro\/257778\/<\/a><\/p>\n","protected":false},"excerpt":{"rendered":"<p>Reprezentan\u0163ii oficiali ai Transnistriei vor participa la reuniunea subcomitetului special al Adun\u0103rii Parlamentare a Consiliului Europei (APCE), dedicat situa\u0163iei \u00een procesul de negocieri pentru reglementarea moldo-transnistrene. Anun\u0163ul a fost f\u0103cut de pre\u015fedintele Sovietului Suprem (SS) al autoproclamatei RMN, Alexandr \u015ecerba. Potrivit agen\u0163iei INFOTAG cu referire la site-ul organului legislativ al regiunii, subiectul conflictelor \u00eenghe\u0163ate pe&#8230;<\/p>\n","protected":false},"author":2,"featured_media":0,"comment_status":"closed","ping_status":"open","sticky":false,"template":"","format":"standard","meta":[],"categories":[1],"tags":[],"_links":{"self":[{"href":"https:\/\/centers.ulbsibiu.ro\/ccsprise\/lact\/wp-json\/wp\/v2\/posts\/4038"}],"collection":[{"href":"https:\/\/centers.ulbsibiu.ro\/ccsprise\/lact\/wp-json\/wp\/v2\/posts"}],"about":[{"href":"https:\/\/centers.ulbsibiu.ro\/ccsprise\/lact\/wp-json\/wp\/v2\/types\/post"}],"author":[{"embeddable":true,"href":"https:\/\/centers.ulbsibiu.ro\/ccsprise\/lact\/wp-json\/wp\/v2\/users\/2"}],"replies":[{"embeddable":true,"href":"https:\/\/centers.ulbsibiu.ro\/ccsprise\/lact\/wp-json\/wp\/v2\/comments?post=4038"}],"version-history":[{"count":1,"href":"https:\/\/centers.ulbsibiu.ro\/ccsprise\/lact\/wp-json\/wp\/v2\/posts\/4038\/revisions"}],"predecessor-version":[{"id":4039,"href":"https:\/\/centers.ulbsibiu.ro\/ccsprise\/lact\/wp-json\/wp\/v2\/posts\/4038\/revisions\/4039"}],"wp:attachment":[{"href":"https:\/\/centers.ulbsibiu.ro\/ccsprise\/lact\/wp-json\/wp\/v2\/media?parent=4038"}],"wp:term":[{"taxonomy":"category","embeddable":true,"href":"https:\/\/centers.ulbsibiu.ro\/ccsprise\/lact\/wp-json\/wp\/v2\/categories?post=4038"},{"taxonomy":"post_tag","embeddable":true,"href":"https:\/\/centers.ulbsibiu.ro\/ccsprise\/lact\/wp-json\/wp\/v2\/tags?post=4038"}],"curies":[{"name":"wp","href":"https:\/\/api.w.org\/{rel}","templated":true}]}}