{"id":4036,"date":"2018-01-10T19:46:48","date_gmt":"2018-01-10T17:46:48","guid":{"rendered":"https:\/\/centers.ulbsibiu.ro\/ccsprise\/lact\/?p=4036"},"modified":"2018-01-10T19:46:48","modified_gmt":"2018-01-10T17:46:48","slug":"unimedia-md-cristina-lesnic-noul-vicepremier-pentru-reintegrare-anunta-cand-vor-avea-loc-urmatoarele-intrevederi-si-care-sunt-obiectivele-mandatului-sau","status":"publish","type":"post","link":"https:\/\/centers.ulbsibiu.ro\/ccsprise\/lact\/unimedia-md-cristina-lesnic-noul-vicepremier-pentru-reintegrare-anunta-cand-vor-avea-loc-urmatoarele-intrevederi-si-care-sunt-obiectivele-mandatului-sau\/","title":{"rendered":"Unimedia.md &#8211; Cristina Lesnic, noul vicepremier pentru reintegrare, anun\u021b\u0103 c\u00e2nd vor avea loc urm\u0103toarele \u00eentrevederi \u0219i care sunt obiectivele mandatului s\u0103u"},"content":{"rendered":"<p>Urm\u0103toarea \u00eentrevedere cu reprezentan\u021bi politici a noului vicepremier pentru reintegrare, Cristina Lesnic, va fi s\u0103pt\u0103m\u00e2na urm\u0103toare, \u00een Paris, unde va avea loc<strong>\u00a0<\/strong>Adunarea Parlamentar\u0103 a Consiliului Europei\u00a0(APCE).<\/p>\n<div class=\"col-xs-12 article-image-container\"><img class=\"img-responsive\" src=\"http:\/\/st.unimedia.info\/content\/news\/big\/video-cristina-lesnic--nou-vicepremier-pentru-reintegrare--anunta-cand-vor-avea-loc-urmatoarele-intrevederi-si-care-sunt-obiectivele-mandatului-sau-1515596349.jpg\" alt=\"(video) Cristina Lesnic, noul vicepremier pentru reintegrare, anun\u021b\u0103 c\u00e2nd vor avea loc urm\u0103toarele \u00eentrevederi \u0219i care sunt obiectivele mandatului s\u0103u\" \/><\/p>\n<h6 class=\"caption\"><i class=\"fa fa-camera\" aria-hidden=\"true\"><\/i> <em>(Foto: UNIMEDIA)<\/em><\/h6>\n<\/div>\n<div class=\"col-xs-12 article-body-container\">\n<p>Obiectivul imediat urm\u0103tor al noului vicepremier va fi implementarea \u00een\u021belegerilor f\u0103cute p\u00e2n\u0103 acum, a declarat Cristina Lesnic, care ast\u0103zi a fost \u00eenvestit\u0103 \u00een func\u021bie.<\/p>\n<p>&#8220;Anul precedent a fost un an cheie, \u00een care au fost semnate aceste documente. \u00cen etapa urm\u0103toare vom elabora o agend\u0103 de implementare&#8221;, a spus Cristina Lesnic.<\/p>\n<p>&#8220;Vom fi concentra\u021bi pe pa\u0219i mici, pentru c\u0103 nu putem rezolva deodat\u0103 totul. Prezen\u021ba mass-mediei la consult\u0103ri, asigurarea vizibilit\u0103\u021bii, vor fi unul dintre atuurile principale pe care vreau s\u0103 mi le asum \u00een cadrul acestei activit\u0103\u021bi&#8221;, a mai men\u021bionat vicepremierul.<\/p>\n<p>Sursa:<\/p>\n<p><a href=\"http:\/\/unimedia.info\/stiri\/-145957.html\">http:\/\/unimedia.info\/stiri\/-145957.html<\/a><\/p>\n<\/div>\n","protected":false},"excerpt":{"rendered":"<p>Urm\u0103toarea \u00eentrevedere cu reprezentan\u021bi politici a noului vicepremier pentru reintegrare, Cristina Lesnic, va fi s\u0103pt\u0103m\u00e2na urm\u0103toare, \u00een Paris, unde va avea loc\u00a0Adunarea Parlamentar\u0103 a Consiliului Europei\u00a0(APCE). (Foto: UNIMEDIA) Obiectivul imediat urm\u0103tor al noului vicepremier va fi implementarea \u00een\u021belegerilor f\u0103cute p\u00e2n\u0103 acum, a declarat Cristina Lesnic, care ast\u0103zi a fost \u00eenvestit\u0103 \u00een func\u021bie. &#8220;Anul precedent a&#8230;<\/p>\n","protected":false},"author":2,"featured_media":0,"comment_status":"closed","ping_status":"open","sticky":false,"template":"","format":"standard","meta":[],"categories":[1],"tags":[],"_links":{"self":[{"href":"https:\/\/centers.ulbsibiu.ro\/ccsprise\/lact\/wp-json\/wp\/v2\/posts\/4036"}],"collection":[{"href":"https:\/\/centers.ulbsibiu.ro\/ccsprise\/lact\/wp-json\/wp\/v2\/posts"}],"about":[{"href":"https:\/\/centers.ulbsibiu.ro\/ccsprise\/lact\/wp-json\/wp\/v2\/types\/post"}],"author":[{"embeddable":true,"href":"https:\/\/centers.ulbsibiu.ro\/ccsprise\/lact\/wp-json\/wp\/v2\/users\/2"}],"replies":[{"embeddable":true,"href":"https:\/\/centers.ulbsibiu.ro\/ccsprise\/lact\/wp-json\/wp\/v2\/comments?post=4036"}],"version-history":[{"count":1,"href":"https:\/\/centers.ulbsibiu.ro\/ccsprise\/lact\/wp-json\/wp\/v2\/posts\/4036\/revisions"}],"predecessor-version":[{"id":4037,"href":"https:\/\/centers.ulbsibiu.ro\/ccsprise\/lact\/wp-json\/wp\/v2\/posts\/4036\/revisions\/4037"}],"wp:attachment":[{"href":"https:\/\/centers.ulbsibiu.ro\/ccsprise\/lact\/wp-json\/wp\/v2\/media?parent=4036"}],"wp:term":[{"taxonomy":"category","embeddable":true,"href":"https:\/\/centers.ulbsibiu.ro\/ccsprise\/lact\/wp-json\/wp\/v2\/categories?post=4036"},{"taxonomy":"post_tag","embeddable":true,"href":"https:\/\/centers.ulbsibiu.ro\/ccsprise\/lact\/wp-json\/wp\/v2\/tags?post=4036"}],"curies":[{"name":"wp","href":"https:\/\/api.w.org\/{rel}","templated":true}]}}