{"id":4034,"date":"2018-01-10T09:30:09","date_gmt":"2018-01-10T07:30:09","guid":{"rendered":"https:\/\/centers.ulbsibiu.ro\/ccsprise\/lact\/?p=4034"},"modified":"2020-06-12T18:32:08","modified_gmt":"2020-06-12T16:32:08","slug":"europalibera-org-oazu-nantoi-nu-ma-voi-mira-daca-compania-sheriff-va-avea-si-deputati-in-parlamentul-republicii-moldova","status":"publish","type":"post","link":"https:\/\/centers.ulbsibiu.ro\/ccsprise\/lact\/europalibera-org-oazu-nantoi-nu-ma-voi-mira-daca-compania-sheriff-va-avea-si-deputati-in-parlamentul-republicii-moldova\/","title":{"rendered":"Europalibera.org &#8211; Oazu Nantoi: \u201eNu m\u0103 voi mira dac\u0103 compania Sheriff va avea \u0219i deputa\u021bi \u00een Parlamentul Republicii Moldova\u201d"},"content":{"rendered":"<p>Anul 2018 \u0219i perspectiva reglement\u0103rii conflictului transnistrean \u2013 \u00een dialog cu directorul de programe de la Institutul pentru Politici Publice din Chi\u0219in\u0103u.<\/p>\n<div>\n<div class=\"wsw\">\n<p><em>Anul 2017 s-a \u00eencheiat cu aprecieri din partea OSCE pentru Moldova despre \u00een\u021belegerile agreate cu Tiraspolul, \u00een\u021belegeri menite s\u0103 \u00eent\u0103reasc\u0103 \u00eencrederea \u00eentre Chi\u015fin\u0103u \u0219i Tiraspol. Ce \u0219anse sunt ca aceste \u00een\u021belegeri \u2013 care nu s-au putut face ani \u0219i ani de zile &#8211; s\u0103 duc\u0103 chiar la rezultate concrete \u00een rezolvarea conflictului transnistrean? Valentina Ursu a stat de vorba cu analistul politic Oazu Nantoi, director de programe la Institutul pentru Politici Publice, despre acest subiect \u0219i \u201eprovoc\u0103rile\u201d anului 2018.<\/em><\/p>\n<p><strong>Europa Liber\u0103: Anul 2018 este un an electoral. Se poate vorbi despre un deznod\u0103m\u00e2nt pentru conflictul transnistrean din moment ce autorit\u0103\u021bile \u00een 2017 s-au ar\u0103tat mul\u021bumite de evolu\u021biile pe marginea dosarului transnistrean?<\/strong><\/p>\n<p><strong>Oazu Nantoi: <\/strong>\u201eFaptul c\u0103 autorit\u0103\u021bile s-au ar\u0103tat a fi mul\u021bumite, aceasta deloc nu \u00eenseamn\u0103 c\u0103 pretinsele evolu\u021bii le-au resim\u021bit \u00een sens pozitiv cet\u0103\u021benii Republicii Moldova din st\u00e2nga Nistrului. Totodat\u0103, ceea ce numim noi evolu\u021bii nu ne-a apropiat nici cu un milimetru de problema solu\u021bion\u0103rii conflictului. Dac\u0103 ne g\u00e2ndim la varianta de solu\u021bionare a conflictului prin crearea unui stat democratic, func\u021bional \u0219i viabil, protejat de orice manifest\u0103ri de separatism pe \u00eentreg teritoriul \u021b\u0103rii. \u0218i \u00een situa\u021bia \u00een care anul 2018 este un an electoral \u0219i nu numai la noi, dar \u0219i \u00een Rusia, cu toate c\u0103 acolo despre alegeri nu e vorba, ci de reconfirm\u0103ri, \u00een situa\u021bia c\u00e2nd Ucraina \u00een anul 2018 va \u00eencepe s\u0103 se g\u00e2ndeasc\u0103 \u0219i ea la alegerile din 2019, preziden\u021biale \u0219i \u00een Rada Suprem\u0103, deci nu exist\u0103 motive pentru optimism \u00een ceea ce prive\u0219te solu\u021bionarea conflictului. Eu, cel pu\u021bin, nu am \u00een vedere alipirea mecanic\u0103 a dou\u0103 nenorociri, ci crearea unui stat de drept, func\u021bional pe \u00eentreg teritoriul Moldovei. Or, la noi \u00een Republica Moldova, nimeni din politicieni nu \u00eencearc\u0103 \u0219i nici nu este capabil s\u0103 g\u00e2ndeasc\u0103 \u0219i s\u0103 abordeze aceast\u0103 problem\u0103 \u00eentr-o asemenea manier\u0103.\u201d<\/p>\n<p><strong>Europa Liber\u0103: Guvernan\u021bii ar putea s\u0103 v\u0103 repro\u0219eze \u0219i s\u0103 v\u0103 spun\u0103 c\u0103 totu\u0219i se \u00eentreprind pa\u0219i mici pentru a ajunge la rezolvarea problemei mari, la acordarea unui statut regiunii din st\u00e2nga Nistrului. \u0218i pa\u0219ii mici au \u00eensemnat acele patru protocoale care au fost semnate de c\u0103tre negociatorii-\u0219efi din partea Chi\u0219in\u0103ului \u0219i Tiraspolului. Iat\u0103, dup\u0103 iarn\u0103 vine prim\u0103vara, opinia public\u0103 va vedea dac\u0103 fermierii vor avea acces la terenurile lor, se va cunoa\u0219te poate mai \u00een detaliu dac\u0103 \u0219colile cu predare \u00een grafie latin\u0103 \u00ee\u0219i pot continua activitatea \u00een lini\u0219te \u0219i pace s-au mai f\u0103cut pa\u0219i, negocieri \u0219i pe marginea unific\u0103rii sistemului de telecomunica\u021bii, s-a redeschis podul de la Gura B\u00e2cului. Asta \u00eenseamn\u0103 c\u0103 se mi\u0219c\u0103 carul din loc?<\/strong><\/p>\n<p><strong>Oazu Nantoi: <\/strong>\u201eC\u00e2nd nou\u0103 ni se vorbe\u0219te despre pa\u0219ii mici, nu ni se spune \u00een ce direc\u021bie au fost orienta\u021bi acei pa\u0219i \u0219i c\u00e2nd se va ajunge la solu\u021bionarea conflictului, nu prin atribuirea statutului juridic special, ci prin crearea unui stat func\u021bional \u00een care cet\u0103\u021benii Republicii Moldova s\u0103 aib\u0103 acelea\u0219i drepturi \u0219i posibilit\u0103\u021bi pe \u00eentreg teritoriul \u021b\u0103rii. Noi avem Autonomia G\u0103g\u0103uz\u0103, durere de cap pentru cei care au cap, dar asta deloc nu \u00eenseamn\u0103 c\u0103 aceasta poate fi model pentru a\u0219a-zisa Transnistrie \u0219i nemaivorbind de faptul c\u0103 Federa\u021bia Rus\u0103 nicidecum nu dore\u0219te s\u0103-\u0219i evacueze trupele \u0219i nicio persoan\u0103 de la guvernare nici nu \u00eencearc\u0103 s\u0103-\u0219i formuleze \u00eentrebarea: care sunt acele condi\u021bii cu condi\u021bia respect\u0103rii c\u0103rora Federa\u021bia Rus\u0103 \u00ee\u0219i va evacua trupele? Prin urmare, noi avem de-a face cu un spectacol dezgust\u0103tor, provincial, care nu prezint\u0103 interes pentru nimeni, \u00een primul r\u00e2nd, spre regret pentru cet\u0103\u021benii Republicii Moldova, care se intereseaz\u0103 cum s\u0103 fug\u0103 din aceast\u0103 \u021bar\u0103 \u0219i anul 2018 nu ne promite nou\u0103 nimic pozitiv, \u00een afara faptului c\u0103 businessul din st\u00e2nga Nistrului profit\u0103 de prevederile Acordului de Asociere. Cred c\u0103 asta-i demagogie.\u201d<\/p>\n<p><strong>Europa Liber\u0103: V\u0103 \u00eentrebam despre acele patru acorduri care au fost semnate \u0219i impactul lor pentru cet\u0103\u021beni.<\/strong><\/p>\n<p><strong>Oazu Nantoi: <\/strong>\u201eDin c\u00e2te \u0219tiu eu, o bun\u0103 parte din loturile de p\u0103m\u00e2nt sunt prelucrate de al\u021bi agen\u021bi economici, \u0219i nu de pretin\u0219ii fermieri moldoveni. Deci, acolo va fi o problem\u0103 mare. Eu n-am \u00een\u021beles nimic din protocolul privind interconexiunea re\u021belelor de telefonie, deoarece acolo se cere fie schimbarea legisla\u021biei Republicii Moldova, dar noi \u00eenc\u0103 n-am v\u0103zut niciun proiect de lege, fie renun\u021barea din partea companiei \u201eInterDnestrcom\u201d la orice preten\u021bie, ceea ce iar\u0103\u0219i nu vedem. Prin urmare, despre pod v\u0103 rog s\u0103 nu-mi spune\u021bi nimic din moment ce niciun deputat din Parlament nu poate trece pe acel pod f\u0103r\u0103 permisiunea a\u0219a-zi\u0219ilor gr\u0103niceri din st\u00e2nga Nistrului, a\u0219a c\u0103 toate acestea sunt un bluf care a convenit birocra\u021biei de la OSCE, dar care face parte din procesul de degradare a proiectului de statalitate a Republicii Moldova.\u201d<\/p>\n<p><strong>Europa Liber\u0103: Ce ar mai putea s\u0103 \u00eentreprind\u0103 autorit\u0103\u021bile de la Tiraspol, liderii de acolo, cu cine vor mai negocia \u0219i ce pofte vor mai avea \u00een acest an 2018?<\/strong><\/p>\n<p><strong>Oazu Nantoi: <\/strong>\u201eAtunci c\u00e2nd eu citesc \u0219tirile \u0219i articolele publicate, de exemplu, \u00een Rusia, acolo c\u00e2nd sunt men\u021bionate ni\u0219te organiza\u021bii, \u00een parantez\u0103 este specificat \u201eorganiza\u021bia este interzis\u0103 \u00een Federa\u021bia Rus\u0103\u201d. C\u00e2nd noi vorbim despre malul st\u00e2ng \u0219i eu aflu cum c\u0103 pre\u0219edintele Republicii Moldova inten\u021bioneaz\u0103 s\u0103-i decoreze pe a\u0219a-zi\u0219ii pacificatori, inclusiv ru\u0219i&#8230;\u201d<\/p>\n<p><strong>Europa Liber\u0103: Ceea ce nu s-a \u00eent\u00e2mplat&#8230;<\/strong><\/p>\n<p><strong>Oazu Nantoi: <\/strong>\u201eNu s-a \u00eent\u00e2mplat, deoarece Krasnoselski l-a trimis din momentul \u00een care Rogozin n-a fost acceptat s\u0103 participe la spectacolul acela cu festivit\u0103\u021bi. V\u0103 rog s\u0103 l\u0103sa\u021bi cuvintele intacte, unde l-a trimis Krasnoselski pe Igor Dodon, c\u00e2nd noi vedem c\u0103 agen\u021bii economici din st\u00e2nga Nistrului profit\u0103 de orice \u00eenlesniri din partea Uniunii Europene, f\u0103r\u0103 ca s\u0103 pl\u0103teasc\u0103 impozite \u00een bugetul na\u021bional al Republicii Moldova, c\u00e2nd noi vedem c\u0103 s-a restabilit schema nu c\u0103 obscur\u0103, dar criminal\u0103, de livrare a energiei electrice de pe malul st\u00e2ng de la Cuciurgan, centrala termoelectric\u0103 Cuciurgan privatizat\u0103 ilegal de compania ruseasc\u0103 \u201eInter RAO-EES\u201d \u0219i noi, cet\u0103\u021benii Republicii Moldova, pl\u0103tind pentru curentul electric, \u00eentre\u021binem acest regim ilegal \u0219i anticonstitu\u021bional, atunci a\u0219a-zi\u0219ii lideri sau autorit\u0103\u021bi din st\u00e2nga Nistrului au toate motivele \u00een continuare s\u0103-\u0219i bat\u0103 joc de noi, cum \u0219i-a b\u0103tut joc de noi \u0218evciuk \u0219i so\u021bia lui Nina \u0218tanski, care au trecut pe malul drept \u0219i au plecat \u00een Rusia. Deci, f\u0103r\u0103 ca s\u0103 se team\u0103 c\u0103 justi\u021bia moldoveneasc\u0103 o s\u0103 pun\u0103 m\u00e2na pe ei \u0219i o s\u0103-i bage la pu\u0219c\u0103rie pentru uzurparea puterii.\u201d<\/p>\n<p><strong>Europa Liber\u0103: \u0218i atunci, Dvs. l\u0103sa\u021bi s\u0103 se \u00een\u021beleag\u0103 c\u0103 autorit\u0103\u021bile de acolo vor continua s\u0103 fac\u0103 ceea ce au f\u0103cut pe parcursul a 26 de ani?<\/strong><\/p>\n<p><strong>Oazu Nantoi: <\/strong>\u201eNu, eu afirm c\u0103 ei se vor comporta \u00eentr-o manier\u0103 obraznic\u0103, cinic\u0103, \u0219tiind c\u00e2t cost\u0103 fiecare ales \u00een parte de pe malul drept al Nistrului \u00een numerar \u0219i membrii Guvernului de la Chi\u0219in\u0103u, deoarece cei de la Tiraspol sunt parteneri de business cu cei de pe malul drept al Nistrului. R\u0103m\u00e2n mai multe semne de \u00eentrebare vizavi de Ucraina, care e \u00een r\u0103zboi cu Rusia, dar banii nu miroase, a\u0219a c\u0103&#8230;\u201d<\/p>\n<p><strong>Europa Liber\u0103: Dar semnele astea de \u00eentrebare din partea Kievului le atribui\u021bi c\u0103ror aspecte?<\/strong><\/p>\n<p><strong>Oazu Nantoi: <\/strong>\u201e\u00cen primul r\u00e2nd, \u00eenainte de a atribui \u00eentreb\u0103ri Kievului, eu am foarte multe \u00eentreb\u0103ri f\u0103r\u0103 r\u0103spuns sau cu r\u0103spunsuri clare din partea Chi\u0219in\u0103ului. \u0218i din momentul \u00een care Chi\u0219in\u0103ul nu dore\u0219te solu\u021bionarea conflictului, eu nu am niciun motiv s\u0103 repro\u0219ez ceva Kievului sau lui Trump, care nu va afla unde se afl\u0103 Republica Moldova, sau Uniunii Europene care-\u0219i are problemele ei.\u201d<\/p>\n<p><strong>Europa Liber\u0103: Deci, r\u0103m\u00e2ne\u021bi tot at\u00e2t de pesimist cum a\u021bi fost \u0219i p\u00e2n\u0103 acum?<\/strong><\/p>\n<p><strong>Oazu Nantoi: <\/strong>\u201eNu, de ce? Eu nu pesimist, eu realist sunt.\u201d<\/p>\n<p><strong>Europa Liber\u0103: Dar se vor face eforturi ca s\u0103 se continue aceste negocieri \u00een formatul \u201e5+2\u201d?<\/strong><\/p>\n<p><strong>Oazu Nantoi: <\/strong>\u201eNu, nu, nu, nu&#8230; \u00cen primul r\u00e2nd, ceea ce se nume\u0219te formatul \u201e5+2\u201d: a) nu se nume\u0219te \u201enegocieri\u201d, ci este consf\u0103tuirea permanent\u0103 pe chestiuni politice \u00een cadrul reglement\u0103rii conflictului transnistrean. Asta-i una la m\u00e2n\u0103; b) \u00een februarie 2018 se vor \u00eemplini 16 ani de la momentul acestui instituirii acestui format \u0219i \u00een cadrul acestui format nu s-a ob\u021binut nimic, dar chiar nimic \u00een direc\u021bia solu\u021bion\u0103rii politice a conflictului. Prin urmare, trebuie s\u0103 fii idiot ca s\u0103 te a\u0219tep\u021bi de la acest format la solu\u021bionarea conflictului.<\/p>\n<p>A\u0219a-zisul format este o b\u0103taie de joc, este o sfidare a demnit\u0103\u021bii de cet\u0103\u021bean, care, ce-i drept, nici nu se prea reg\u0103se\u0219te pe meleagurile noastre din momentul \u00een care cei cu un dram de demnitate fug din \u021bara asta. Cet\u0103\u021benii demult s-au \u00eemp\u0103cat, inclusiv s-au \u00eemp\u0103cat cu g\u00e2ndul c\u0103 cei care au luptat pentru integritatea teritorial\u0103 \u0219i suveranitatea Moldovei \u0219i au murit, deci, au murit pe degeaba \u0219i \u00een fiecare an la 2 martie la Chi\u0219in\u0103u se organizeaz\u0103 un spectacol dezgust\u0103tor cu participarea politicienilor care mimeaz\u0103 preocuparea de soarta celor caue au luptat, dar societatea \u00een general de mult s-a&#8230;\u201d<\/p>\n<p><strong>Europa Liber\u0103: &#8230;\u00eemp\u0103cat cu g\u00e2ndul?<\/strong><\/p>\n<p><strong>Oazu Nantoi: <\/strong>\u201eDa, cu g\u00e2ndul c\u0103 undeva exist\u0103 un conflict \u0219i cineva se ocup\u0103 de rezolvarea lui, dar nimeni \u00een realitate nu este preocupat de aceast\u0103 problem\u0103, chiar dac\u0103 nesolu\u021bionarea conflictului pune cruce pe orice perspectiv\u0103 european\u0103 a Republicii Moldova.\u201d<\/p>\n<p><strong>Europa Liber\u0103: Dar la alegerile parlamentare activismul cet\u0103\u021benilor din st\u00e2nga Nistrului va fi&#8230;<\/strong><\/p>\n<p><strong>Oazu Nantoi: <\/strong>\u201eAceste \u00eentreb\u0103ri trebuie s\u0103 fie adresate domnilor Dodon \u0219i Plahotniuc. Ei au promovat aceste&#8230;\u201d<\/p>\n<p><strong>Europa Liber\u0103: Dar cum crede\u021bi, vor participa cet\u0103\u021benii de acolo la scrutinul din toamn\u0103?<\/strong><\/p>\n<p><strong>Oazu Nantoi: <\/strong>\u201eEu \u0219tiu c\u0103&#8230; Sigur c\u0103 vor participa, sigur c\u0103 vor participa \u0219i eu nu m\u0103 voi mira dac\u0103 compania \u201eSheriff\u201d va avea nu numai 43 de deputa\u021bi \u00een a\u0219a-zisul soviet suprem, dar va avea \u0219i deputa\u021bi \u00een Parlamentul Republicii Moldova.\u201d<\/p>\n<p>Sursa:<\/p>\n<p><a href=\"https:\/\/www.europalibera.org\/a\/interviu-oazu-nantoi-conflictul-transnistrean-2018\/28965516.html\">https:\/\/www.europalibera.org\/a\/interviu-oazu-nantoi-conflictul-transnistrean-2018\/28965516.html<\/a><\/p>\n<\/div>\n<\/div>\n","protected":false},"excerpt":{"rendered":"<p>Anul 2018 \u0219i perspectiva reglement\u0103rii conflictului transnistrean \u2013 \u00een dialog cu directorul de programe de la Institutul pentru Politici Publice din Chi\u0219in\u0103u. Anul 2017 s-a \u00eencheiat cu aprecieri din partea OSCE pentru Moldova despre \u00een\u021belegerile agreate cu Tiraspolul, \u00een\u021belegeri menite s\u0103 \u00eent\u0103reasc\u0103 \u00eencrederea \u00eentre Chi\u015fin\u0103u \u0219i Tiraspol. Ce \u0219anse sunt ca aceste \u00een\u021belegeri \u2013 care&#8230;<\/p>\n","protected":false},"author":2,"featured_media":0,"comment_status":"closed","ping_status":"open","sticky":false,"template":"","format":"standard","meta":[],"categories":[1],"tags":[],"_links":{"self":[{"href":"https:\/\/centers.ulbsibiu.ro\/ccsprise\/lact\/wp-json\/wp\/v2\/posts\/4034"}],"collection":[{"href":"https:\/\/centers.ulbsibiu.ro\/ccsprise\/lact\/wp-json\/wp\/v2\/posts"}],"about":[{"href":"https:\/\/centers.ulbsibiu.ro\/ccsprise\/lact\/wp-json\/wp\/v2\/types\/post"}],"author":[{"embeddable":true,"href":"https:\/\/centers.ulbsibiu.ro\/ccsprise\/lact\/wp-json\/wp\/v2\/users\/2"}],"replies":[{"embeddable":true,"href":"https:\/\/centers.ulbsibiu.ro\/ccsprise\/lact\/wp-json\/wp\/v2\/comments?post=4034"}],"version-history":[{"count":1,"href":"https:\/\/centers.ulbsibiu.ro\/ccsprise\/lact\/wp-json\/wp\/v2\/posts\/4034\/revisions"}],"predecessor-version":[{"id":4035,"href":"https:\/\/centers.ulbsibiu.ro\/ccsprise\/lact\/wp-json\/wp\/v2\/posts\/4034\/revisions\/4035"}],"wp:attachment":[{"href":"https:\/\/centers.ulbsibiu.ro\/ccsprise\/lact\/wp-json\/wp\/v2\/media?parent=4034"}],"wp:term":[{"taxonomy":"category","embeddable":true,"href":"https:\/\/centers.ulbsibiu.ro\/ccsprise\/lact\/wp-json\/wp\/v2\/categories?post=4034"},{"taxonomy":"post_tag","embeddable":true,"href":"https:\/\/centers.ulbsibiu.ro\/ccsprise\/lact\/wp-json\/wp\/v2\/tags?post=4034"}],"curies":[{"name":"wp","href":"https:\/\/api.w.org\/{rel}","templated":true}]}}